{"id":1034,"date":"2021-03-11T11:43:08","date_gmt":"2021-03-11T10:43:08","guid":{"rendered":"https:\/\/www.monapart.com\/magazine\/?p=1034"},"modified":"2025-06-20T16:49:54","modified_gmt":"2025-06-20T14:49:54","slug":"interview-on-how-to-create-stories","status":"publish","type":"post","link":"https:\/\/www.monapart.com\/magazine\/en\/hogar\/entrevista-como-crear-historias","title":{"rendered":"Reconnecting city and nature: Interview with \u2018c\u00f3mo crear historias\u2019"},"content":{"rendered":"<h1 class=\"wp-block-heading\">Reconnecting city and nature: Interview with \u2018c\u00f3mo crear historias\u2019<\/h1>\n\n\n\n<h2 class=\"wp-block-heading\">In this interview they share with us in detail their creative process and their concept of \u00abregenerative design\u00bb.<\/h2>\n\n\n<div class='post-info'>11 March 2021 by <a href='https:\/\/www.monapart.com\/magazine\/en\/autor\/monapart'>Monapart<\/a><\/div>\n\n\n\n<p class=\"wp-block-paragraph\">If you put an architect, a psychologist, a landscape designer, a biologist and a designer into a shaker, the result wouldn't be a joke, but quite the opposite. The tandem formed by <a href=\"https:\/\/www.linkedin.com\/in\/monicagarciafernandez-comocrearhistorias\/\" target=\"_blank\" rel=\"noopener\">Monica<\/a> y <a href=\"https:\/\/www.linkedin.com\/in\/javier-rubio-montero-1aa252b0\/\" target=\"_blank\" rel=\"noopener\">Javier<\/a>, the minds at the forefront of <a href=\"https:\/\/comocrearhistorias.com\/\" target=\"_blank\" rel=\"noopener\">\u2018how to create stories\u2019<\/a>, uniquely combining the urban and the rural, creates narratives that always put people and their needs at the centre, resulting in inclusive and sustainable architectural projects that manage to make the absolute most of their environments. <\/p>\n\n\n\n<figure class=\"wp-block-image\"><img decoding=\"async\" src=\"https:\/\/www.monapart.com\/sites\/default\/files\/styles\/scale_960xn_\/public\/mediabrowser\/01-entrevista-como-crear-historias-monapart.jpg?itok=CJckr4tL\" alt=\"Reconnecting city and nature: Interview with &#039;c\u00f3mo crear historias&#039; | Monapart\" title=\"&#039;How to Create Stories&#039; interview&#039;\"\/><\/figure>\n\n\n\n<p class=\"wp-block-paragraph\">Photo: \u00a9 Craus Fotograf\u00edas<\/p>\n\n\n\n<h5 class=\"wp-block-heading has-medium-font-size\">Tell us about yourselves and your work. Where did your vocation begin? Any first memories?<\/h5>\n\n\n\n<p class=\"wp-block-paragraph\">Our architecture and landscape practice, \u2018c\u00f3mo crear historias\u2019 (<a href=\"https:\/\/www.instagram.com\/comocrearhistorias\/\" target=\"_blank\" rel=\"noopener\">@comocrearhistorias<\/a> (on Instagram), it was born 19 years ago. We are called that because our projects generate experiences and are themselves told as stories where the protagonists of the spaces are people along with other living beings and their environment. We are conditioned by the city and the environment in which we live because it largely determines our relationships, our wellbeing and our creativity.<\/p>\n\n\n\n<p class=\"wp-block-paragraph\">Right from the start, we realised that what we are most passionate about, alongside architecture and storytelling, is landscape; natural processes; the integration of nature into the built environment and vice versa; its connection with people and other living things; the wellbeing they generate and their ability to stimulate creativity. What we do is create places that integrate nature-based solutions, naturalising spaces with people and other living things in mind through biophilia. In short, we do regenerative design.<\/p>\n\n\n\n<p class=\"wp-block-paragraph\">Our interest in these issues arises from four needs: creativity; contact with nature; care and mutual support among living beings, as well as the mitigation of and adaptation to climate change; and the incorporation of the circular economy into projects.<\/p>\n\n\n\n<h5 class=\"wp-block-heading has-medium-font-size\">What do you find most satisfying about your work, and is there anything you are particularly proud of?<\/h5>\n\n\n\n<p class=\"wp-block-paragraph\">The act of creation itself is very satisfying, as is being able to link it to the landscape, the people and other living beings that inhabit spaces, whether indoors or outdoors. From the early moments when everything is possible, through the research process that precedes every project, the exciting initial ideas, the final delivery and seeing how it grows when inhabited.<\/p>\n\n\n\n<p class=\"wp-block-paragraph\">Every project has a piece of us. Some have been more intense than others. The one that has left a big mark on us is \u201c<a href=\"https:\/\/comocrearhistorias.com\/proyecto\/la-misteriosa-historia-del-jardin-que-produce-agua\/\" target=\"_blank\" rel=\"noopener\">The mysterious story of the garden that produces water<\/a>\".<\/p>\n\n\n\n<figure class=\"wp-block-image\"><img decoding=\"async\" src=\"https:\/\/www.monapart.com\/sites\/default\/files\/styles\/scale_960xn_\/public\/mediabrowser\/02-entrevista-como-crear-historias-monapart.jpg?itok=4GYxriQw\" alt=\"Reconnecting city and nature: Interview with &#039;c\u00f3mo crear historias&#039; | Monapart\" title=\"Interview on how to create stories\"\/><\/figure>\n\n\n\n<p class=\"wp-block-paragraph\">Photo: \u00a9 David Frutos<\/p>\n\n\n\n<p class=\"wp-block-paragraph\">This place was a great void, a wound at the back of the upper area of Ceheg\u00edn. Through an urban renaturalisation process, we alleviated a major disconnection in the old town. We created a public space from which a vertical and horizontal garden springs, where flora attracts fauna, bringing biodiversity to the surroundings. With the help of riparian plants, we purify the dirty water generated in the upper part of the municipality. We thus obtain water suitable for irrigating the garden.<\/p>\n\n\n\n<p class=\"wp-block-paragraph\">We are giving back the natural paths to walkers, the <em>desire paths<\/em>, making it possible to enjoy a sea of Murcian rooftops and market gardens. We even hide, in a pocket of the promenade, a building that houses a business incubator, a coworking space with shared offices where initiatives emerge whose creativity is stimulated by this fantastic created environment.<\/p>\n\n\n\n<p class=\"wp-block-paragraph\">Creating this space, seeing it work and having the people who enjoy it appreciate it and even thank you for it makes all the years of invested work worthwhile.<\/p>\n\n\n\n<figure class=\"wp-block-image\"><img decoding=\"async\" src=\"https:\/\/www.monapart.com\/sites\/default\/files\/styles\/scale_960xn_\/public\/mediabrowser\/03-entrevista-como-crear-historias-monapart.jpg?itok=nNiXDuZQ\" alt=\"Reconnecting city and nature: Interview with &#039;c\u00f3mo crear historias&#039; | Monapart\" title=\"interview-how-to-create-monapart-stories\"\/><\/figure>\n\n\n\n<p class=\"wp-block-paragraph\">Photo: \u00a9 David Frutos<\/p>\n\n\n\n<h5 class=\"wp-block-heading has-medium-font-size\">What is your creative process like, what are your sources of inspiration?<\/h5>\n\n\n\n<p class=\"wp-block-paragraph\">Our inspiration is precisely those wounds of the place that we locate through cross-sectional research, from various approaches: environmental psychology, the environment, biology...<\/p>\n\n\n\n<p class=\"wp-block-paragraph\">We seek this inspiration from a dual approach: on a human scale, through observation, the investigation of the traces of the place, its ecosystem, the cultural landscape and the participation of the people who inhabit the spaces to carry out a kind of ethnographic analysis linked to the environment that serves as the basis for the design. Intertwined with the challenge of the human scale, we incorporate a series of renaturalisation strategies through nature-based solutions.<\/p>\n\n\n\n<p class=\"wp-block-paragraph\">Based on the research process, we developed a narrative whose title in itself is a complete micro-story. The story emerges and weaves the project together through interaction with the environment and the people. It is an iterative, artisanal process of continuous back and forth. The narrative feeds the project and vice versa. We move from freehand sketching, which allows us to discover a story in the act of drawing, to then moving to the computer and processing the drawing using CAD. The new drawing is printed, translucent paper is placed over it, and it is drawn on by hand once again. That drawing is put back into CAD, and so on until we get to know the narrative well enough to be able to tell it. Freehand drawing makes the researched data resonate in our heads and gradually reveals the story that the place needs.<\/p>\n\n\n\n<figure class=\"wp-block-image\"><img decoding=\"async\" src=\"https:\/\/www.monapart.com\/sites\/default\/files\/styles\/scale_960xn_\/public\/mediabrowser\/04-entrevista-como-crear-historias-monapart.jpg?itok=4c5oj_qS\" alt=\"Reconnecting city and nature: Interview with &#039;c\u00f3mo crear historias&#039; | Monapart\" title=\"interview-how-to-create-monapart-stories\"\/><\/figure>\n\n\n\n<p class=\"wp-block-paragraph\">\u00a9 How to create stories<\/p>\n\n\n\n<h5 class=\"wp-block-heading has-medium-font-size\">Favourite colour, book, film and record - in that order! ;D<\/h5>\n\n\n\n<p class=\"wp-block-paragraph\">Turquoise.<\/p>\n\n\n\n<p class=\"wp-block-paragraph\"><em>Life: A User's Manual,<\/em> by George Perec.<\/p>\n\n\n\n<p class=\"wp-block-paragraph\"><em>In the Mood for Love<\/em>, by Wong Kar Wai.<\/p>\n\n\n\n<p class=\"wp-block-paragraph\"><em>Music for Airports<\/em>, by Brian Eno.<\/p>\n\n\n\n<figure class=\"wp-block-embed is-type-rich is-provider-spotify wp-block-embed-spotify wp-embed-aspect-21-9 wp-has-aspect-ratio\"><div class=\"wp-block-embed__wrapper\">\n<iframe title=\"Spotify Embed: Ambient 1: Music For Airports (Remastered 2004)\" style=\"border-radius: 12px\" width=\"100%\" height=\"352\" frameborder=\"0\" allowfullscreen allow=\"autoplay; clipboard-write; encrypted-media; fullscreen; picture-in-picture\" loading=\"lazy\" src=\"https:\/\/open.spotify.com\/embed\/album\/063f8Ej8rLVTz9KkjQKEMa?go=1&#038;sp_cid=fd727a3e1f73196193831a97f99a4aab&#038;utm_source=oembed&#038;utm_medium=desktop&#038;nd=1&#038;dlsi=bc3ab18d70b8461b\"><\/iframe>\n<\/div><\/figure>\n\n\n\n<h5 class=\"wp-block-heading has-medium-font-size\">Is your home a reflection of who you are? Tell us what it smells like, your favourite corner, decorative object or must-have piece of furniture, whether you treasure any collection...<\/h5>\n\n\n\n<p class=\"wp-block-paragraph\">Our home is closely linked to our way of life and who we are. Everything is connected and fits together like a jigsaw. It is a place where the domestic and the creative process go hand in hand. We collect music, plants and books that serve as inspiration during the creative process. Together they enrich the space and transform it into an oasis.<\/p>\n\n\n\n<h5 class=\"wp-block-heading has-medium-font-size\">If you could buy anything right now and take it home, what would it be? Anything!<\/h5>\n\n\n\n<p class=\"wp-block-paragraph\">The Charles &amp; Ray Eames Lounge Chair.<\/p>\n\n\n\n<figure class=\"wp-block-image\"><img decoding=\"async\" src=\"https:\/\/www.monapart.com\/sites\/default\/files\/styles\/scale_960xn_\/public\/mediabrowser\/05-entrevista-como-crear-historias-monapart.jpg?itok=0G3p8jSh\" alt=\"Reconnecting city and nature: Interview with &#039;c\u00f3mo crear historias&#039; | Monapart\" title=\"interview-how-to-create-monapart-stories\"\/><\/figure>\n\n\n\n<h5 class=\"wp-block-heading has-medium-font-size\">A great plan at home always includes...<\/h5>\n\n\n\n<p class=\"wp-block-paragraph\">A good series and binge-watching.<\/p>\n\n\n\n<h5 class=\"wp-block-heading has-medium-font-size\">Do you have any star dishes?<\/h5>\n\n\n\n<p class=\"wp-block-paragraph\">Sushi!<\/p>\n\n\n\n<h5 class=\"wp-block-heading has-medium-font-size\">Where is your favourite place in your city and abroad?<\/h5>\n\n\n\n<p class=\"wp-block-paragraph\">We live in Rivas and our favourite place here is a walk through the Southeast Regional Park. Abroad, the Estufa Fr\u00eda in Lisbon and the Hoge Veluwe National Park in the Netherlands.<\/p>\n\n\n\n<h5 class=\"wp-block-heading has-medium-font-size\">Anything you want to tell us that we haven't asked you - speak now or forever hold your peace!<\/h5>\n\n\n\n<p class=\"wp-block-paragraph\">For us, every project is unique. We work with a network of professionals from different disciplines to create a team that suits each project, or we can become part of an existing team. We are always looking for people who need our creativity to improve their environment through the integration of nature into architecture. If you are one of them, you already know where to find us.<\/p>\n\n\n\n<h3 class=\"wp-block-heading\">From their studio \u2018how to create stories\u2019, M\u00f3nica and Javier invite us to look at architecture and design from a new perspective: more human, more connected to the environment and more open to the living world. Their projects not only transform spaces, but also the ways of inhabiting them, reminding us that cities can (and must) dialogue with nature. Because reconnecting city and nature is not only possible, but necessary. And they, without a doubt, know how to tell it.<\/h3>","protected":false},"excerpt":{"rendered":"<p>Si metieras en una coctelera a un arquitecto, un psic\u00f3logo, un paisajista, un bi\u00f3logo y un dise\u00f1ador, el resultado no ser\u00eda un chiste, sino todo lo contrario. El t\u00e1ndem formado por M\u00f3nica y Javier, las mentes al frente de &#8216;c\u00f3mo crear historias&#8217;, conjuga como pocos lo urbano y lo rural, creando relatos que siempre ponen en el centro a las personas y sus necesidades, y que aterrizan en forma de proyectos arquitect\u00f3nicos integradores y sostenibles que logran exprimir lo mejor de sus entornos. <\/p>","protected":false},"author":3,"featured_media":1035,"comment_status":"closed","ping_status":"closed","sticky":false,"template":"","format":"standard","meta":{"_acf_changed":false,"footnotes":""},"categories":[2844,2845],"tags":[2885],"class_list":["post-1034","post","type-post","status-publish","format-standard","has-post-thumbnail","hentry","category-hogar","category-mi-monapart","tag-arquitectura"],"acf":[],"_links":{"self":[{"href":"https:\/\/www.monapart.com\/magazine\/en\/wp-json\/wp\/v2\/posts\/1034","targetHints":{"allow":["GET"]}}],"collection":[{"href":"https:\/\/www.monapart.com\/magazine\/en\/wp-json\/wp\/v2\/posts"}],"about":[{"href":"https:\/\/www.monapart.com\/magazine\/en\/wp-json\/wp\/v2\/types\/post"}],"author":[{"embeddable":true,"href":"https:\/\/www.monapart.com\/magazine\/en\/wp-json\/wp\/v2\/users\/3"}],"replies":[{"embeddable":true,"href":"https:\/\/www.monapart.com\/magazine\/en\/wp-json\/wp\/v2\/comments?post=1034"}],"version-history":[{"count":3,"href":"https:\/\/www.monapart.com\/magazine\/en\/wp-json\/wp\/v2\/posts\/1034\/revisions"}],"predecessor-version":[{"id":16050,"href":"https:\/\/www.monapart.com\/magazine\/en\/wp-json\/wp\/v2\/posts\/1034\/revisions\/16050"}],"wp:featuredmedia":[{"embeddable":true,"href":"https:\/\/www.monapart.com\/magazine\/en\/wp-json\/wp\/v2\/media\/1035"}],"wp:attachment":[{"href":"https:\/\/www.monapart.com\/magazine\/en\/wp-json\/wp\/v2\/media?parent=1034"}],"wp:term":[{"taxonomy":"category","embeddable":true,"href":"https:\/\/www.monapart.com\/magazine\/en\/wp-json\/wp\/v2\/categories?post=1034"},{"taxonomy":"post_tag","embeddable":true,"href":"https:\/\/www.monapart.com\/magazine\/en\/wp-json\/wp\/v2\/tags?post=1034"}],"curies":[{"name":"wp","href":"https:\/\/api.w.org\/{rel}","templated":true}]}}