{"id":978,"date":"2020-05-29T17:36:14","date_gmt":"2020-05-29T15:36:14","guid":{"rendered":"https:\/\/www.monapart.com\/magazine\/?p=978"},"modified":"2025-04-14T12:15:10","modified_gmt":"2025-04-14T10:15:10","slug":"com-fem-servir-i-abusem-de-casa-nostra-en-temps-de-confinament","status":"publish","type":"post","link":"https:\/\/www.monapart.com\/magazine\/ca\/gente-real\/formacion-inmobiliaria\/como-usamos-y-abusamos-de-nuestro-hogar-en-tiempos-de-confinamiento","title":{"rendered":"Com fem servir (i abusem) de la nostra llar en temps de confinament"},"content":{"rendered":"<h1 class=\"wp-block-heading\">Com fem servir (i abusem) de la nostra llar en temps de confinament<\/h1>\n\n\n\n<h2 class=\"wp-block-heading\">El resultat de l&#039;enquesta realitzada per Monapart amb la col\u00b7laboraci\u00f3 de la Universitat Polit\u00e8cnica de Catalunya, d\u00f3na dades interessants per comprendre com vivim (o sobrevivim) en aquestes condicions \u00faniques i com hem piratejat el nostre escenari vital, la llar.<\/h2>\n\n\n<div class='post-info'>29 de maig de 2020 per <a href='https:\/\/www.monapart.com\/magazine\/ca\/autor\/monapart'>Monapart<\/a><\/div>\n\n\n\n<figure class=\"wp-block-image\"><img decoding=\"async\" src=\"https:\/\/www.monapart.com\/sites\/default\/files\/styles\/scale_960xn_\/public\/mediabrowser\/01-resultados-encuesta-confinamiento.jpeg?itok=eBkSXxt9\" alt=\"Com fem servir (i abusem) de la nostra llar en temps de confinament | Monapart \"\/><\/figure>\n\n\n\n<p>La <a href=\"\/magazine\/ca\/node\/3189\/\" target=\"_blank\" rel=\"noreferrer noopener\">enquesta \u00abLa llar en temps de confinament\u00bb<\/a> realitzada per Monapart juntament amb el <a href=\"https:\/\/habitar.upc.edu\/\" target=\"_blank\" rel=\"noreferrer noopener\">Grup de recerca \u201cHabitar\u201d<\/a> de la Universitat Polit\u00e8cnica de Catalunya a prop de 1.000 participants, ha donat dades reveladores per analitzar com estem usant les nostres llars en temps de confinament en aquesta&nbsp;<strong>\u00abnova normalitat\u00bb<\/strong>.<\/p>\n\n\n\n<h5 class=\"wp-block-heading has-medium-font-size\">Mostra enquestada<\/h5>\n\n\n\n<p>S&#039;ha enquestat una mostra de 938 persones repartides per tot el territori nacional. La franja d&#039;edat m\u00e9s representada a la mostra cobreix dels 35 als 55 anys (59%) respecte a un 24,7% que s\u00f3n menors de 35 anys i un 16,3% de m\u00e9s grans de 55.<\/p>\n\n\n\n<p>El 50,2% viu en r\u00e8gim de propietat, el 46,4% en r\u00e8gim de lloguer i el 3,4% de lloguer a habitatge compartit.&nbsp;<\/p>\n\n\n\n<p>Un 20% t\u00e9 gos davant d&#039;un 80% que no.&nbsp;<br>&nbsp;<\/p>\n\n\n\n<blockquote class=\"wp-block-quote alignright is-layout-flow wp-block-quote-is-layout-flow\">\n<p>L&#039;enquesta ha estat realitzada per Monapart juntament amb el Grup de Recerca \u00abHabitar\u00bb de la Universitat Polit\u00e8cnica de Catalunya, si b\u00e9 les conclusions d&#039;aquest informe nom\u00e9s s\u00f3n atribu\u00efbles a Monapart.<\/p>\n<\/blockquote>\n\n\n\n<h5 class=\"wp-block-heading has-medium-font-size\">Tipologia d&#039;habitatge<\/h5>\n\n\n\n<p>El 85,7% s\u00f3n unitats familiars de 2 o m\u00e9s persones i el 90,5% dels habitatges de 2 o m\u00e9s habitacions, per\u00f2 i amb independ\u00e8ncia del nombre de membres,&nbsp;<strong>la quantitat mitjana d&#039;habitacions amb prou feines supera les tres<\/strong>&nbsp;sent 2,03 habitacions de mitjana en habitatges unipersonals; 2,40 en habitatges de dos; 2,97 en habitatges de tres; 3,22 en habitatges de 4; i 2,73 habitacions en habitatges de 5 membres o m\u00e9s.&nbsp;<\/p>\n\n\n\n<p>El 44,5% dels habitatges t\u00e9 sortida a un balc\u00f3 o terrassa on hi cap, almenys, una taula per a sis persones o disposa de pati o jard\u00ed, mentre que&nbsp;<strong>un 15,2% no disposa de cap forma de sortida a l&#039;exterior (ni tan sols balc\u00f3) i un 2,70% no veu el cel des de cap habitaci\u00f3<\/strong>.<br>&nbsp;<\/p>\n\n\n\n<h5 class=\"wp-block-heading has-medium-font-size\">El&nbsp;<em>hackeig<\/em>&nbsp;de l&#039;habitatge a causa del confinament<\/h5>\n\n\n\n<p>Despr\u00e9s de gaireb\u00e9 45 dies vivint intensament al seu domicili,&nbsp;<strong>un 53,6% dels enquestats diu que se sent a gust a casa<\/strong>&nbsp;(46% d&#039;aquests en habitatge de lloguer) davant del 6,9% que afirma el contrari havent fet o no algun canvi a casa seva.<\/p>\n\n\n\n<p><strong>Un 23,2% reconeix que estaria m\u00e9s a gust a l&#039;habitatge de poder fer alguns canvis<\/strong>, per\u00f2 que ara no els pot dur a terme, mentre&nbsp;<strong>un 16,23% s\u00ed que els ha fet<\/strong>.<\/p>\n\n\n\n<p><strong>Usos de l&#039;habitatge durant el confinament (en % d&#039;enquestats)<\/strong><\/p>\n\n\n\n<figure class=\"wp-block-image\"><img decoding=\"async\" src=\"https:\/\/www.monapart.com\/sites\/default\/files\/styles\/scale_960xn_\/public\/mediabrowser\/grafica.jpg?itok=J5AR7pT1\" alt=\"Com fem servir (i abusem) de la nostra llar en temps de confinament | Monapart \"\/><\/figure>\n\n\n\n<p><strong>Les estades han ampliat els usos<\/strong>. A la pregunta de quines activitats diferents estan fent a cada estan\u00e7a, els resultats s\u00f3n: \u201cgimn\u00e0stica \/ ioga \/ ball\u201d al sal\u00f3 o al passad\u00eds; \u201ctreball\u201d al despatx, el menjador o el dormitori; i \u201cjocs amb els nens\u201d a sala, terrassa, passad\u00eds.<\/p>\n\n\n\n<p>Un 49,4% no disposa de zones comunes a ledifici, a un 21,12% se li ha prohibit l\u00fas per\u00f2&nbsp;<strong>un 21,9% ha seguit usant les zones comunes malgrat la prohibici\u00f3<\/strong>&nbsp;i un 7,5% ha renunciat al seu \u00fas tot i estar perm\u00e8s.<\/p>\n\n\n\n<blockquote class=\"wp-block-quote alignright is-layout-flow wp-block-quote-is-layout-flow\">\n<p>La mostra enquestada arriba a les 938 llars repartides per tot el territori nacional.<\/p>\n<\/blockquote>\n\n\n\n<h5 class=\"wp-block-heading has-medium-font-size\">Respostes a destacar<\/h5>\n\n\n\n<p><em>\u2013 &quot;Hem tret les plantes del balc\u00f3 per poder treure una cadira al sol. A m\u00e9s practiquem gimn\u00e0stica al sal\u00f3.&quot;\u201c<\/em><\/p>\n\n\n\n<p>\u2013 \u201cEl menjador \u00e9s la sala de la NASA per als deures dels nens, el passad\u00eds \u00e9s la zona d&#039;esport i el que era la sala multi\u00fas \u00e9s ara un nou despatx.\u201d<\/p>\n\n\n\n<p>\u2013 \u201cPlaymobil al passad\u00eds, menjador com a sala de jocs, dormitori com a estudi i terrassa com a menjador.\u201d<\/p>\n\n\n\n<p>\u2013 &quot;El rebedor i el passad\u00eds s\u00f3n els llocs on &quot;reposa&quot; la compra abans de passar a la cuina. Al passad\u00eds hi ha la cistella de la roba que ser\u00e0 rentada a 60 graus. S\u00f3n l&#039;avantsala de les zones netes.&quot;\u201c<\/p>\n\n\n\n<p>- &quot;A la cuina, hem adaptat un espai per treballar. A m\u00e9s, com que t\u00e9 una llum molt bonica, hem penjat papers for\u00e7a grans a les parets per poder escriure i pintar. A la galeria hem muntat un petit hort penjant ia la sala d&#039;estar hem preparat els elements &quot;inventats&quot;, per fer gim o jugar ballant.&quot;\u201c<\/p>\n\n\n\n<p>\u2013 &quot;Pr\u00e0ctic ballet tres dies a la setmana al sal\u00f3. Durant aquestes sessions el meu xicot juga als escacs o realitza els seus estiraments a l&#039;habitaci\u00f3, aix\u00ed ens donem un respir. El balc\u00f3, a m\u00e9s de ser un lloc de trobada amb els ve\u00efns, s&#039;ha convertit en el meu lloc triat per tenir videoconfer\u00e8ncies (tant per feina com personals).&quot;\u201c<\/p>\n\n\n\n<figure class=\"wp-block-image\"><img decoding=\"async\" src=\"https:\/\/www.monapart.com\/sites\/default\/files\/styles\/scale_960xn_\/public\/mediabrowser\/02-resultados-encuesta-confinamiento.jpeg?itok=J4C3ANLg\" alt=\"Com fem servir (i abusem) de la nostra llar en temps de confinament | Monapart \"\/><\/figure>\n\n\n\n<p><strong>Estar molt de temps a casa ha promogut una s\u00e8rie d&#039;actuacions que hackejen l&#039;habitatge<\/strong>. Aix\u00ed, el 54,1% ha canviat la disposici\u00f3 de mobles per adaptar les estances a un \u00fas polivalent; el 52,3% s&#039;ha desfet de coses o les ha apartat temporalment; el 33,7% ha condicionat el balc\u00f3 per poder-hi passar m\u00e9s temps i el 26,9% s&#039;ha constru\u00eft un espai de treball improvisat. A m\u00e9s, han estat moltes les persones que han aprofitat aquests dies per fer bricolatge dom\u00e8stic, pintar part o tota la vivenda, restaurar mobles o construir-se mobiliari a mida.<\/p>\n\n\n\n<p><strong>Qu\u00e8 hem apr\u00e8s despr\u00e9s de sotmetre el nostre habitatge a una \u201cprova de c\u00e0rrega\u201d extrema?<\/strong><br>Quatre conclusions principals:<\/p>\n\n\n\n<ul class=\"wp-block-list\">\n<li>Un 15.4% considera que els passadissos donen m\u00e9s joc de l&#039;esperat. S&#039;hi ha fet gimn\u00e0stica, caminat, patinat o s&#039;ha convertit en el camp de jocs dels m\u00e9s petits.<\/li>\n\n\n\n<li>Un 24,8% ha descobert m\u00e9s d&#039;un lloc on instal\u00b7lar un despatx, el qual ha acabat ocupant sobretot la taula del menjador o la cuina, o muntatges ad hoc al dormitori o en racons infrautilitzats de l&#039;habitatge.<\/li>\n\n\n\n<li>Un 77% ha descobert que, tot i estar tot el dia a l&#039;habitatge, ha relegat l&#039;\u00fas de la sala d&#039;estar a les darreres hores del dia.<\/li>\n\n\n\n<li>Un 17% considera ara que la cuina oberta al sal\u00f3-menjador no \u00e9s la millor idea.<\/li>\n<\/ul>\n\n\n\n<h5 class=\"wp-block-heading has-medium-font-size\">Accions a futur<\/h5>\n\n\n\n<p>Finalment i en relaci\u00f3 amb les possibles accions de futur,&nbsp;<strong>el 57% enquestat no es planteja fer cap canvi substancial a casa seva<\/strong>&nbsp;davant d&#039;un 13,3% que preveu fer canvis en alguna habitaci\u00f3 i un 15% que preveu fer alguna modificaci\u00f3 que pot suposar una petita obra.<\/p>","protected":false},"excerpt":{"rendered":"<p>La encuesta \u00abEl hogar en tiempos de confinamiento\u00bb realizada por Monapart\u00a0junto con el Grupo de investigaci\u00f3n \u201cHabitar\u201d de la Universitat Polit\u00e8cnica de Catalunya a cerca de 1.000 participantes, ha arrojado datos reveladores para analizar c\u00f3mo estamos usando nuestros hogares en tiempos de confinamiento en esta\u00a0\u00abnueva normalidad\u00bb.<\/p>","protected":false},"author":3,"featured_media":979,"comment_status":"closed","ping_status":"closed","sticky":false,"template":"","format":"standard","meta":{"_acf_changed":false,"footnotes":""},"categories":[2850,2849],"tags":[2876],"class_list":["post-978","post","type-post","status-publish","format-standard","has-post-thumbnail","hentry","category-formacion-inmobiliaria","category-gente-real","tag-productividad"],"acf":[],"_links":{"self":[{"href":"https:\/\/www.monapart.com\/magazine\/ca\/wp-json\/wp\/v2\/posts\/978","targetHints":{"allow":["GET"]}}],"collection":[{"href":"https:\/\/www.monapart.com\/magazine\/ca\/wp-json\/wp\/v2\/posts"}],"about":[{"href":"https:\/\/www.monapart.com\/magazine\/ca\/wp-json\/wp\/v2\/types\/post"}],"author":[{"embeddable":true,"href":"https:\/\/www.monapart.com\/magazine\/ca\/wp-json\/wp\/v2\/users\/3"}],"replies":[{"embeddable":true,"href":"https:\/\/www.monapart.com\/magazine\/ca\/wp-json\/wp\/v2\/comments?post=978"}],"version-history":[{"count":2,"href":"https:\/\/www.monapart.com\/magazine\/ca\/wp-json\/wp\/v2\/posts\/978\/revisions"}],"predecessor-version":[{"id":16141,"href":"https:\/\/www.monapart.com\/magazine\/ca\/wp-json\/wp\/v2\/posts\/978\/revisions\/16141"}],"wp:featuredmedia":[{"embeddable":true,"href":"https:\/\/www.monapart.com\/magazine\/ca\/wp-json\/wp\/v2\/media\/979"}],"wp:attachment":[{"href":"https:\/\/www.monapart.com\/magazine\/ca\/wp-json\/wp\/v2\/media?parent=978"}],"wp:term":[{"taxonomy":"category","embeddable":true,"href":"https:\/\/www.monapart.com\/magazine\/ca\/wp-json\/wp\/v2\/categories?post=978"},{"taxonomy":"post_tag","embeddable":true,"href":"https:\/\/www.monapart.com\/magazine\/ca\/wp-json\/wp\/v2\/tags?post=978"}],"curies":[{"name":"wp","href":"https:\/\/api.w.org\/{rel}","templated":true}]}}