{"id":96,"date":"2014-06-02T00:00:00","date_gmt":"2014-06-01T22:00:00","guid":{"rendered":"https:\/\/www.monapart.com\/magazine\/?p=96"},"modified":"2025-07-29T15:33:23","modified_gmt":"2025-07-29T13:33:23","slug":"llum-tmc-miguel-mila-1960","status":"publish","type":"post","link":"https:\/\/www.monapart.com\/magazine\/ca\/hogar\/lampara-tmc-miguel-mila-1960","title":{"rendered":"Llum TMC \u00b7 Miguel Mil\u00e0 (1960)"},"content":{"rendered":"<h1 class=\"wp-block-heading\">Llum TMC \u00b7 Miguel Mil\u00e0 (1960)<\/h1>\n\n\n\n<h2 class=\"wp-block-heading\">Avui repetim a casa per parlar-te d&#039;un dels dissenys de l\u00e0mpades m\u00e9s ic\u00f2niques del disseny espanyol i del seu creador, un dels mestres del disseny industrial.<\/h2>\n\n\n<div class='post-info'>2 de juny de 2014 per <a href='https:\/\/www.monapart.com\/magazine\/ca\/autor\/monapart'>Monapart<\/a><\/div>\n\n\n\n<p>Pel que fa a <strong>llums<\/strong>, hem viatjat a Alemanya (<strong><a href=\"\/magazine\/ca\/node\/524\/\" target=\"_blank\" rel=\"noreferrer noopener\">Ingo Maurer<\/a><\/strong>), a Dinamarca (<strong><a href=\"\/magazine\/ca\/node\/521\/\" target=\"_blank\" rel=\"noreferrer noopener\">Verner Panton<\/a><\/strong>), a It\u00e0lia un parell de vegades (<strong><a href=\"\/magazine\/ca\/node\/520\/\" target=\"_blank\" rel=\"noreferrer noopener\">Castiglioni<\/a> <\/strong>i <strong><a href=\"\/magazine\/ca\/node\/455\/\" target=\"_blank\" rel=\"noreferrer noopener\">Joe Colombo<\/a><\/strong>) i tamb\u00e9 ens hem quedat a Espanya (<strong><a href=\"\/magazine\/ca\/node\/457\/\" target=\"_blank\" rel=\"noreferrer noopener\">FASE<\/a><\/strong>). <\/p>\n\n\n\n<p><strong><a href=\"http:\/\/cargocollective.com\/miguelmila\/Quien-es\" target=\"_blank\" rel=\"noreferrer noopener\">Miquel Mil\u00e0<\/a><\/strong> va n\u00e9ixer a Barcelona als anys 30 al si d&#039;una fam\u00edlia aristocr\u00e0tica molt relacionada amb el panorama art\u00edstic contemporani de l&#039;\u00e8poca \u2013el seu oncle va ser qui va encarregar a Gaud\u00ed la construcci\u00f3 de La Pedrera\u2013 i encara que no va estudiar arquitectura, va comen\u00e7ar a treballar com <strong>interiorista<\/strong> al despatx d&#039;arquitectura que el seu germ\u00e0, <strong>Alfonso Mil\u00e0<\/strong>, compartia amb <strong>Federico Correa<\/strong>.<\/p>\n\n\n\n<figure class=\"wp-block-image\"><img decoding=\"async\" src=\"https:\/\/magazine.monapart.com\/sites\/default\/files\/mediabrowser\/miguel_mila-disenador.jpg\" alt=\"L\u00e0mpada TMC \u00b7 Miguel Mil\u00e0 (1960) | Monapart \"\/><\/figure>\n\n\n\n<p>Com molts altres precursors, Mil\u00e0 es va iniciar al <strong>disseny industrial<\/strong> degut a l&#039;escassetat d&#039;objectes, mitjans i mat\u00e8ries primeres de l&#039;\u00e8poca. Van ser aquestes mancances les que el van impulsar a formular molts dels prototips que van acabar convertint-se en ja <strong>cl\u00e0ssics del disseny<\/strong>. Dentre ells, la <strong><a href=\"http:\/\/cargocollective.com\/miguelmila\/TMC\" target=\"_blank\" rel=\"noreferrer noopener\">llum TMC<\/a><\/strong> potser \u00e9s una de les seves obres m\u00e9s representatives.<\/p>\n\n\n\n<figure class=\"wp-block-image\"><img decoding=\"async\" src=\"https:\/\/www.monapart.com\/sites\/default\/files\/styles\/scale_960x960_\/public\/mediabrowser\/tmc-lampara-miguel_mila-1960.jpg?itok=1LGhKMpt\" alt=\"L\u00e0mpada TMC \u00b7 Miguel Mil\u00e0 (1960) | Monapart \"\/><\/figure>\n\n\n\n<p>El 1960 la tia de Mil\u00e0, N\u00faria Sagnier, li va confiar l&#039;interiorisme del seu despatx acabat d&#039;adquirir, arran d&#039;aquest enc\u00e0rrec, va n\u00e9ixer el prototip de la <strong>llum TMC<\/strong> (Tram m\u00f2bil cromat), una pe\u00e7a produ\u00efda inicialment per l&#039;empresa Tramo \u2014creada pel mateix Mil\u00e0 per fabricar els seus dissenys\u2014 i que avui dia segueix produint-se a c\u00e0rrec de <strong><a href=\"http:\/\/www.santacole.com\/\" target=\"_blank\" rel=\"noreferrer noopener\">Santa &amp; Cole<\/a><\/strong>.<\/p>\n\n\n<div class=\"wp-block-image\">\n<figure class=\"aligncenter is-resized\"><img decoding=\"async\" src=\"https:\/\/www.monapart.com\/sites\/default\/files\/styles\/scale_960x960_\/public\/mediabrowser\/tmc-miguel_mila_0.jpg?itok=fUSZevQz\" alt=\"L\u00e0mpada TMC \u00b7 Miguel Mil\u00e0 (1960) | Monapart \" style=\"width:513px;height:auto\"\/><\/figure>\n<\/div>\n\n\n<p><\/p>\n\n\n\n<p>Mil\u00e0 va dissenyar el llum amb una altura variable que es regula a trav\u00e9s d&#039;una nansa que permet frenar o alliberar la pantalla circular de metacrilat transl\u00facid situada a l&#039;extrem del peu de ferro. Per evitar ratlladures, la vora superior est\u00e0 cromat facilitant la relliscada de la pantalla. El peu, suportat per quatre dits d&#039;acer, equilibra la pantalla i li aporta un toc de distinci\u00f3 molt chic. Un altre dels seus molts atributs diferencials \u00e9s l&#039;abs\u00e8ncia de l&#039;interruptor, ja que s&#039;enc\u00e9n i s&#039;apaga llen\u00e7ant lleument el cord\u00f3 el\u00e8ctric. Totes aquestes particularitats permet que el llum adopti m\u00faltiples usos: serveix com a llum de lectura, de sal\u00f3, menjador, rebedor\u2026<\/p>\n\n\n\n<figure class=\"wp-block-image\"><img decoding=\"async\" src=\"https:\/\/magazine.monapart.com\/sites\/default\/files\/mediabrowser\/tmc-lampara-miguel_mila_2.jpg\" alt=\"L\u00e0mpada TMC \u00b7 Miguel Mil\u00e0 (1960) | Monapart \"\/><\/figure>\n\n\n\n<figure class=\"wp-block-image\"><img decoding=\"async\" src=\"https:\/\/magazine.monapart.com\/sites\/default\/files\/mediabrowser\/tmc-lampara-miguel_mila_1.jpg\" alt=\"L\u00e0mpada TMC \u00b7 Miguel Mil\u00e0 (1960) | Monapart \"\/><\/figure>\n\n\n\n<p>El seu disseny elegant i senzill unit a la seva bellesa est\u00e8tica i funcional fan que el llum TMC segueixi molt present a moltes de les nostres llars i que des de 1994 formi part de la col\u00b7lecci\u00f3 permanent del<strong> <a href=\"https:\/\/www.youtube.com\/watch?v=bBBo1HwH9Q8\" target=\"_blank\" rel=\"noreferrer noopener\">Museu de les Arts Decoratives<\/a><\/strong> ubicat actualment al <strong><a href=\"http:\/\/www.museudeldisseny.cat\/\" target=\"_blank\" rel=\"noreferrer noopener\">DHUB<\/a><\/strong>.&nbsp;<\/p>\n\n\n\n<p><\/p>","protected":false},"excerpt":{"rendered":"<p>Avui repetim a casa per parlar-te d&#039;un dels dissenys de l\u00e0mpades m\u00e9s ic\u00f2niques del disseny espanyol i del seu creador, un dels mestres del disseny industrial.<\/p>","protected":false},"author":3,"featured_media":97,"comment_status":"closed","ping_status":"closed","sticky":false,"template":"","format":"standard","meta":{"_acf_changed":false,"footnotes":""},"categories":[2844,2846],"tags":[2870],"class_list":["post-96","post","type-post","status-publish","format-standard","has-post-thumbnail","hentry","category-hogar","category-espacios-y-vida","tag-diseno"],"acf":[],"_links":{"self":[{"href":"https:\/\/www.monapart.com\/magazine\/ca\/wp-json\/wp\/v2\/posts\/96","targetHints":{"allow":["GET"]}}],"collection":[{"href":"https:\/\/www.monapart.com\/magazine\/ca\/wp-json\/wp\/v2\/posts"}],"about":[{"href":"https:\/\/www.monapart.com\/magazine\/ca\/wp-json\/wp\/v2\/types\/post"}],"author":[{"embeddable":true,"href":"https:\/\/www.monapart.com\/magazine\/ca\/wp-json\/wp\/v2\/users\/3"}],"replies":[{"embeddable":true,"href":"https:\/\/www.monapart.com\/magazine\/ca\/wp-json\/wp\/v2\/comments?post=96"}],"version-history":[{"count":3,"href":"https:\/\/www.monapart.com\/magazine\/ca\/wp-json\/wp\/v2\/posts\/96\/revisions"}],"predecessor-version":[{"id":18348,"href":"https:\/\/www.monapart.com\/magazine\/ca\/wp-json\/wp\/v2\/posts\/96\/revisions\/18348"}],"wp:featuredmedia":[{"embeddable":true,"href":"https:\/\/www.monapart.com\/magazine\/ca\/wp-json\/wp\/v2\/media\/97"}],"wp:attachment":[{"href":"https:\/\/www.monapart.com\/magazine\/ca\/wp-json\/wp\/v2\/media?parent=96"}],"wp:term":[{"taxonomy":"category","embeddable":true,"href":"https:\/\/www.monapart.com\/magazine\/ca\/wp-json\/wp\/v2\/categories?post=96"},{"taxonomy":"post_tag","embeddable":true,"href":"https:\/\/www.monapart.com\/magazine\/ca\/wp-json\/wp\/v2\/tags?post=96"}],"curies":[{"name":"wp","href":"https:\/\/api.w.org\/{rel}","templated":true}]}}