{"id":948,"date":"2020-04-01T13:57:20","date_gmt":"2020-04-01T11:57:20","guid":{"rendered":"https:\/\/www.monapart.com\/magazine\/?p=948"},"modified":"2025-04-14T17:22:51","modified_gmt":"2025-04-14T15:22:51","slug":"entrevista-xavier-mes","status":"publish","type":"post","link":"https:\/\/www.monapart.com\/magazine\/ca\/hogar\/entrevista-xavier-mas","title":{"rendered":"M\u00e9s fusta! Entrevista a Xavier Mas"},"content":{"rendered":"<h1 class=\"wp-block-heading\">M\u00e9s fusta! Entrevista a Xavier Mas<\/h1>\n\n\n\n<h2 class=\"wp-block-heading\">Si et preguntes quina \u00e9s la difer\u00e8ncia entre art i artesania, aqu\u00ed descobrir\u00e0s que per a Xavier aquests conceptes s\u00f3n inseparables.<\/h2>\n\n\n<div class='post-info'>1 d&#039;abril del 2020 per <a href='https:\/\/www.monapart.com\/magazine\/ca\/autor\/monapart'>Monapart<\/a><\/div>\n\n\n\n<figure class=\"wp-block-image\"><img decoding=\"async\" src=\"https:\/\/magazine.monapart.com\/sites\/default\/files\/mediabrowser\/exhibitionweb_-_xavier_mas.jpg\" alt=\"M\u00e9s fusta! Entrevista a Xavier Mas | Monapart \"\/><\/figure>\n\n\n\n<h3 class=\"wp-block-heading\">La vida de <a href=\"http:\/\/instagram.com\/mas_fuster\" target=\"_blank\" rel=\"noreferrer noopener\">Xavier Mas<\/a> sempre ha estat estretament lligada a l&#039;art, passant per diferents etapes. D&#039;estudiar Belles Arts i treballar a diversos museus, a dedicar-se de ple a una de les seves passions de sempre, la fusteria, on ha sabut destacar en un m\u00f3n dominat pel moble low-cost. Xavier coneix b\u00e9 els materials i gaudeix de tot el proc\u00e9s: des del treball inicial amb la fusta fins a les hist\u00f2ries que expliquen els mobles ja utilitzats, com demostra casa seva plena de peces \u00faniques rescatades. <\/h3>\n\n\n\n<h5 class=\"wp-block-heading has-medium-font-size\">Parla&#039;ns de tu i de la teva feina. On va n\u00e9ixer la teva vocaci\u00f3? Algun primer record?<\/h5>\n\n\n\n<p>S\u00f3c Xavier Mas i disseny i construeixo mobles, s\u00f3c ebenista.<\/p>\n\n\n\n<p>La meva mare explica que de nen, quan em preguntaven, sempre responia que de gran volia ser \u201chome granota o fuster\u201d\u2026 Aix\u00ed que aix\u00ed que vaig poder em vaig treure la titulaci\u00f3 esportiva de submarinisme i vaig trigar una mica m\u00e9s a comen\u00e7ar amb l&#039;ebenisteria. De fet vaig estudiar Belles Arts i em vaig dedicar for\u00e7a temps a la pintura ia l&#039;art contemporani. Va ser treballant en museus on vaig tenir el primer contacte amb la fusteria professional: el MoMA a Nova York tenia un taller complet amb set italians tipus els Soprano que cuinaven all\u00e0 mateix i de vegades m&#039;interessava m\u00e9s el que feien ells que el que es penjava a les sales. Total, que vaig acabar reciclant-me.<\/p>\n\n\n\n<figure class=\"wp-block-image\"><img decoding=\"async\" src=\"https:\/\/www.monapart.com\/sites\/default\/files\/styles\/scale_960xn_\/public\/mediabrowser\/ofuro0_-_xavier_mas.jpg?itok=sO7yisTT\" alt=\"M\u00e9s fusta! Entrevista a Xavier Mas | Monapart \" title=\"Xavier Mas\"\/><\/figure>\n\n\n\n<h5 class=\"wp-block-heading has-medium-font-size\">Qu\u00e8 \u00e9s el que m\u00e9s et satisf\u00e0 de la teva feina? Alg\u00fa del que et sentis especialment orgull\u00f3s?<\/h5>\n\n\n\n<p>La fusta massissa \u00e9s un tresor i trobar tresors em puja l&#039;adrenalina: tinc alguns troncs meravellosos d&#039;om, noguera o freixe esperant el projecte adequat des de fa anys.<\/p>\n\n\n\n<p>La veritat \u00e9s que quan vaig decidir dedicar-me a l&#039;ebenisteria tothom em deia que estava boig, que ning\u00fa no apreciava ja una feina de qualitat. Per\u00f2 no ha estat aix\u00ed, i cada cop m\u00e9s gent vol objectes que perdurin i valoren el proc\u00e9s de crear un moble a mida amb fustes, processos i acabats sostenibles.<\/p>\n\n\n\n<p>Potser el m\u00e9s satisfactori \u00e9s quan els clients em plantegen projectes que es converteixen en reptes, com fer mobles sense cua ni cargols, o el meu preferit, un bany japon\u00e8s que vaig fer fa un parell d&#039;anys en fusta de cedre.<\/p>\n\n\n\n<figure class=\"wp-block-image\"><img decoding=\"async\" src=\"https:\/\/www.monapart.com\/sites\/default\/files\/styles\/scale_960xn_\/public\/mediabrowser\/ofuropica1_-_xavier_mas.jpg?itok=i9leuX5N\" alt=\"M\u00e9s fusta! Entrevista a Xavier Mas | Monapart \" title=\"Xavier Mas\"\/><\/figure>\n\n\n\n<h5 class=\"wp-block-heading has-medium-font-size\">Com \u00e9s el teu proc\u00e9s creatiu?<\/h5>\n\n\n\n<p>Dissenyar \u00e9s dibuixar, aix\u00ed que paper i llapis, res de programes. Despr\u00e9s, prototips de fusta i m\u00e9s prototips fins aconseguir el que busco. Dissenyar mobles des d&#039;un taller tamb\u00e9 \u00e9s un nombre interminable de decisions t\u00e8cniques.<\/p>\n\n\n\n<h5 class=\"wp-block-heading has-medium-font-size\">Quines s\u00f3n les fonts d&#039;inspiraci\u00f3?<\/h5>\n\n\n\n<p>La s\u00edntesi de les tradicions oriental i occidental que va realitzar Georges Nakashima no deixa d&#039;inspirar-me, especialment la idea del respecte per la fusta com a \u00e9sser viu que va ser.<\/p>\n\n\n\n<h5 class=\"wp-block-heading has-medium-font-size\">\u00bf Alguna m\u00fasica especialment mentre treballes?<\/h5>\n\n\n\n<p>Sempre hi ha m\u00fasica al taller, per\u00f2 s\u00f3c realment ecl\u00e8ctic! Dep\u00e8n de l&#039;humor puc passar sense ordre ni concert per AC\/DC (una estoneta), cl\u00e0ssica (Barroco, si \u00e9s possible) o cantar a veu en crit Silvio Rodr\u00edguez, Dover o Manel. S\u00ed, s\u00f3c un noi <em>old school.<\/em><\/p>\n\n\n\n<figure class=\"wp-block-embed is-type-video is-provider-vimeo wp-block-embed-vimeo\"><div class=\"wp-block-embed__wrapper\">\n<iframe loading=\"lazy\" title=\"masfuster\" src=\"https:\/\/player.vimeo.com\/video\/381118117?dnt=1&amp;app_id=122963\" width=\"500\" height=\"281\" frameborder=\"0\" allow=\"autoplay; fullscreen; picture-in-picture; clipboard-write; encrypted-media\"><\/iframe>\n<\/div><\/figure>\n\n\n\n<h5 class=\"wp-block-heading has-medium-font-size\"><strong>Color, llibre, pel\u00b7li i disc favorits. Per aquest ordre!<\/strong><\/h5>\n\n\n\n<p>Aix\u00f2 dels favorits no \u00e9s el meu\u2026<\/p>\n\n\n\n<p>Color, impossible triar-ne un, m&#039;agraden tots.<\/p>\n\n\n\n<p>Llibre\u2026<em>Titian: Nymph and Shepherd <\/em>de John i Katya Berger (editat en espanyol per <a href=\"http:\/\/www.ardora.com\/tiziano-ninfa-y-pastor\" target=\"_blank\" rel=\"noreferrer noopener\">\u00c0rdora<\/a>).<\/p>\n\n\n\n<p>Peli\u2026 n&#039;he de posar dues: <em>\u201cLost in translation\u201d<\/em> i <em>\u201cThe Darjeeling Limited\u201d.<\/em><\/p>\n\n\n\n<p>Ara mateix no tinc cap disc favorit, imagino que per culpa de Spotify, per\u00f2 en altres vides vaig sentir fins i tot l&#039;avorriment <em>\u201cBona vista social Club\u201d<\/em>, la BSO de <em>\u201cTous les matins du monde\u201d<\/em> o <em>\u201cThe melody at night with you\u201d<\/em> de Keith Jarrett.<\/p>\n\n\n\n<figure class=\"wp-block-image\"><img decoding=\"async\" src=\"https:\/\/www.monapart.com\/sites\/default\/files\/styles\/scale_960xn_\/public\/mediabrowser\/img_4623.jpg?itok=Hmvo5k8f\" alt=\"M\u00e9s fusta! Entrevista a Xavier Mas | Monapart \" title=\"Xavier Mas\"\/><\/figure>\n\n\n\n<h5 class=\"wp-block-heading has-medium-font-size\">\u00c9s casa teva reflex de qui ets? Explica&#039;ns com \u00e9s, el teu objecte decoratiu o moble fetitxe\u2026<\/h5>\n\n\n\n<p>Vaig arribar a tenir por d&#039;acabar com aquelles velletes que recullen gats, per\u00f2 versi\u00f3 mobles: des de la primera casa els adoptava pel carrer. Tinc tamb\u00e9 mobles fets per mi, per\u00f2 m\u00e9s aviat funcionals, a casa del ferrer\u2026<\/p>\n\n\n\n<p>Visc en un pis antic i una mica atrotinat del Born on estic envoltat de coses que m&#039;han anat acompanyant per la vida, com els quadres del meu amic <a href=\"http:\/\/www.nachotatjer.com\/\" target=\"_blank\" rel=\"noreferrer noopener\">Nacho Tatjer<\/a>.<\/p>\n\n\n\n<p>La casa s\u00b4organitza al voltant del cor-cuina oberta per una finestra al sal\u00f3. Fa un munt d&#039;anys va sortir a la secci\u00f3 de decoraci\u00f3 d&#039;un dominical amb el t\u00edtol de \u201cLa casa reciclada\u201d, aix\u00ed que all\u00f2 de ser sostenible em ve de lluny.<\/p>\n\n\n\n<figure class=\"wp-block-image\"><img decoding=\"async\" src=\"https:\/\/www.monapart.com\/sites\/default\/files\/styles\/scale_960xn_\/public\/mediabrowser\/img_4646.jpg?itok=a5qh_n8K\" alt=\"M\u00e9s fusta! Entrevista a Xavier Mas | Monapart \" title=\"Xavier Mas\"\/><\/figure>\n\n\n\n<h5 class=\"wp-block-heading has-medium-font-size\">Si poguessis comprar-te qualsevol cosa ara mateix i emportar-te-la a casa, quina seria? Qualsevol cosa!<\/h5>\n\n\n\n<p>Alguna cadira de Hans Wegner.<\/p>\n\n\n\n<h5 class=\"wp-block-heading has-medium-font-size\">Un pla a casa sempre inclou\u2026<\/h5>\n\n\n\n<p>Dinar amb amics.<\/p>\n\n\n\n<h5 class=\"wp-block-heading has-medium-font-size\">Tens algun plat estrella?<\/h5>\n\n\n\n<p>S\u00f3c un crack de l&#039;arr\u00f2s negre.<\/p>\n\n\n\n<figure class=\"wp-block-image\"><img decoding=\"async\" src=\"https:\/\/magazine.monapart.com\/sites\/default\/files\/mediabrowser\/img_4622.jpg\" alt=\"M\u00e9s fusta! Entrevista a Xavier Mas | Monapart \"\/><\/figure>\n\n\n\n<figure class=\"wp-block-image\"><img decoding=\"async\" src=\"https:\/\/magazine.monapart.com\/sites\/default\/files\/mediabrowser\/img_4644.jpg\" alt=\"M\u00e9s fusta! Entrevista a Xavier Mas | Monapart \"\/><\/figure>\n\n\n\n<h5 class=\"wp-block-heading has-medium-font-size\">Quin \u00e9s el teu lloc preferit a la teva ciutat? I a l&#039;estranger?<\/h5>\n\n\n\n<p>Em continua impressionant Santa Maria del Mar, d&#039;hora al mat\u00ed, quan no hi ha gent al carrer. Passejar fins al mar \u00e9s un altre privilegi del barri.<\/p>\n\n\n\n<p>A l&#039;estranger, ara mateix, una fa\u00e7enda perduda a Minas Gerais, Brasil. Pur campet.<\/p>\n\n\n\n<blockquote class=\"wp-block-quote alignright is-layout-flow wp-block-quote-is-layout-flow\">\n<p>Cada cop m\u00e9s gent vol objectes que perdurin i valoren el proc\u00e9s de crear un moble a mida amb fustes, processos i acabats sostenibles.<\/p>\n<\/blockquote>\n\n\n\n<h5 class=\"wp-block-heading has-medium-font-size\">Cosa que ens vulguis explicar i que no t&#039;haguem preguntat. Parla ara o calla per sempre!<\/h5>\n\n\n\n<p>M\u00e9s passions: quan viatjo sempre porto els prism\u00e0tics i la meva vella c\u00e0mera Polaroid SX70.<\/p>\n\n\n\n<p>La meva banda sonora preferida s\u00f3n els ocells, els falciots sobre la ciutat, autells o c\u00e0rabs al bosc, merles o estornells als parcs.<\/p>\n\n\n\n<figure class=\"wp-block-image\"><img decoding=\"async\" src=\"https:\/\/www.monapart.com\/sites\/default\/files\/styles\/scale_960xn_\/public\/mediabrowser\/dsc_7542_-_xavier_mas.jpeg?itok=q9Mc061r\" alt=\"M\u00e9s fusta! Entrevista a Xavier Mas | Monapart \" title=\"Xavier Mas\"\/><\/figure>\n\n\n\n<p><strong>Entra a la&nbsp;<a href=\"http:\/\/www.masfuster.com\/es\/\" target=\"_blank\" rel=\"noreferrer noopener\">web de Xavier Mas<\/a>&nbsp;per descobrir la meravellosa feina d&#039;un ebenista del segle XXI.<\/strong><\/p>\n\n\n\n<h3 class=\"wp-block-heading\">Els mobles de Xavier Mas no nom\u00e9s estan fets de fusta, sin\u00f3 tamb\u00e9 de temps, hist\u00f2ria i car\u00e0cter. En un context on all\u00f2 immediat i all\u00f2 d&#039;un sol \u00fas sembla imposar-se, la seva feina ens recorda el valor del que s&#039;ha fet amb mans, cap i cor. Cada pe\u00e7a \u00e9s una declaraci\u00f3 de principis, una forma de resist\u00e8ncia silenciosa. I en aquesta barreja d&#039;ofici, art i vida quotidiana, Xavier demostra que l&#039;artesania ben entesa \u00e9s, sens dubte, una forma d&#039;art.<\/h3>","protected":false},"excerpt":{"rendered":"<p>La vida de Xavier Mas sempre ha estat estretament lligada a l&#039;art passant per diferents etapes. D&#039;estudiar Belles Arts i treballar a diversos museus, a dedicar-se de ple a una de les seves passions de sempre, la fusteria, on ha sabut destacar en un m\u00f3n dominat pel moble low-cost. Xavier coneix b\u00e9 els materials i gaudeix de tot el proc\u00e9s: des del treball inicial amb la fusta fins a les hist\u00f2ries que expliquen els mobles ja utilitzats, com demostra casa seva plena de peces \u00faniques rescatades. <\/p>","protected":false},"author":3,"featured_media":949,"comment_status":"closed","ping_status":"closed","sticky":false,"template":"","format":"standard","meta":{"_acf_changed":false,"footnotes":""},"categories":[2844,2845],"tags":[3233,2881],"class_list":["post-948","post","type-post","status-publish","format-standard","has-post-thumbnail","hentry","category-hogar","category-mi-monapart","tag-carpinteria","tag-mobiliario"],"acf":[],"_links":{"self":[{"href":"https:\/\/www.monapart.com\/magazine\/ca\/wp-json\/wp\/v2\/posts\/948","targetHints":{"allow":["GET"]}}],"collection":[{"href":"https:\/\/www.monapart.com\/magazine\/ca\/wp-json\/wp\/v2\/posts"}],"about":[{"href":"https:\/\/www.monapart.com\/magazine\/ca\/wp-json\/wp\/v2\/types\/post"}],"author":[{"embeddable":true,"href":"https:\/\/www.monapart.com\/magazine\/ca\/wp-json\/wp\/v2\/users\/3"}],"replies":[{"embeddable":true,"href":"https:\/\/www.monapart.com\/magazine\/ca\/wp-json\/wp\/v2\/comments?post=948"}],"version-history":[{"count":2,"href":"https:\/\/www.monapart.com\/magazine\/ca\/wp-json\/wp\/v2\/posts\/948\/revisions"}],"predecessor-version":[{"id":16234,"href":"https:\/\/www.monapart.com\/magazine\/ca\/wp-json\/wp\/v2\/posts\/948\/revisions\/16234"}],"wp:featuredmedia":[{"embeddable":true,"href":"https:\/\/www.monapart.com\/magazine\/ca\/wp-json\/wp\/v2\/media\/949"}],"wp:attachment":[{"href":"https:\/\/www.monapart.com\/magazine\/ca\/wp-json\/wp\/v2\/media?parent=948"}],"wp:term":[{"taxonomy":"category","embeddable":true,"href":"https:\/\/www.monapart.com\/magazine\/ca\/wp-json\/wp\/v2\/categories?post=948"},{"taxonomy":"post_tag","embeddable":true,"href":"https:\/\/www.monapart.com\/magazine\/ca\/wp-json\/wp\/v2\/tags?post=948"}],"curies":[{"name":"wp","href":"https:\/\/api.w.org\/{rel}","templated":true}]}}