{"id":942,"date":"2020-03-11T17:49:22","date_gmt":"2020-03-11T16:49:22","guid":{"rendered":"https:\/\/www.monapart.com\/magazine\/?p=942"},"modified":"2025-06-23T13:53:04","modified_gmt":"2025-06-23T11:53:04","slug":"tendencies-del-mercat-immobiliari","status":"publish","type":"post","link":"https:\/\/www.monapart.com\/magazine\/ca\/consejo-inmobiliario\/tendencias-del-mercado-inmobiliario","title":{"rendered":"Principals tend\u00e8ncies del mercat immobiliari"},"content":{"rendered":"<h1 class=\"wp-block-heading\">Principals tend\u00e8ncies del mercat immobiliari<\/h1>\n\n\n\n<h2 class=\"wp-block-heading\">Resumim les tend\u00e8ncies principals del mercat immobiliari que recullen les necessitats actuals de l&#039;usuari en habitatge i espai de treball.<\/h2>\n\n\n<div class='post-info'>11 de mar\u00e7 de 2020 per <a href='https:\/\/www.monapart.com\/magazine\/ca\/autor\/monapart'>Monapart<\/a><\/div>\n\n\n\n<p>El sector immobiliari fa temps que est\u00e0 immers en una profunda transformaci\u00f3. L&#039;aparici\u00f3 de les companyies <em>proptech<\/em>, la consolidaci\u00f3 dels espais de treball flexible, la import\u00e0ncia de la sostenibilitat a les construccions\u2026 S\u00f3n nom\u00e9s algunes de les tend\u00e8ncies del mercat immobiliari m\u00e9s rellevants del moment, que a poc a poc van enriquint les cl\u00e0ssiques opcions de vendre o <a href=\"https:\/\/www.monapart.com\/es\/servicios\/alquilar\" target=\"_blank\" rel=\"noreferrer noopener\">llogar<\/a> un habitatge.<\/p>\n\n\n\n<h5 class=\"wp-block-heading has-medium-font-size\"><a id=\"tendencias\"><\/a><strong>Principals tend\u00e8ncies del sector immobiliari<\/strong><\/h5>\n\n\n\n<h5 class=\"wp-block-heading has-medium-font-size\"><a id=\"rent\"><\/a><strong>Build to rent: els nous h\u00e0bits de vida dels millennials<\/strong><\/h5>\n\n\n\n<p>Cada cop que es produeix un canvi de generaci\u00f3 tamb\u00e9 succeeix, inevitablement, un canvi d&#039;h\u00e0bits. Els coneguts com a millennials -joves nascuts entre 1981 i 1996- entenen el concepte d&#039;habitatge d&#039;una manera diferent de la dels seus pares. En aquest sentit, comencen a ser models rellevants com el coliving -que \u00e9s una adaptaci\u00f3 del coworking al mercat de l&#039;habitatge-. \u00c9s una de les principals tend\u00e8ncies del mercat immobiliari, tamb\u00e9 a poc a poc a Espanya.<\/p>\n\n\n\n<p>D&#039;altra banda, el lloguer guanya cada cop m\u00e9s pes en comparaci\u00f3 de la compra, i aix\u00f2 s&#039;est\u00e0 traduint en promocions d&#039;edificis aixecades expressament per ser llogats. \u00c9s el conegut com a build to rent.<\/p>\n\n\n\n<figure class=\"wp-block-image\"><img decoding=\"async\" src=\"https:\/\/www.monapart.com\/sites\/default\/files\/styles\/scale_960xn_\/public\/mediabrowser\/02-tendencias-mercado-inmobiliario.jpg?itok=nqP3fM3J\" alt=\"Principals tend\u00e8ncies del mercat immobiliari | \"\/><\/figure>\n\n\n\n<p>Aquesta tend\u00e8ncia s&#039;ha vist refor\u00e7ada en temps de pand\u00e8mia, i \u00e9s dels pocs segments del mercat immobiliari beneficiat per la crisi del coronavirus, amb inversors buscant alternatives viables enmig d&#039;una tend\u00e8ncia general a la baixa. El build to rent, originat al Regne Unit, es basa en la premissa de construir habitatges nous per destinar-los \u00fanicament al lloguer. A Espanya, la principal demanda de productes build to rent ve generada per joves que, davant les dificultats de trobar habitatge de propietat i tenir una ocupaci\u00f3 que permeti els nivells de renda que exigeix, desisteixen i busquen habitatges de lloguer de qualitat on poder residir a llarg termini. El temps dir\u00e0 si aquesta tend\u00e8ncia qualla en un pa\u00eds com Espanya, on el 95% dels habitatges del fragmentat mercat de lloguer estan en mans de propietaris particulars, per\u00f2 els mil\u00b7lennistes ho tenen molt clar: aix\u00f2 d&#039;hipotecar-se i viure en un mateix lloc tota la vida no va amb ells\u2026<\/p>\n\n\n\n<blockquote class=\"wp-block-quote alignright is-layout-flow wp-block-quote-is-layout-flow\">\n<p>Ni els llogaters s\u00f3n els mateixos de fa 30 anys ni el mercat pot oferir les mateixes solucions de llavors<\/p>\n<\/blockquote>\n\n\n\n<h5 class=\"wp-block-heading has-medium-font-size\"><a id=\"coworking\"><\/a><strong>Coworking: la propagaci\u00f3 de les oficines flexibles<\/strong><\/h5>\n\n\n\n<p>Els espais de coworking (concepte nascut a San Francisco, el 2005) ja porten anys instal\u00b7lats a les grans ciutats. A Barcelona, per exemple, ja acumulen sis milions de metres quadrats, fet que suposa el 2,4% de la superf\u00edcie total d&#039;oficines de la ciutat. Est\u00e0 previst, a m\u00e9s, que els espais de treball flexible facin el salt de les grans urbs a ciutats menys poblades i de mida m\u00e9s modesta. Alguns dels avantatges del coworking davant de models tradicionals \u00e9s la capacitat d&#039;atreure professionals que prefereixen treballar en entorns col\u00b7laboratius. A m\u00e9s, aquest model tamb\u00e9 facilita que les empreses puguin disminuir o incrementar lespai que necessiten en funci\u00f3 de la c\u00e0rrega de treball.<\/p>\n\n\n\n<p>Els espais de coworking s\u00f3n, en ess\u00e8ncia, oficines compartides per professionals de diversos \u00e0mbits, on cadasc\u00fa, exercint la seva jornada i tasca, est\u00e0 en contacte amb altres professionals amb els quals fer networking i generar oportunitats de negoci que dif\u00edcilment s&#039;originarien en una oficina d&#039;estructura cl\u00e0ssica, on tota la plantilla pertany a la mateixa empresa. Programadors, dissenyadors, periodistes o consultors, entre molts altres, treballen amb una m\u00ednima infraestructura: un escriptori i una bona connexi\u00f3 a Internet on connectar el port\u00e0til s\u00f3n, en ess\u00e8ncia, m\u00e9s que suficients per a la seva tasca di\u00e0ria. Flexibilitat al poder.<\/p>\n\n\n\n<p>Si us interessa con\u00e8ixer m\u00e9s sobre la implantaci\u00f3 i futur d&#039;aquests espais, no us perdeu <a href=\"https:\/\/www.youtube.com\/watch?v=nlYScs26zv8\" target=\"_blank\" rel=\"noreferrer noopener\">aquesta xerrada<\/a> de Marta Rocamora, directora de comunitat de <a href=\"https:\/\/www.wework.com\/es-ES\" target=\"_blank\" rel=\"noreferrer noopener\">WeWork Espanya<\/a>, sobre aquesta tend\u00e8ncia a la <a href=\"https:\/\/www.monapart.com\/es\/magazine\/noticias\/usos-y-consumos-de-la-vivienda-segunda-edicion-de-speakeasy\" target=\"_blank\" rel=\"noreferrer noopener\">segona edici\u00f3 del nostre Speakeasy<\/a> a Barcelona.<\/p>\n\n\n\n<figure class=\"wp-block-image\"><img decoding=\"async\" src=\"https:\/\/www.monapart.com\/sites\/default\/files\/styles\/scale_960xn_\/public\/mediabrowser\/00b-tendencias-mercado-inmobiliario.jpg?itok=4-LcnF3J\" alt=\"Tend\u00e8ncies del mercat immobiliari\"\/><\/figure>\n\n\n\n<h5 class=\"wp-block-heading has-medium-font-size\"><a id=\"sostenibilidad\"><\/a><strong>La import\u00e0ncia de la sostenibilitat<\/strong><\/h5>\n\n\n\n<p>Avan\u00e7ar cap a un model econ\u00f2mic m\u00e9s ecol\u00f2gic i sostenible \u00e9s tamb\u00e9, afortunadament, una de les tend\u00e8ncies del mercat immobiliari m\u00e9s destacables. Els principals actors del sector immo estan apostant per un model m\u00e9s sostenible i eficient energ\u00e8ticament. global \u00e9s responsabilitat dels edificis, per aix\u00f2 millorar l&#039;efici\u00e8ncia energ\u00e8tica \u00e9s una q\u00fcesti\u00f3 urgent per intentar combatre la crisi clim\u00e0tica.<\/p>\n\n\n\n<p>I com que el canvi ha de comen\u00e7ar a casa, aqu\u00ed us deixem uns consells imprescindibles per iniciar-vos al <a href=\"https:\/\/www.monapart.com\/es\/magazine\/hogar\/autoconsumo-electrico-en-casa\" target=\"_blank\" rel=\"noreferrer noopener\">autoconsum el\u00e8ctric<\/a>.Un respir per al planeta i per a la butxaca.<\/p>\n\n\n\n<h5 class=\"wp-block-heading has-medium-font-size\"><a id=\"financieras\"><\/a><strong>Noves solucions financeres per al<em>real estate<\/em><\/strong><\/h5>\n\n\n\n<p>La digitalitzaci\u00f3 del real estat i financer ha propiciat que sorgeixin noves solucions de finan\u00e7ament d&#039;acord amb les noves tend\u00e8ncies del mercat immobiliari. Algunes de les innovacions m\u00e9s interessants tenen a veure amb el factoring o el finan\u00e7ament col\u00b7lectiu:<\/p>\n\n\n\n<ul class=\"wp-block-list\">\n<li><strong>Crowdfunding immobiliari<\/strong>: Les plataformes de finan\u00e7ament col\u00b7lectiu permeten adquirir participacions en projectes immobiliaris a canvi d&#039;aportacions diner\u00e0ries petites. Aix\u00f2 permet que pr\u00e0cticament qualsevol usuari pugui accedir a la inversi\u00f3 en b\u00e9ns arrels. Es diferencia entre inversors no acreditats (no hi poden participar amb m\u00e9s de 3000\u20ac per projecte ni m\u00e9s de 10.000\u20ac a l&#039;any entre tots els projectes); i acreditats (sense l\u00edmit per invertir, encara que els projectes en qu\u00e8 inverteixin no poden superar un total de 5 milions d&#039;euros).<br>\u00a0<\/li>\n\n\n\n<li><strong>Factoring immobiliari<\/strong>: El factoring \u00e9s una soluci\u00f3 financera que sovint utilitzen les empreses. Consisteix a obtenir finan\u00e7ament gr\u00e0cies al cobrament de factures pendents. Ara els propietaris d&#039;immobles de lloguer tamb\u00e9 poden rec\u00f3rrer a aquest tipus de finan\u00e7ament i cobrar<a href=\"https:\/\/www.advancing.es\/\" target=\"_blank\" rel=\"noreferrer noopener\">lloguer per avan\u00e7at<\/a> apalancant-se a les seves rendes. A m\u00e9s, aquest tipus de finan\u00e7ament tamb\u00e9 permet a l&#039;arrendador accedir a un pr\u00e9stec tot i tenir un<a href=\"https:\/\/www.advancing.es\/blog\/credito\/solicitar-historial-crediticio\/\" target=\"_blank\" rel=\"noreferrer noopener\">historial creditici negatiu<\/a>\u200b.<br>\u00a0<\/li>\n\n\n\n<li><strong>Inversi\u00f3 en deute immobiliari<\/strong>: \u00c9s un tipus d&#039;inversi\u00f3 for\u00e7a desconeguda per\u00f2 que de vegades ofereix rendibilitats interessants. A trav\u00e9s de plataformes digitals \u00e9s possible adquirir \u2013o desinvertir- en cr\u00e8dits i hipoteques vinculats a actius immobiliaris. Aquest tipus de producte d&#039;inversi\u00f3 fa anys estava lluny de l&#039;abast del petit inversor, que ara amb 10.000\u20ac o menys pot tenir acc\u00e9s a aquest mercat, amb actius de tota mena: residencial, comercial, oficines, etc. La rendibilitat dependr\u00e0 del risc i de si el cr\u00e8dit es troba al corrent de pagament o si, per contra, el deutor ha incorregut en impagaments.<\/li>\n<\/ul>","protected":false},"excerpt":{"rendered":"<p>El sector inmobiliario lleva tiempo inmerso en una profunda transformaci\u00f3n. La aparici\u00f3n de las compa\u00f1\u00edas proptech, la consolidaci\u00f3n de los espacios de trabajo flexible, la importancia de la sostenibilidad en las construcciones&#8230; Son solo algunas de las tendencias del mercado inmobiliario m\u00e1s relevantes del momento, que poco a poco van enriqueciendo las cl\u00e1sicas opciones de vender o alquilar una vivienda.<\/p>","protected":false},"author":3,"featured_media":943,"comment_status":"closed","ping_status":"closed","sticky":false,"template":"","format":"standard","meta":{"_acf_changed":false,"footnotes":""},"categories":[3268],"tags":[3258,3230],"class_list":["post-942","post","type-post","status-publish","format-standard","has-post-thumbnail","hentry","category-consejo-inmobiliario","tag-tendencias","tag-sector-inmobiliario-2"],"acf":[],"_links":{"self":[{"href":"https:\/\/www.monapart.com\/magazine\/ca\/wp-json\/wp\/v2\/posts\/942","targetHints":{"allow":["GET"]}}],"collection":[{"href":"https:\/\/www.monapart.com\/magazine\/ca\/wp-json\/wp\/v2\/posts"}],"about":[{"href":"https:\/\/www.monapart.com\/magazine\/ca\/wp-json\/wp\/v2\/types\/post"}],"author":[{"embeddable":true,"href":"https:\/\/www.monapart.com\/magazine\/ca\/wp-json\/wp\/v2\/users\/3"}],"replies":[{"embeddable":true,"href":"https:\/\/www.monapart.com\/magazine\/ca\/wp-json\/wp\/v2\/comments?post=942"}],"version-history":[{"count":1,"href":"https:\/\/www.monapart.com\/magazine\/ca\/wp-json\/wp\/v2\/posts\/942\/revisions"}],"predecessor-version":[{"id":16258,"href":"https:\/\/www.monapart.com\/magazine\/ca\/wp-json\/wp\/v2\/posts\/942\/revisions\/16258"}],"wp:featuredmedia":[{"embeddable":true,"href":"https:\/\/www.monapart.com\/magazine\/ca\/wp-json\/wp\/v2\/media\/943"}],"wp:attachment":[{"href":"https:\/\/www.monapart.com\/magazine\/ca\/wp-json\/wp\/v2\/media?parent=942"}],"wp:term":[{"taxonomy":"category","embeddable":true,"href":"https:\/\/www.monapart.com\/magazine\/ca\/wp-json\/wp\/v2\/categories?post=942"},{"taxonomy":"post_tag","embeddable":true,"href":"https:\/\/www.monapart.com\/magazine\/ca\/wp-json\/wp\/v2\/tags?post=942"}],"curies":[{"name":"wp","href":"https:\/\/api.w.org\/{rel}","templated":true}]}}