{"id":940,"date":"2020-03-04T12:58:25","date_gmt":"2020-03-04T11:58:25","guid":{"rendered":"https:\/\/www.monapart.com\/magazine\/?p=940"},"modified":"2025-06-23T14:01:48","modified_gmt":"2025-06-23T12:01:48","slug":"la-casa-del-futur-per-al-consumidor-dara","status":"publish","type":"post","link":"https:\/\/www.monapart.com\/magazine\/ca\/consejo-inmobiliario\/la-casa-del-futuro-para-el-consumidor-de-ahora","title":{"rendered":"La casa del futur per al consumidor d&#039;ara"},"content":{"rendered":"<h1 class=\"wp-block-heading\">La casa del futur per al consumidor d&#039;ara<\/h1>\n\n\n\n<h2 class=\"wp-block-heading\">A Instagram nom\u00e9s veiem cer\u00e0mica, terres hidr\u00e0ulics i macram\u00e9. S&#039;ajusta l&#039;obra nova a les necessitats i els costums de l&#039;usuari d&#039;avui? <\/h2>\n\n\n<div class='post-info'>4 de mar\u00e7 de 2020 per <a href='https:\/\/www.monapart.com\/magazine\/ca\/autor\/olgasala'>Olga Sala<\/a><\/div>\n\n\n\n<p>En una entrevista recent a Josep Jorge, director de <a href=\"http:\/\/www.fomenti.com\/\" target=\"_blank\" rel=\"noreferrer noopener\">Fomenti<\/a>, consultora en innovaci\u00f3 al sector immobiliari (<a href=\"https:\/\/www.ejeprime.com\/mercado\/josep-jorge-fomenti-no-es-cuestion-de-tener-mas-tecnologia-en-la-vivienda-sino-de-acercar-la-vivienda-al-usuario.html\" target=\"_blank\" rel=\"noreferrer noopener\">EjePrime, 5 de desembre de 2019<\/a>), aquest afirma:<em> \u00abNo \u00e9s q\u00fcesti\u00f3 de tenir m\u00e9s tecnologia al?habitatge, sin\u00f3 d?acostar l?habitatge a l?usuari. (\u2026) Les promotores cada cop posen m\u00e9s tecnologia als habitatges, per\u00f2 els usuaris volen fer un \u00fas m\u00e9s hum\u00e0 d&#039;aquesta tecnologia.\u00bb<\/em><\/p>\n\n\n\n<figure class=\"wp-block-image\"><img decoding=\"async\" src=\"https:\/\/www.monapart.com\/sites\/default\/files\/styles\/scale_960xn_\/public\/mediabrowser\/01-casa-futuro-consumidor-ahora.png?itok=tLv8uCy5\" alt=\"La casa del futur per al consumidor ara | Monapart \"\/><\/figure>\n\n\n\n<p>Al primer Speakeasy que va organitzar Monapart l&#039;abril de 2017, titulat <a href=\"https:\/\/www.monapart.com\/es\/magazine\/noticias\/vieja-obra-nueva-conversaciones-arriesgadas-sobre-vivienda\" target=\"_blank\" rel=\"noreferrer noopener\">\u00abVella Obra Nova\u00bb<\/a>, es va fer evident que en general, <strong>les promotores d&#039;obra nova residencial coneixen poc o gens l&#039;usuari per a qui construeixen<\/strong>, segueixen ancorades en un enfocament a producte i les seves decisions es basen en criteris d&#039;estricta rendibilitat. Moltes no es plantegen o no tenen lh\u00e0bit ni les eines per con\u00e8ixer millor al seu client i oferir-li un producte acord. I per arrissar el ris, si ho volguessin fer, haurien d&#039;entendre que la segmentaci\u00f3 tradicional per sexe, edat, poder adquisitiu, nivell cultural i zona avui dia es queda curta. El nou consumidor \u00e9s h\u00edbrid i la presa de decisi\u00f3 dep\u00e8n del moment de consum en qu\u00e8 es trobi (gr\u00e0cies Borja Mart\u00edn), cosa que \u00e9s molt m\u00e9s sofisticada i requereix un altre tipus d&#039;eines d&#039;intel\u00b7lig\u00e8ncia actitudinal. El m\u00e0rqueting mix ja no t\u00e9 4 pes sin\u00f3 5: la de persones.<\/p>\n\n\n\n<p>En aquest recent article <a href=\"http:\/\/www.rocagallery.com\/are-we-listening\" target=\"_blank\" rel=\"noreferrer noopener\">Are We Listening?<\/a> (Roca Gallery, 2 de desembre de 2019), Angus Bruce, director de Hassell, estudi d&#039;arquitectura del paisatge, deixa clar com <strong>la reflexi\u00f3 sobre el disseny de l&#039;habitatge i la ciutat del futur no s&#039;ha de limitar a l&#039;arquitectura strictu sensu sin\u00f3 fer-se des d&#039;una mirada transversal i hol\u00edstica<\/strong> que englobi disseny, medi ambient, art, mobilitat, etc. Per qu\u00e8? Perqu\u00e8 la frontera entre el que \u00e9s privat i el que \u00e9s p\u00fablic \u00e9s cada vegada m\u00e9s difusa i l&#039;habitatge ja no \u00e9s nom\u00e9s el que hi ha despr\u00e9s de creuar el llindar sin\u00f3 tamb\u00e9 el quiosc de la cantonada, l&#039;olor de pa acabat de fer de la fleca de baix, el soroll del bus que passa per davant, el cicle de cinema a la filmoteca, etc. <strong>La meva rutina dins de casa i el que passa fora formen un tot indissociable de la meva experi\u00e8ncia dom\u00e8stica<\/strong> i si alg\u00fa avui est\u00e0 decidint si construir pisos grans o petits, donar m\u00e9s llic\u00e8ncies tur\u00edstiques o limitar-les, invertir en una xarxa de transport p\u00fablic que comuniqui cada extrem de la ciutat, crear zones verdes o oferir una agenda d&#039;activitats din\u00e0mica i de qualitat, etc. tot aix\u00f2 afectar\u00e0 directament a dissenyar un habitatge\/ciutat del futur que respongui a les necessitats\/felicitat dels qui l&#039;habiten. Per\u00f2, repeteixo, abans cal preguntar.<\/p>\n\n\n\n<figure class=\"wp-block-image\"><img decoding=\"async\" src=\"https:\/\/www.monapart.com\/sites\/default\/files\/styles\/scale_960xn_\/public\/mediabrowser\/02-casa-futuro-consumidor-ahora.jpg?itok=ddmc67aD\" alt=\"La casa del futur per al consumidor ara | Monapart \"\/><\/figure>\n\n\n\n<p>I aix\u00f2 \u00e9s precisament el que Angus Bruce va preguntar als urbanites del futur, \u00e9s a dir, els nens d&#039;ara, i (a toro passat resulta obvi) la \u00abjugabilitat\u00bb va emergir com un factor important a tenir en compte a l&#039;hora de reflexionar sobre els espais urbans: <em>\u00abLa jugabilitat aporta vida als espais de la nostra ciutat i encoratja les persones a quedar-se, explorar i, el m\u00e9s important, somriure. El joc porta alegria, ajuda les persones a sentir-se connectades, incloses i estimulades per les ciutats on viuen.\u00bb<\/em> I em pregunto... Aquesta jugabilitat ens la pot aportar la tecnologia? Aix\u00ed que tornem al punt de partida.<\/p>\n\n\n\n<figure class=\"wp-block-image\"><img decoding=\"async\" src=\"https:\/\/www.monapart.com\/sites\/default\/files\/styles\/scale_960xn_\/public\/mediabrowser\/03-casa-futuro-consumidor-ahora.jpg?itok=U4PcAVFc\" alt=\"La casa del futur per al consumidor ara | Monapart \"\/><\/figure>\n\n\n\n<p>Busco promocions d&#039;obra nova a Google i em trobo amb nombroses promotores que parlen d&#039;acabats de luxe i tecnologia avantguardista, habitatges intel\u00b7ligents, edificis intel\u00b7ligents, habitatges amb tecnologia d&#039;\u00faltima generaci\u00f3\u2026 <strong><em>technology is the new black<\/em><\/strong>. Tot i aix\u00f2, quan em capbusso a Pinterest oa Instagram, on est\u00e0 el mercat opinant 24\/7, totes les imatges dom\u00e8stiques apunten a posicions retro i molt conservadores. Fes tu mateix la prova i veur\u00e0s que en aquestes plataformes l&#039;habitatge \u00e9s ple de palmeres en testos de fang sobre parets blanques i terres de parquet en espiga, catifes marroquines, terres hidr\u00e0ulics, kilims, tapissos, i macram\u00e9 senyors! Aleshores? Per qu\u00e8 aquest gap entre l&#039;habitatge <em>smart <\/em>que se&#039;ns ofereix i el que ens agrada? Potser el gap \u00e9s definir exactament els beneficis que reporta aquesta tecnologia al consumidor d&#039;ara i no al d&#039;aqu\u00ed uns anys i en aquest cas, seria m\u00e9s idoni parlar de <em>smart living<\/em> i no tant de <em>smart homes<\/em>. Sigui com sigui, el gap no \u00e9s nom\u00e9s problema del sector immobiliari, ja que <strong>tots els sectors es veuen afectats per una demanda que sempre va per davant en un entorn on el canvi \u00e9s la constant<\/strong>.<\/p>\n\n\n\n<blockquote class=\"wp-block-quote alignright is-layout-flow wp-block-quote-is-layout-flow\">\n<p>La rutina dins de casa i el que passa fora formen un tot indissociable de la nostra experi\u00e8ncia dom\u00e8stica<\/p>\n<\/blockquote>\n\n\n\n<p>Vegem\u2026 la majoria tenim un assistent personal a la butxaca badallant tot el dia (Hola Siri\u2026) o acumulant pols al sal\u00f3 (Alexa, Cortana, Google Assistant\u2026) ia qui, molt de tant en tant, despertem de la letargia per demanar-li que ens posi tal o tal can\u00e7\u00f3. Amb tot el que podr\u00edem demanar-li! I malgrat que les vendes d&#039;aquests altaveus intel\u00b7ligents s\u00f3n un dels sectors de creixement m\u00e9s r\u00e0pid dins del m\u00f3n tecnol\u00f2gic, amb unes vendes que van cr\u00e9ixer un 96% el segon trimestre d&#039;aquest any (30,2 milions d&#039;unitats segons <a href=\"https:\/\/www.strategyanalytics.com\/strategy-analytics\/home\" target=\"_blank\" rel=\"noreferrer noopener\">Strategy Analytics<\/a>) i que Alexa d&#039;Amazon va superar els 100 milions d&#039;unitats venudes a tot el m\u00f3n el Nadal passat (<a href=\"https:\/\/www.eleconomista.es\/tecnologia\/noticias\/9618846\/01\/19\/Las-ventas-de-Alexa-superan-los-100-millones-de-unidades-en-todo-el-mundo.html\" target=\"_blank\" rel=\"noreferrer noopener\">L&#039;Economista, 7 gener 2019<\/a>), tot apunta que s\u00ed, en un futur no gaire lluny\u00e0 aquests assistents activats per veu reformularan els nostres h\u00e0bits de compra online peeeero, a dia d&#039;avui, menys del 20% els utilitzen per comprar productes sin\u00f3 per escoltar m\u00fasica o podcasts, con\u00e8ixer les \u00faltimes not\u00edcies, el temps o l&#039;estat del tr\u00e0nsit. El que he dit\u2026<\/p>\n\n\n\n<figure class=\"wp-block-image\"><img decoding=\"async\" src=\"https:\/\/www.monapart.com\/sites\/default\/files\/styles\/scale_960xn_\/public\/mediabrowser\/00-casa-futuro-consumidor-ahora.jpg?itok=CTACIlUZ\" alt=\"La casa del futur per al consumidor ara | Monapart \"\/><\/figure>\n\n\n\n<p>I per acabar. Si l&#039;any 2060 la poblaci\u00f3 a la Uni\u00f3 Europea per sobre dels 65 anys rondar\u00e0 el 40% del total (2 de cada 5 persones!), nom\u00e9s en termes pressupostaris, la despesa en assist\u00e8ncia sanit\u00e0ria passar\u00e0 del 6,9% al 8,3% del PIB i en molts pa\u00efsos el pagament de les pensions <strong>La casa del futur per al consumidor defineix en el fons un repte social i econ\u00f2mic enorme<\/strong>. Ja veurem quin paper hi jugar\u00e0 la tecnologia.<\/p>","protected":false},"excerpt":{"rendered":"<p>En una entrevista reciente a Josep Jorge, director de Fomenti, consultora en innovaci\u00f3n en el sector inmobiliario (EjePrime, 5 de diciembre de 2019), \u00e9ste afirma: \u00abNo es cuesti\u00f3n de tener m\u00e1s tecnolog\u00eda en la vivienda, sino de acercar la vivienda al usuario. (&#8230;) Las promotoras cada vez ponen m\u00e1s tecnolog\u00eda en las viviendas, pero los usuarios quieren hacer un uso m\u00e1s humano de esta tecnolog\u00eda.\u00bb<\/p>","protected":false},"author":4,"featured_media":941,"comment_status":"closed","ping_status":"closed","sticky":false,"template":"","format":"standard","meta":{"_acf_changed":false,"footnotes":""},"categories":[3268],"tags":[3258,2959],"class_list":["post-940","post","type-post","status-publish","format-standard","has-post-thumbnail","hentry","category-consejo-inmobiliario","tag-tendencias","tag-vivienda"],"acf":[],"_links":{"self":[{"href":"https:\/\/www.monapart.com\/magazine\/ca\/wp-json\/wp\/v2\/posts\/940","targetHints":{"allow":["GET"]}}],"collection":[{"href":"https:\/\/www.monapart.com\/magazine\/ca\/wp-json\/wp\/v2\/posts"}],"about":[{"href":"https:\/\/www.monapart.com\/magazine\/ca\/wp-json\/wp\/v2\/types\/post"}],"author":[{"embeddable":true,"href":"https:\/\/www.monapart.com\/magazine\/ca\/wp-json\/wp\/v2\/users\/4"}],"replies":[{"embeddable":true,"href":"https:\/\/www.monapart.com\/magazine\/ca\/wp-json\/wp\/v2\/comments?post=940"}],"version-history":[{"count":2,"href":"https:\/\/www.monapart.com\/magazine\/ca\/wp-json\/wp\/v2\/posts\/940\/revisions"}],"predecessor-version":[{"id":16261,"href":"https:\/\/www.monapart.com\/magazine\/ca\/wp-json\/wp\/v2\/posts\/940\/revisions\/16261"}],"wp:featuredmedia":[{"embeddable":true,"href":"https:\/\/www.monapart.com\/magazine\/ca\/wp-json\/wp\/v2\/media\/941"}],"wp:attachment":[{"href":"https:\/\/www.monapart.com\/magazine\/ca\/wp-json\/wp\/v2\/media?parent=940"}],"wp:term":[{"taxonomy":"category","embeddable":true,"href":"https:\/\/www.monapart.com\/magazine\/ca\/wp-json\/wp\/v2\/categories?post=940"},{"taxonomy":"post_tag","embeddable":true,"href":"https:\/\/www.monapart.com\/magazine\/ca\/wp-json\/wp\/v2\/tags?post=940"}],"curies":[{"name":"wp","href":"https:\/\/api.w.org\/{rel}","templated":true}]}}