{"id":936,"date":"2020-03-02T09:58:16","date_gmt":"2020-03-02T08:58:16","guid":{"rendered":"https:\/\/www.monapart.com\/magazine\/?p=936"},"modified":"2025-04-15T11:48:58","modified_gmt":"2025-04-15T09:48:58","slug":"a-casa-de-brott-barcelona","status":"publish","type":"post","link":"https:\/\/www.monapart.com\/magazine\/ca\/hogar\/en-casa-de-brott-barcelona","title":{"rendered":"A casa de Brott Barcelona"},"content":{"rendered":"<h1 class=\"wp-block-heading\">A casa de Brott Barcelona<\/h1>\n\n\n\n<h2 class=\"wp-block-heading\">Marta i Marc ens obren les portes de casa seva a Manresa, un pis que van trobar gr\u00e0cies a Monapart i que van reformar amb cura i encert, tamb\u00e9 per a felicitat dels m\u00e9s peluts de la casa. <\/h2>\n\n\n<div class='post-info'>2 de mar\u00e7 de 2020 per <a href='https:\/\/www.monapart.com\/magazine\/ca\/autor\/monapart'>Monapart<\/a><\/div>\n\n\n\n<p><em>\u201cNo ens cap al cap no tenir gossos\u201d<\/em>.Marta Huguet i Marc Velasco no serien els que s\u00f3n sense Nela, Brot i Penny, els llebrers que han marcat la seva vida personal\u2026 i professional La necessitat els va portar a crear. <a href=\"https:\/\/brottdog.com\/\" target=\"_blank\" rel=\"noreferrer noopener\">Brott Barcelona<\/a> (2010), signatura de lifestyle i accessoris per a gossos, sent els collarets els productes m\u00e9s reconeixibles del seu cat\u00e0leg, que van impulsar la marca.<\/p>\n\n\n\n<p><em>&quot;Vam adoptar Nela, la nostra primera galga i ens vam adonar que, al sector, no hi havia un producte cuidat a nivell d&#039;imatge, de qualitat. Tampoc sostenible ni de proximitat. Ens vam proposar oferir-los el millor i amb aquesta motivaci\u00f3 busquem per a ells un collaret c\u00f2mode, de disseny i de m\u00e0xima qualitat&quot;<\/em>, explica Marta. Brott fabrica a Barcelona tots els productes a m\u00e0. Sense presses, cuidant al m\u00e0xim cada detall.<\/p>\n\n\n\n<p>Tots dos tenen el cor dividit entre Barcelona i Manresa. Marta va n\u00e9ixer a la capital per\u00f2 va viure des de petita a la Catalunya central amb part de la seva fam\u00edlia. I el Marc \u00e9s de Manresa de tota la vida. Com a professionals del disseny, adoren Barcelona com a font d&#039;inspiraci\u00f3 cultural i urbana.<\/p>\n\n\n\n<figure class=\"wp-block-image\"><img decoding=\"async\" src=\"https:\/\/www.monapart.com\/sites\/default\/files\/styles\/scale_960xn_\/public\/mediabrowser\/01-en-casa-de-brott-barcelona.jpg?itok=wqMMOYGp\" alt=\"A casa de Brott Barcelona | Monapart \"\/><\/figure>\n\n\n\n<p><em>&quot;Sempre hem tingut l&#039;espineta de viure a Barcelona, per a alg\u00fa de Manresa, per les oportunitats que ofereix una gran ciutat aix\u00ed. I un dia, buscant pis per comprar, vam veure a la web de Monapart que en tenien un... a Manresa! No ens ho cr\u00e8iem, la immobili\u00e0ria amb qu\u00e8 ens sent\u00edem identificats tenia un pis esperant-nos a la nostra ciutat!&quot;<\/em>, recorda Marc. Tots dos s\u00f3n monaparters des dels nostres inicis, ja fa 10 anys.<\/p>\n\n\n\n<p><em>&quot;Manresa \u00e9s una ciutat petita, per\u00f2 t\u00e9 de tot i bona connexi\u00f3 per carretera. En tenir un estudi de disseny -<a href=\"http:\/\/www.dosidesign.es\/\" target=\"_blank\" rel=\"noreferrer noopener\">dosidesign<\/a>\u2013, a banda de Brott, valorem molt estar ben connectats amb els nostres clients i, per descomptat, valorem molt poder anar a la feina caminant (rialles)\u2026 D&#039;altra banda, el preu de l&#039;habitatge \u00e9s m\u00e9s accessible i tenim molta muntanya al nostre voltant, de manera que \u00e9s f\u00e0cil donar-se un respir i tenir contacte amb la natura\u201d<\/em>, considera Marta.<\/p>\n\n\n\n<p>Ens obren les portes de casa seva i ens expliquen com la van fer seva despr\u00e9s d&#039;una reforma encertada. El Marc \u00e9s dissenyador d&#039;interiors i ha projectat un habitatge adaptat a les necessitats plantejant espais molt oberts. <em>&quot;Ens encanta rebre amics i fam\u00edlia a casa i cuinar per a ells. La cuina est\u00e0 pensada com a rebedor i al costat del menjador queda una estada de 50m2 per gaudir al costat de Brot i Penny&quot;<\/em>, apunta Marta. Es va plantejar una sola habitaci\u00f3 en un espai de 110m2 per disposar d\u00b4un bon vestidor i un despatx que els permet treballar des de casa, si cal. La llum ha estat clau a la reforma i des de l&#039;inici es va plantejar una obertura a la fa\u00e7ana posterior per tenir una terrassa de 10m2 que permet fer vida a l&#039;exterior.<\/p>\n\n\n\n<figure class=\"wp-block-image\"><img decoding=\"async\" src=\"https:\/\/www.monapart.com\/sites\/default\/files\/styles\/scale_960xn_\/public\/mediabrowser\/03-en-casa-de-brott-barcelona.jpg?itok=A5acSGLd\" alt=\"A casa de Brott Barcelona | Monapart \"\/><\/figure>\n\n\n\n<figure class=\"wp-block-image\"><img decoding=\"async\" src=\"https:\/\/www.monapart.com\/sites\/default\/files\/styles\/scale_960xn_\/public\/mediabrowser\/02-en-casa-de-brott-barcelona.jpg?itok=vcWGCm1N\" alt=\"A casa de Brott Barcelona | Monapart \"\/><\/figure>\n\n\n\n<figure class=\"wp-block-image\"><img decoding=\"async\" src=\"https:\/\/www.monapart.com\/sites\/default\/files\/styles\/scale_960xn_\/public\/mediabrowser\/04-en-casa-de-brott-barcelona.jpg?itok=qDS9C_Ra\" alt=\"A casa de Brott Barcelona | Monapart \"\/><\/figure>\n\n\n\n<figure class=\"wp-block-image\"><img decoding=\"async\" src=\"https:\/\/www.monapart.com\/sites\/default\/files\/styles\/scale_960xn_\/public\/mediabrowser\/05-en-casa-de-brott-barcelona.jpg?itok=lwSjlRtB\" alt=\"A casa de Brott Barcelona | Monapart \"\/><\/figure>\n\n\n\n<p>El resultat \u00e9s tan est\u00e8tic com a funcional. Per a tots, inclosos els llebrers. <em>&quot;Ells es conformen amb molt poc. Un bon sof\u00e0, menjar i amor, molt d&#039;amor!&quot;<\/em><\/p>\n\n\n\n<p>Segons Marc i Marta, no s\u00f3n ells els qui adopten els seus gossos, sin\u00f3 que <em>&quot;sincerament, pensem que ells ens adopten a nosaltres&quot;. &quot;Nela ens va deixar fa un any i ara vam adoptar un nou terratr\u00e8mol, Penny. Tant per fer companyia a Brot com per donar una oportunitat a una gosseta que necessitava una llar&quot;<\/em>, explica Marta. S\u00f3n \u201cdog lovers\u201d i sempre han estat envoltats dels seus amics peluts. <em>\u201c\u00c9s a dir veritat, s\u00f3n m\u00e9s que un estil de vida\u2026 s\u00f3n la nostra vida!\u201d<\/em><\/p>\n\n\n\n<blockquote class=\"wp-block-quote alignright is-layout-flow wp-block-quote-is-layout-flow\">\n<p>Segons Marc i Marta, no s\u00f3n ells els qui adopten els seus gossos, sin\u00f3 que \u201csincerament, pensem que ells ens adopten a nosaltres\u201d.<\/p>\n<\/blockquote>\n\n\n\n<p>Tenir gossos i viure dignament a la ciutat \u00e9s, segons ells, una q\u00fcesti\u00f3 d&#039;adaptar-se i trobar els espais adequats. <em>&quot;No hem sentit mai que no puguem estar a prop de la natura o trobar bons parcs a Barcelona. Creiem que \u00e9s m\u00e9s una q\u00fcesti\u00f3 de responsabilitat que no d&#039;estar fet o no per a la ciutat o la muntanya. Tenim millor qualitat de vida per a ells en ciutats m\u00e9s petites, naturalment, encara que els nostres gossets s\u00f3n molt urbans, sempre que podem v\u00e9nen a Barcelona amb nosaltres&quot;<\/em>, expliquen.<\/p>\n\n\n\n<figure class=\"wp-block-image\"><img decoding=\"async\" src=\"https:\/\/www.monapart.com\/sites\/default\/files\/styles\/scale_960xn_\/public\/mediabrowser\/06-en-casa-de-brott-barcelona.jpg?itok=F0BPVOwE\" alt=\"A casa de Brott Barcelona | Monapart \"\/><\/figure>\n\n\n\n<p>I ens donen uns consells essencials per acollir-los a casa: <em>&quot;Un gos s&#039;adapta a l&#039;estil de vida i espai que rebi, sempre que tingui les seves necessitats b\u00e0siques cobertes: passejades, una mica d&#039;entrenament, m\u00e9s mental (rastreig, cerca o jocs a casa) que f\u00edsic, ja que ajuda molt a cansar-lo, aix\u00ed no necessiten una activitat tan alta a les sortides. El millor \u00e9s confiar en un bon et\u00f2leg que arriba a casa de&quot;.<\/em><\/p>\n\n\n\n<p>A jutjar per la vitalitat de Brot i Penny, semblen haver trobat, en aquest pis, la seva veritable llar.<\/p>\n\n\n\n<h5 class=\"wp-block-heading has-medium-font-size\"><strong>Preguntes breus:<\/strong><\/h5>\n\n\n\n<ul class=\"wp-block-list\">\n<li>Un t\u00edpic diumenge al mat\u00ed?\u00a0<em>Una tassa de caf\u00e8, un bon esmorzar i premsa o bons blocs de disseny on perdre&#039;s.<\/em><\/li>\n\n\n\n<li>\u00bf Lloc preferit per passejar? <em>Ens encanta el mar i les passejades matutines o el vespre per la platja.<\/em><\/li>\n\n\n\n<li>\u00bf M\u00fasica preferida? <em>Indie, pop i una mica de rock.\u00a0<\/em><\/li>\n\n\n\n<li>Restaurant preferit? <em>Ens agrada variar i con\u00e8ixer llocs nous. Per\u00f2 sempre que siguin #dogfriendly, aix\u00ed hi podem anar tota la fam\u00edlia!\u00a0<\/em><\/li>\n\n\n\n<li>Moment que recordeu especialment a la vostra nova llar? <em>Els primers dies quan ja hi havia sof\u00e0 i van entrar derrapant, saltant damunt del sof\u00e0\u2026 bordant\u2026 Aix\u00f2 \u00e9s casa!<\/em><\/li>\n<\/ul>","protected":false},"excerpt":{"rendered":"<p>\u201cNo ens cap al cap no tenir gossos\u201d. Marta Huguet i Marc Velasco no serien els que s\u00f3n sense Nela, Brot i Penny, els llebrers que han marcat la seva vida personal\u2026 i professional. La necessitat els va portar a crear Brott Barcelona (2010), firma de lifestyle i accessoris per a gossos, sent els collarets els productes m\u00e9s reconeixibles del seu cat\u00e0leg, que van impulsar la marca.<\/p>","protected":false},"author":3,"featured_media":937,"comment_status":"closed","ping_status":"closed","sticky":false,"template":"","format":"standard","meta":{"_acf_changed":false,"footnotes":""},"categories":[2844,2845],"tags":[2871,2896],"class_list":["post-936","post","type-post","status-publish","format-standard","has-post-thumbnail","hentry","category-hogar","category-mi-monapart","tag-interiorismo","tag-animales"],"acf":[],"_links":{"self":[{"href":"https:\/\/www.monapart.com\/magazine\/ca\/wp-json\/wp\/v2\/posts\/936","targetHints":{"allow":["GET"]}}],"collection":[{"href":"https:\/\/www.monapart.com\/magazine\/ca\/wp-json\/wp\/v2\/posts"}],"about":[{"href":"https:\/\/www.monapart.com\/magazine\/ca\/wp-json\/wp\/v2\/types\/post"}],"author":[{"embeddable":true,"href":"https:\/\/www.monapart.com\/magazine\/ca\/wp-json\/wp\/v2\/users\/3"}],"replies":[{"embeddable":true,"href":"https:\/\/www.monapart.com\/magazine\/ca\/wp-json\/wp\/v2\/comments?post=936"}],"version-history":[{"count":2,"href":"https:\/\/www.monapart.com\/magazine\/ca\/wp-json\/wp\/v2\/posts\/936\/revisions"}],"predecessor-version":[{"id":16264,"href":"https:\/\/www.monapart.com\/magazine\/ca\/wp-json\/wp\/v2\/posts\/936\/revisions\/16264"}],"wp:featuredmedia":[{"embeddable":true,"href":"https:\/\/www.monapart.com\/magazine\/ca\/wp-json\/wp\/v2\/media\/937"}],"wp:attachment":[{"href":"https:\/\/www.monapart.com\/magazine\/ca\/wp-json\/wp\/v2\/media?parent=936"}],"wp:term":[{"taxonomy":"category","embeddable":true,"href":"https:\/\/www.monapart.com\/magazine\/ca\/wp-json\/wp\/v2\/categories?post=936"},{"taxonomy":"post_tag","embeddable":true,"href":"https:\/\/www.monapart.com\/magazine\/ca\/wp-json\/wp\/v2\/tags?post=936"}],"curies":[{"name":"wp","href":"https:\/\/api.w.org\/{rel}","templated":true}]}}