{"id":900,"date":"2019-10-10T09:27:15","date_gmt":"2019-10-10T07:27:15","guid":{"rendered":"https:\/\/www.monapart.com\/magazine\/?p=900"},"modified":"2025-04-15T13:26:22","modified_gmt":"2025-04-15T11:26:22","slug":"xerrada-monapart-a-open-house-madrid-un-habitatge-mes-sostenible","status":"publish","type":"post","link":"https:\/\/www.monapart.com\/magazine\/ca\/noticias\/charla-monapart-en-open-house-madrid-una-vivienda-mas-sostenible","title":{"rendered":"Xerrada Monapart a Open House Madrid: un habitatge m\u00e9s sostenible"},"content":{"rendered":"\n<h1 class=\"wp-block-heading\">Charla Monapart en Open House Madrid: una vivienda m\u00e1s sostenible<\/h1>\n\n\n\n<h2 class=\"wp-block-heading\">Reutilizar elementos ya existentes, elegir materiales naturales o flexibilizar espacios contribuye al mejor cuidado del medio ambiente. Y tambi\u00e9n est\u00e1 en tus manos. <\/h2>\n\n\n<div class='post-info'>10 d'octubre de 2019 por <a href='https:\/\/www.monapart.com\/magazine\/ca\/autor\/monapart'>Monapart<\/a><\/div>\n\n\n\n<figure class=\"wp-block-image\"><img decoding=\"async\" src=\"https:\/\/www.monapart.com\/sites\/default\/files\/styles\/scale_960x960_\/public\/mediabrowser\/elii-monapart.jpg?itok=FXqtZLY6\" alt=\"Charla Monapart en Open House Madrid: una vivienda m\u00e1s sostenible | Monapart \"\/><\/figure>\n\n\n\n<p><sub>(Foto: Imagen Subliminal &#8211;&nbsp;Miguel de Guzm\u00e1n y Roc\u00edo Romero).<\/sub><\/p>\n\n\n\n<p>El <a href=\"https:\/\/www.openhousemadrid.org\/\" target=\"_blank\" rel=\"noreferrer noopener\">Open House<\/a>&nbsp;es el festival de arquitectura y ciudad que se celebra anualmente en m\u00e1s de 40 pa\u00edses.&nbsp;Tras ser <a href=\"\/node\/2214\" target=\"_blank\" rel=\"noreferrer noopener\">Monapart uno de los patrocinadores&nbsp;del Open House Madrid<\/a> el a\u00f1o pasado, este a\u00f1o repetimos y en esta ocasi\u00f3n, invitamos a <a href=\"http:\/\/elii.es\/\" target=\"_blank\" rel=\"noreferrer noopener\">Elii [Oficina de arquitectura]<\/a> a una charla para hacer un repaso a soluciones y materiales a la hora de afrontar una reforma, que nos ayudar\u00e1n a tener una vivienda m\u00e1s sostenible.<\/p>\n\n\n\n<p>Ser\u00e1 una de las fundadoras de Elii, <a href=\"https:\/\/www.linkedin.com\/in\/eva-gil-lopesino-70543917\/\" target=\"_blank\" rel=\"noreferrer noopener\">Eva Gil<\/a>, quien nos contar\u00e1 a trav\u00e9s de varios proyectos c\u00f3mo reutilizar elementos ya existentes, elegir materiales naturales o flexibilizar espacios, contribuye al mejor cuidado del medio ambiente.<\/p>\n\n\n\n<p><strong>La charla tendr\u00e1 lugar el pr\u00f3ximo d\u00eda 18 de octubre en la sala Esparto del centro de coworking Impact Hub de la calle Piamonte, 23. Para asistir, inscr\u00edbete <a href=\"https:\/\/mailchi.mp\/1de244cb2a83\/cbrpdd6q1f\" target=\"_blank\" rel=\"noreferrer noopener\">aqu\u00ed<\/a>.<\/strong><\/p>\n\n\n\n<p>Elii [Oficina de arquitectura] fue fundada en 2006 por tres socios arquitectos: <a href=\"https:\/\/www.linkedin.com\/in\/uriel-fogu%C3%A9-herreros-b740bb12\/\" target=\"_blank\" rel=\"noreferrer noopener\">Uriel Fogu\u00e9<\/a>, Eva Gil y <a href=\"https:\/\/www.linkedin.com\/in\/carlos-palacios-0001513b\/\" target=\"_blank\" rel=\"noreferrer noopener\">Carlos Palacios<\/a>. Desde entonces han dise\u00f1ado y ejecutado proyectos muy diversos, que van desde espacios p\u00fablicos a privados, vivienda colectiva, individual, espacios de trabajo, rehabilitaci\u00f3n y reforma, arquitectura ef\u00edmera, dise\u00f1o de exposiciones, dise\u00f1o de mobiliario\u2026<\/p>\n\n\n\n<figure class=\"wp-block-image\"><img decoding=\"async\" src=\"https:\/\/www.monapart.com\/sites\/default\/files\/styles\/scale_960x960_\/public\/mediabrowser\/creditos_imagen_subliminal_miguel_de_guzman_y_rocio_romero.jpg?itok=L5Sa1jDG\" alt=\"Charla Monapart en Open House Madrid: una vivienda m\u00e1s sostenible | Monapart \"\/><\/figure>\n\n\n\n<p><sup>(Foto: Imagen Subliminal &#8211;&nbsp;Miguel de Guzm\u00e1n y Roc\u00edo Romero).<\/sup><\/p>\n\n\n\n<p>Su \u00faltimo proyecto, <a href=\"http:\/\/elii.es\/portfolio\/oki-esp\/\" target=\"_blank\" rel=\"noreferrer noopener\">OKI<\/a>, consisti\u00f3 en la reforma integral de una vivienda familiar de los a\u00f1os 70 para convertirla a uso mixto, como hogar y como despacho profesional. Un proyecto donde implementaron tecnolog\u00edas de monitorizaci\u00f3n para el consumo energ\u00e9tico de la casa que la conectan con un programa ecol\u00f3gico a mayor escala.&nbsp;<\/p>\n\n\n\n<p>Para los habituales de los eventos de Matadero, en Madrid, seguramente hay\u00e1is visitado recientemente alguna de las exposiciones dise\u00f1adas por ellos. La m\u00e1s reciente: <a href=\"http:\/\/elii.es\/portfolio\/ecovisionarios-esp\/\" target=\"_blank\" rel=\"noreferrer noopener\">Ecovisionarios, \u201cArte para un planeta en emergencia\u201d<\/a>&nbsp;y el <a href=\"http:\/\/elii.es\/portfolio\/jardin-cyborg-imna-esp\/\" target=\"_blank\" rel=\"noreferrer noopener\">Jard\u00edn Cyborg \u2013 Instituto Mutante de Narrativas Ambientales<\/a>, en las que trataron en profundidad la crisis clim\u00e1tica y su relaci\u00f3n con la cultura y el mundo del arte. Un ejercicio de dise\u00f1o responsable, ya que reutilizaron las estructuras de exposiciones anteriores, usaron materiales reciclados o reciclables y, concluido el evento, estudiaron las segundas vidas de los materiales y las estructuras.<\/p>\n\n\n\n<p>Remont\u00e1ndonos unos a\u00f1os, en 2013, recibieron el Premio COAM (Colegio Oficial de Arquitectos de Madrid ) por su proyecto de vivienda \u201cHouse of Would\u201d, construida en la localidad de Pedrezuela (al norte de Madrid). Un buen ejemplo de organizaci\u00f3n flexible gracias al sistema modular (que permite alterar en todo momento la funcionalidad de los espacios) y a una organizaci\u00f3n fragmentable: puedes dividir la casa en otra m\u00e1s peque\u00f1a si no necesitas utilizarla al completo. Y si ahorras espacio, ahorras energ\u00eda\u2026<\/p>\n\n\n\n<p>* * *<\/p>\n\n\n\n<p>Aqu\u00ed te dejamos con el v\u00eddeo resumen de la charla:<\/p>\n\n\n\n<figure class=\"wp-block-embed is-type-video is-provider-youtube wp-block-embed-youtube wp-embed-aspect-16-9 wp-has-aspect-ratio\"><div class=\"wp-block-embed__wrapper\">\n<iframe loading=\"lazy\" title=\"Charla Monapart Madrid sobre vivienda sostenible (Elii Arquitectura)\" width=\"500\" height=\"281\" src=\"https:\/\/www.youtube.com\/embed\/PPETT7TPyjk?feature=oembed\" frameborder=\"0\" allow=\"accelerometer; autoplay; clipboard-write; encrypted-media; gyroscope; picture-in-picture; web-share\" referrerpolicy=\"strict-origin-when-cross-origin\" allowfullscreen><\/iframe>\n<\/div><\/figure>\n\n\n\n<p><\/p>\n","protected":false},"excerpt":{"rendered":"<p>Reutilitzar elements ja existents, triar materials naturals o flexibilitzar espais contribueix a la millor cura del medi ambient. I tamb\u00e9 \u00e9s a les teves mans. <\/p>","protected":false},"author":3,"featured_media":901,"comment_status":"closed","ping_status":"closed","sticky":false,"template":"","format":"standard","meta":{"_acf_changed":false,"footnotes":""},"categories":[2852,2854],"tags":[2878],"class_list":["post-900","post","type-post","status-publish","format-standard","has-post-thumbnail","hentry","category-noticias","category-actualidad","tag-madrid"],"acf":[],"_links":{"self":[{"href":"https:\/\/www.monapart.com\/magazine\/ca\/wp-json\/wp\/v2\/posts\/900","targetHints":{"allow":["GET"]}}],"collection":[{"href":"https:\/\/www.monapart.com\/magazine\/ca\/wp-json\/wp\/v2\/posts"}],"about":[{"href":"https:\/\/www.monapart.com\/magazine\/ca\/wp-json\/wp\/v2\/types\/post"}],"author":[{"embeddable":true,"href":"https:\/\/www.monapart.com\/magazine\/ca\/wp-json\/wp\/v2\/users\/3"}],"replies":[{"embeddable":true,"href":"https:\/\/www.monapart.com\/magazine\/ca\/wp-json\/wp\/v2\/comments?post=900"}],"version-history":[{"count":1,"href":"https:\/\/www.monapart.com\/magazine\/ca\/wp-json\/wp\/v2\/posts\/900\/revisions"}],"predecessor-version":[{"id":16300,"href":"https:\/\/www.monapart.com\/magazine\/ca\/wp-json\/wp\/v2\/posts\/900\/revisions\/16300"}],"wp:featuredmedia":[{"embeddable":true,"href":"https:\/\/www.monapart.com\/magazine\/ca\/wp-json\/wp\/v2\/media\/901"}],"wp:attachment":[{"href":"https:\/\/www.monapart.com\/magazine\/ca\/wp-json\/wp\/v2\/media?parent=900"}],"wp:term":[{"taxonomy":"category","embeddable":true,"href":"https:\/\/www.monapart.com\/magazine\/ca\/wp-json\/wp\/v2\/categories?post=900"},{"taxonomy":"post_tag","embeddable":true,"href":"https:\/\/www.monapart.com\/magazine\/ca\/wp-json\/wp\/v2\/tags?post=900"}],"curies":[{"name":"wp","href":"https:\/\/api.w.org\/{rel}","templated":true}]}}