{"id":898,"date":"2019-10-04T12:45:05","date_gmt":"2019-10-04T10:45:05","guid":{"rendered":"https:\/\/www.monapart.com\/magazine\/?p=898"},"modified":"2025-04-15T13:40:56","modified_gmt":"2025-04-15T11:40:56","slug":"estrenem-espai-monapart-a-lalacant-market-design","status":"publish","type":"post","link":"https:\/\/www.monapart.com\/magazine\/ca\/noticias\/estrenamos-espacio-monapart-en-el-alicante-market-design","title":{"rendered":"Estrenem Espai Monapart a l&#039;Alacant Market Design"},"content":{"rendered":"<h1 class=\"wp-block-heading\">Estrenem Espai Monapart a l&#039;Alacant Market Design<\/h1>\n\n\n\n<h2 class=\"wp-block-heading\">Monapart Alacant no falta a la cita amb la creativitat\u2026 i pugem l&#039;aposta! En aquesta edici\u00f3 tardorenca de l&#039;Alacant Market Design, el nostre estand creix: m\u00e9s xerrades, m\u00e9s tallers, m\u00e9s convidats\u2026 <\/h2>\n\n\n<div class='post-info'>4 d&#039;octubre del 2019 per <a href='https:\/\/www.monapart.com\/magazine\/ca\/autor\/monapart'>Monapart<\/a><\/div>\n\n\n\n<p>De divendres 4 a diumenge 6 d&#039;octubre <a href=\"\/magazine\/ca\/node\/4\/\">Monapart Alacant<\/a> t\u00e9 una cita amb la creativitat. Al <a href=\"https:\/\/www.google.com\/maps\/place\/Plaza+S%C3%A9neca\/@38.3407229,-0.4929584,17z\/data=!4m5!3m4!1s0xd62364b9baa2817:0xaf32b29aea60ab19!8m2!3d38.3408491!4d-0.4907107\" target=\"_blank\" rel=\"noreferrer noopener\">Hall Edifici S\u00e8neca<\/a> (Antiga Estaci\u00f3 d&#039;Autobusos) podreu gaudir d&#039;un cap de setmana del millor disseny, concerts, activitats infantils, tallers\u2026 i l&#039;entrada \u00e9s gratu\u00efta!<\/p>\n\n\n\n<p>En aquesta edici\u00f3 del <a href=\"https:\/\/www.facebook.com\/Mercado-Dise%C3%B1o-Alicante-801800786515333\/\" target=\"_blank\" rel=\"noreferrer noopener\">Alacant Market Design<\/a> a m\u00e9s estrenem l&#039;ESPAI MONAPART, on podr\u00e0s gaudir de tallers de decoraci\u00f3, ordre, feng-shui, disseny, tipografia, moda\u2026 Perqu\u00e8 saps que som la immobili\u00e0ria de les #viviendasbonitas i de tot el que hi ha dins: disseny, art, moda, m\u00fasica\u2026 i tu!<\/p>\n\n\n\n<figure class=\"wp-block-image\"><img decoding=\"async\" src=\"https:\/\/www.monapart.com\/sites\/default\/files\/styles\/scale_960x960_\/public\/mediabrowser\/69471723_2931210166907707_7772630000930390016_n.jpg?itok=dYRQNUE-\" alt=\"Estrenem Espai Monapart a l&#039;Alacant Market Design | Monapart \"\/><\/figure>\n\n\n\n<p>Des de divendres a la tarda fins diumenge al mat\u00ed hem preparat totes aquestes activitats al nostre recent estrenat Espai Monapart. Comptarem amb <a href=\"https:\/\/www.instagram.com\/josecuerda_\/\" target=\"_blank\" rel=\"noreferrer noopener\">Jos\u00e9 Cuerda<\/a>, <a href=\"https:\/\/www.instagram.com\/palomamobaile\/\" target=\"_blank\" rel=\"noreferrer noopener\">Coloma Amo<\/a>, <a href=\"https:\/\/www.instagram.com\/ordenyconcierto\/\" target=\"_blank\" rel=\"noreferrer noopener\">Ana Samper<\/a>, <a href=\"https:\/\/www.instagram.com\/fengshuilarum\/\" target=\"_blank\" rel=\"noreferrer noopener\">Charo Bleda<\/a>, Theo Cano, <a href=\"https:\/\/www.instagram.com\/alma_nuestra\/\" target=\"_blank\" rel=\"noreferrer noopener\">\u00c0nima nostra<\/a>, Tatiana Art i Ana Marma. Aqu\u00ed tens la programaci\u00f3:<\/p>\n\n\n\n<figure class=\"wp-block-image\"><img decoding=\"async\" src=\"https:\/\/www.monapart.com\/sites\/default\/files\/styles\/scale_960x960_\/public\/mediabrowser\/programacion-espacio-monapart.jpg?itok=Jc6hkOF_\" alt=\"Estrenem Espai Monapart a l&#039;Alacant Market Design | Monapart \"\/><\/figure>\n\n\n\n<p>Alicante Market Design \u00e9s l&#039;esdeveniment de refer\u00e8ncia pels millors creatius de la ciutat, amb productes de qualitat, innovaci\u00f3 i disseny. Concerts en viu i la millor m\u00fasica, tallers orientats a l&#039;aprenentatge i informaci\u00f3 al sector de la moda. Una zona gastron\u00f2mica completa acompanyada de tallers de cocteleria i altres disciplines i, sens dubte, activitats per als m\u00e9s petits.<\/p>\n\n\n\n<p>No oblidis visitar el nostre Espai Monapart. Estar\u00e0s com a casa!<\/p>\n\n\n\n<p><strong>ACTUALITZACI\u00d3<\/strong>: Us deixem unes fotos de la nostra participaci\u00f3 al Market. Fins a la propera!<\/p>\n\n\n\n<figure class=\"wp-block-image\"><img decoding=\"async\" src=\"https:\/\/www.monapart.com\/sites\/default\/files\/styles\/scale_960x960_\/public\/mediabrowser\/img-20191006-wa0024.jpg?itok=SKvtiMYK\" alt=\"Estrenem Espai Monapart a l&#039;Alacant Market Design | Monapart \"\/><\/figure>\n\n\n\n<figure class=\"wp-block-image\"><img decoding=\"async\" src=\"https:\/\/www.monapart.com\/sites\/default\/files\/styles\/scale_960x960_\/public\/mediabrowser\/img_20191004_140938.jpg?itok=-6rJF8qM\" alt=\"Estrenem Espai Monapart a l&#039;Alacant Market Design | Monapart \"\/><\/figure>\n\n\n\n<figure class=\"wp-block-image\"><img decoding=\"async\" src=\"https:\/\/www.monapart.com\/sites\/default\/files\/styles\/scale_960x960_\/public\/mediabrowser\/decoracion_stand_mda_2019.jpg?itok=IOeCGEDH\" alt=\"Estrenem Espai Monapart a l&#039;Alacant Market Design | Monapart \"\/><\/figure>","protected":false},"excerpt":{"rendered":"<p>Monapart Alacant no falta a la cita amb la creativitat\u2026 i pugem l&#039;aposta! En aquesta edici\u00f3 tardorenca de l&#039;Alacant Market Design, el nostre estand creix: m\u00e9s xerrades, m\u00e9s tallers, m\u00e9s convidats\u2026 <\/p>","protected":false},"author":3,"featured_media":899,"comment_status":"closed","ping_status":"closed","sticky":false,"template":"","format":"standard","meta":{"_acf_changed":false,"footnotes":""},"categories":[2852,2854],"tags":[2950],"class_list":["post-898","post","type-post","status-publish","format-standard","has-post-thumbnail","hentry","category-noticias","category-actualidad","tag-alicante"],"acf":[],"_links":{"self":[{"href":"https:\/\/www.monapart.com\/magazine\/ca\/wp-json\/wp\/v2\/posts\/898","targetHints":{"allow":["GET"]}}],"collection":[{"href":"https:\/\/www.monapart.com\/magazine\/ca\/wp-json\/wp\/v2\/posts"}],"about":[{"href":"https:\/\/www.monapart.com\/magazine\/ca\/wp-json\/wp\/v2\/types\/post"}],"author":[{"embeddable":true,"href":"https:\/\/www.monapart.com\/magazine\/ca\/wp-json\/wp\/v2\/users\/3"}],"replies":[{"embeddable":true,"href":"https:\/\/www.monapart.com\/magazine\/ca\/wp-json\/wp\/v2\/comments?post=898"}],"version-history":[{"count":3,"href":"https:\/\/www.monapart.com\/magazine\/ca\/wp-json\/wp\/v2\/posts\/898\/revisions"}],"predecessor-version":[{"id":16309,"href":"https:\/\/www.monapart.com\/magazine\/ca\/wp-json\/wp\/v2\/posts\/898\/revisions\/16309"}],"wp:featuredmedia":[{"embeddable":true,"href":"https:\/\/www.monapart.com\/magazine\/ca\/wp-json\/wp\/v2\/media\/899"}],"wp:attachment":[{"href":"https:\/\/www.monapart.com\/magazine\/ca\/wp-json\/wp\/v2\/media?parent=898"}],"wp:term":[{"taxonomy":"category","embeddable":true,"href":"https:\/\/www.monapart.com\/magazine\/ca\/wp-json\/wp\/v2\/categories?post=898"},{"taxonomy":"post_tag","embeddable":true,"href":"https:\/\/www.monapart.com\/magazine\/ca\/wp-json\/wp\/v2\/tags?post=898"}],"curies":[{"name":"wp","href":"https:\/\/api.w.org\/{rel}","templated":true}]}}