{"id":896,"date":"2019-09-20T16:07:27","date_gmt":"2019-09-20T14:07:27","guid":{"rendered":"https:\/\/www.monapart.com\/magazine\/?p=896"},"modified":"2025-03-17T17:21:33","modified_gmt":"2025-03-17T16:21:33","slug":"taules-de-guanacaste-naturals-i-sostenibles","status":"publish","type":"post","link":"https:\/\/www.monapart.com\/magazine\/ca\/hogar\/mesas-de-guanacaste-naturales-y-sostenibles","title":{"rendered":"Taules de Guanacaste: naturals i sostenibles"},"content":{"rendered":"<h1 class=\"wp-block-heading\">Taules de Guanacaste: naturals i sostenibles<\/h1>\n\n\n\n<h2 class=\"wp-block-heading\">Ho tenen tot: boniques, durables, ecol\u00f2giques\u2026<\/h2>\n\n\n<div class='post-info'>20 de setembre de 2019 per <a href='https:\/\/www.monapart.com\/magazine\/ca\/autor\/nieves-archilla'>Nieves Archilla<\/a><\/div>\n\n\n\n<p><\/p>\n\n\n\n<p>Huanacaxtle o Guanacaste, fusta de Parota, car femella, conacaste\u2026 T\u00e9 mil noms per\u00f2 l&#039;aspecte d&#039;aquesta fusta \u00e9s \u00fanic i inconfusible. Un color marr\u00f3 clar o mitj\u00e0, de vegades amb cert to vermell\u00f3s o ambar\u00ed, i amb una inconfusible veta groga p\u00e0l\u00b7lid a les vores.<\/p>\n\n\n\n<p>A Espanya no \u00e9s gaire coneguda, per\u00f2 a Am\u00e8rica Central i Am\u00e8rica del Sud s&#039;ha est\u00e8s el seu \u00fas en fusteria i ebenisteria en general per a mobiliari d&#039;exterior per la seva gran durabilitat, especialment per a la fabricaci\u00f3 de portes, portes i taules. Aqu\u00ed ens arriba sobretot la seva aplicaci\u00f3 a taules de centre o de despatxos. Sempre dissenyades d&#039;una sola pe\u00e7a, amb talls naturals, b\u00e9 en vertical per a llargues taules de menjador (de fins a deu metres de longitud!) o en horitzontal per a taules de centre rodones de fins a dos metres i mig de di\u00e0metre.<\/p>\n\n\n\n<figure class=\"wp-block-image\"><img decoding=\"async\" src=\"https:\/\/www.monapart.com\/sites\/default\/files\/styles\/scale_960x960_\/public\/mediabrowser\/decoracion_mesa_larga.jpg?itok=y-b7D8E0\" alt=\"Taules de Guanacaste | Monapart\"\/><\/figure>\n\n\n\n<p>\u00c9s semblant a la fusta d&#039;ac\u00e0cia o koa, per\u00f2 amb m\u00e9s textura i de pes molt m\u00e9s lleuger que altres fustes dures m\u00e9s ex\u00f2tiques. El resultat: talls m\u00e9s grans de fusta natural, de gran durabilitat, f\u00e0cil de treballar i amb un pes m\u00e9s baix.&nbsp;<\/p>\n\n\n\n<p>A m\u00e9s, \u00e9s molt resistent a laigua. Com a dada curiosa, s&#039;utilitza tamb\u00e9 en construcci\u00f3 naval i en la fabricaci\u00f3 de canoes i embarcacions lleugeres.<\/p>\n\n\n\n<h5 class=\"wp-block-heading has-medium-font-size\">D&#039;on procedeix la fusta de Guanacaste?<\/h5>\n\n\n\n<p>L&#039;arbre de Huanacaxtle \u00e9s un dels m\u00e9s grans i impressionants. Es troba a Am\u00e8rica tropical, des de l&#039;oest i sud de M\u00e8xic fins al nord de Sud-am\u00e8rica (Vene\u00e7uela i Brasil). Pot assolir entre 20 i 45 metres d&#039;al\u00e7ada i amples de fins a 2,5 metres en un temps relativament curt, cosa que la converteix en una fusta ideal per a la reforestaci\u00f3 i permet l&#039;obtenci\u00f3 de llargues peces de fusta de manera respectuosa amb el medi ambient.<\/p>\n\n\n\n<figure class=\"wp-block-image\"><img decoding=\"async\" src=\"https:\/\/www.monapart.com\/sites\/default\/files\/styles\/scale_960x960_\/public\/mediabrowser\/arbol-de-guanacaste.jpg?itok=XIoy-zw2\" alt=\"Taules de Guanacaste | Monapart\"\/><\/figure>\n\n\n\n<p>A Espanya, un dels distribu\u00efdors de la fusta de Guanacaste o parota \u00e9s <strong><a href=\"https:\/\/www.escandonmotif.com\/\" target=\"_blank\" rel=\"noreferrer noopener\">Escand\u00f3 Motif<\/a>, <\/strong>una empresa mexic\u00e0-espanyola que, juntament amb ebenistes mexicans locals, creen taules impressionants, tant principals com a auxiliars, elaborades amb fustes procedents de les regions tropicals de M\u00e8xic, en concret de la zona de Huanacaxtle.<\/p>\n\n\n\n<blockquote class=\"wp-block-quote alignright is-layout-flow wp-block-quote-is-layout-flow\">\n<p>&quot;Utilitzar fusta procedent de comunitats forestals regulades implica no nom\u00e9s desenvolupar la nostra activitat de manera ambientalment responsable, sin\u00f3 contribuir tamb\u00e9 al desenvolupament social i econ\u00f2mic d&#039;aquestes comunitats&quot;.<\/p>\n<\/blockquote>\n\n\n\n<p>Segons ens explica la seva fundadora, Mariana Escand\u00f3n, <em>&quot;el procediment dels acabats \u00e9s 100% artesanal, realitzat per fusters i ebenistes amb una llarga tradici\u00f3 familiar, que han transm\u00e8s l\u00b4ofici de pares a fills&quot;<\/em>. Els acabats es realitzen amb olis naturals, per simplement ressaltar la bellesa natural del color i textura de la fusta, sense deixar marques com s\u00ed que passa amb el vern\u00eds o altres subst\u00e0ncies t\u00f2xiques.<\/p>\n\n\n\n<p>A M\u00e8xic, la fusta Guanacaste o Parota est\u00e0 certificada i protegida pel govern mitjan\u00e7ant la supervisi\u00f3 de la reforestaci\u00f3 i les bones pr\u00e0ctiques mediambientals.<\/p>\n\n\n\n<figure class=\"wp-block-image\"><img decoding=\"async\" src=\"https:\/\/www.monapart.com\/sites\/default\/files\/styles\/scale_960x960_\/public\/mediabrowser\/mesita-exterior-parota.jpg?itok=QbN_vJ5B\" alt=\"Taules de Guanacaste | Monapart\"\/><\/figure>\n\n\n\n<p>Segons explica Mariana Escand\u00f3n, aquesta fusta est\u00e0 emparada pel que anomenen les \u201cremissions forestals\u201d emeses per la Secretaria de Medi Ambient i Recursos Naturals mexicana, amb l&#039;objectiu de garantir la proced\u00e8ncia legal de la fusta i, per tant, la sostenibilitat mediambiental. <em>&quot;Utilitzar fusta procedent de comunitats forestals regulades implica no nom\u00e9s desenvolupar la nostra activitat de manera ambientalment responsable, sin\u00f3 contribuir tamb\u00e9 al desenvolupament social i econ\u00f2mic d&#039;aquestes comunitats&quot;.<\/em><\/p>\n\n\n\n<p>Mariana Escand\u00f3n \u00e9s, a m\u00e9s, una fan\u00e0tica de la decoraci\u00f3 a l&#039;estil Monapart (ja sabeu, decoraci\u00f3 amb gust, no luxe), i s&#039;ha unit recentment al nostre club de monaparters. Havia de passar\u2026<\/p>\n\n\n\n<h5 class=\"wp-block-heading has-medium-font-size\">Ser sostenible (i monaparter!) t\u00e9 premi<\/h5>\n\n\n<div class=\"wp-block-image\">\n<figure class=\"alignright is-resized\"><img decoding=\"async\" src=\"https:\/\/www.monapart.com\/sites\/default\/files\/styles\/scale_960x960_\/public\/mediabrowser\/decoracion_mesa_despacho.jpg?itok=Ue_sRnBB\" alt=\"Taules de Guanacaste | Monapart\" style=\"width:403px;height:auto\"\/><\/figure>\n<\/div>\n\n\n<p>Per celebrar-ho, la seva empresa, Escandon Motif, ha tancat un acord amb <a href=\"\/magazine\/ca\/node\/1252\/\">Monapart Madrid<\/a> pel que ofereix un descompte a les taules de menjador i taules de centre a tots els nostres seguidors monaparters. Nom\u00e9s heu de <a href=\"https:\/\/www.escandonmotif.com\/contactanos\" target=\"_blank\" rel=\"noreferrer noopener\">contactar amb Escandon Motif<\/a> a trav\u00e9s de la seva p\u00e0gina web i identificar-vos com a monaparters. Si us agrada la decoraci\u00f3 natural, una pe\u00e7a de fusta de Guanacaste pot ser el principi de gran hist\u00f2ria.<\/p>\n\n\n\n<p>A Espanya encara s&#039;ha de descobrir\u2026 per\u00f2 aquesta fusta de Guanacaste ho t\u00e9 tot: bonica, durable, ecol\u00f2gica\u2026 qu\u00e8 m\u00e9s es pot demanar? <\/p>","protected":false},"excerpt":{"rendered":"<p>Mesas de Guanacaste: naturales y sostenibles Lo tienen todo: bonitas, durables, ecol\u00f3gicas&#8230; Huanacaxtle o Guanacaste, madera de Parota, caro hembra, conacaste\u2026 Tiene mil nombres pero el aspecto de esta madera es \u00fanico e inconfundible. Un color marr\u00f3n claro o medio, a veces con cierto tono rojizo o ambarino, y con una inconfundible veta amarilla p\u00e1lido [&hellip;]<\/p>\n","protected":false},"author":14,"featured_media":897,"comment_status":"closed","ping_status":"closed","sticky":false,"template":"","format":"standard","meta":{"_acf_changed":false,"footnotes":""},"categories":[2844,2848],"tags":[2906],"class_list":["post-896","post","type-post","status-publish","format-standard","has-post-thumbnail","hentry","category-hogar","category-hogar-eco","tag-consumo-responsable"],"acf":[],"_links":{"self":[{"href":"https:\/\/www.monapart.com\/magazine\/ca\/wp-json\/wp\/v2\/posts\/896","targetHints":{"allow":["GET"]}}],"collection":[{"href":"https:\/\/www.monapart.com\/magazine\/ca\/wp-json\/wp\/v2\/posts"}],"about":[{"href":"https:\/\/www.monapart.com\/magazine\/ca\/wp-json\/wp\/v2\/types\/post"}],"author":[{"embeddable":true,"href":"https:\/\/www.monapart.com\/magazine\/ca\/wp-json\/wp\/v2\/users\/14"}],"replies":[{"embeddable":true,"href":"https:\/\/www.monapart.com\/magazine\/ca\/wp-json\/wp\/v2\/comments?post=896"}],"version-history":[{"count":0,"href":"https:\/\/www.monapart.com\/magazine\/ca\/wp-json\/wp\/v2\/posts\/896\/revisions"}],"wp:featuredmedia":[{"embeddable":true,"href":"https:\/\/www.monapart.com\/magazine\/ca\/wp-json\/wp\/v2\/media\/897"}],"wp:attachment":[{"href":"https:\/\/www.monapart.com\/magazine\/ca\/wp-json\/wp\/v2\/media?parent=896"}],"wp:term":[{"taxonomy":"category","embeddable":true,"href":"https:\/\/www.monapart.com\/magazine\/ca\/wp-json\/wp\/v2\/categories?post=896"},{"taxonomy":"post_tag","embeddable":true,"href":"https:\/\/www.monapart.com\/magazine\/ca\/wp-json\/wp\/v2\/tags?post=896"}],"curies":[{"name":"wp","href":"https:\/\/api.w.org\/{rel}","templated":true}]}}