{"id":838,"date":"2019-02-19T16:29:36","date_gmt":"2019-02-19T15:29:36","guid":{"rendered":"https:\/\/www.monapart.com\/magazine\/?p=838"},"modified":"2025-06-20T16:21:45","modified_gmt":"2025-06-20T14:21:45","slug":"els-habitatges-rocknroll-de-postigs-a-madrid","status":"publish","type":"post","link":"https:\/\/www.monapart.com\/magazine\/ca\/hogar\/las-viviendas-rocknroll-de-pontejos-en-madrid","title":{"rendered":"Els habitatges rock&#039;n&#039;roll de Pontejos a Madrid"},"content":{"rendered":"<h1 class=\"wp-block-heading\">Els habitatges rock&#039;n&#039;roll de Pontejos a Madrid<\/h1>\n\n\n\n<h2 class=\"wp-block-heading\">Pontejos va n\u00e9ixer el 2014 amb l&#039;objectiu de rehabilitar habitatges preservant-ne els valors arquitect\u00f2nics i defensant un desenvolupament immobiliari responsable.\u00a0<\/h2>\n\n\n<div class='post-info'>19 de febrer de 2019 per <a href='https:\/\/www.monapart.com\/magazine\/ca\/autor\/monapart'>Monapart<\/a><\/div>\n\n\n\n<p><strong>Rehabilitar edificis i pisos preservant els valors arquitect\u00f2nics del seu esperit original per\u00f2 adaptant-los a la vida contempor\u00e0nia.\u00a0<\/strong>Aquest \u00e9s lobjectiu de la promotora\u00a0<a href=\"https:\/\/pontejos.org\/\" target=\"_blank\" rel=\"noreferrer noopener\">Pontejos Conservaci\u00f3 i Preservaci\u00f3<\/a>. El seu pilar fundador: Pontejos 9, projecte que va rebre el prestigi\u00f3s Premi FAD 2017 d&#039;interiorisme i el premi COAM el 2018. Fa poc t&#039;explic\u00e0vem sobre el projecte de\u00a0<a href=\"https:\/\/www.monapart.com\/magazine\/ca\/node\/2386\/\" target=\"_blank\" rel=\"noreferrer noopener\">Vallirana 47 a Barcelona<\/a>. Ara fem rep\u00e0s a tres projectes a Madrid que han suposat tota una declaraci\u00f3 d&#039;intencions i la millor definici\u00f3 del segell personal \u201cPontejos\u201d:\u00a0<strong>habitatges amb car\u00e0cter<\/strong>.<\/p>\n\n\n\n<figure class=\"wp-block-embed is-type-rich is-provider-gestor-del-servicio wp-block-embed-gestor-del-servicio wp-embed-aspect-4-3 wp-has-aspect-ratio\"><div class=\"wp-block-embed__wrapper\">\n<iframe loading=\"lazy\" title=\"Els habitatges amb car\u00e0cter a Madrid de Pontejos Conservaci\u00f3\" width=\"500\" height=\"375\" src=\"https:\/\/www.youtube.com\/embed\/IlFJ19qfjbo?feature=oembed\" frameborder=\"0\" allow=\"accelerometer; autoplay; clipboard-write; encrypted-media; gyroscope; picture-in-picture; web-share\" referrerpolicy=\"strict-origin-when-cross-origin\" allowfullscreen><\/iframe>\n<\/div><\/figure>\n\n\n\n<figure class=\"wp-block-image\"><img decoding=\"async\" src=\"https:\/\/www.monapart.com\/sites\/default\/files\/styles\/scale_960x960_\/public\/apartment\/photos2\/03a-salon-alquiler-pontejos_9-sol-madrid_0.jpg?itok=EYR0_HRu\" alt=\"Els habitatges rock&#039;n&#039;roll de Pontejos a Madrid | Monapart \"\/><\/figure>\n\n\n\n<h5 class=\"wp-block-heading has-medium-font-size\">L&#039;alta arquitectura de Pontejos 9<\/h5>\n\n\n\n<p>Pontejos 9 \u00e9s la rehabilitaci\u00f3 integral d&#039;un edifici del centre hist\u00f2ric de Madrid de finals del XIX. L&#039;emblem\u00e0tic carrer Marqu\u00e9s Viudo de Pontejos ja diu molt del car\u00e0cter d&#039;aquests habitatges recuperats: un carrer que segueix preservant el seu car\u00e0cter tradicional, amb merceries i magatzems propis d&#039;una altra \u00e8poca, un par\u00e8ntesi amb prou feines al turisme massiu de la Porta del Sol i de la Pla\u00e7a Major.<\/p>\n\n\n\n<figure class=\"wp-block-image\"><img decoding=\"async\" src=\"https:\/\/www.monapart.com\/sites\/default\/files\/styles\/scale_960x960_\/public\/apartment\/photos2\/01-salon-alquiler-pontejos_9-sol-madrid_0.jpg?itok=QXSaVKZx\" alt=\"Els habitatges rock&#039;n&#039;roll de Pontejos a Madrid | Monapart \"\/><\/figure>\n\n\n\n<p>I aquest contrast \u00e9s exactament el que es trasllada a Pontejos 9. Elements recuperats d&#039;un altre temps: les xemeneies decoratives, els terres hidr\u00e0ulics, sostres alts on s&#039;ha conservat la pintura original i les motllures, els tancaments de les finestres\u2026 Peces actuals per\u00f2 inspirades en els elements singulars, com les portes lacades en blanc talla els banys de mosaic de gres porcell\u00e0nic. I per altra banda, equipaments pensats i dissenyats per a la vida actual: la m\u00e0xima seguretat antiincendis de l&#039;edifici, la fibra \u00f2ptica, el term\u00f2stat\u2026<\/p>\n\n\n\n<blockquote class=\"wp-block-quote is-layout-flow wp-block-quote-is-layout-flow\">\n<p>Habitatges amb detalls d&#039;alta costura traslladats a una arquitectura responsable, amb continus exercicis de creativitat.<\/p>\n<\/blockquote>\n\n\n\n<h5 class=\"wp-block-heading has-medium-font-size\"><strong>El convent del carrer Magdalena 1<\/strong><\/h5>\n\n\n\n<p>Un altre exemple d&#039;arquitectura respectuosa amb la mem\u00f2ria de Madrid, proper a la pla\u00e7a de Tirso de Molina \u00e9s aquest antic convent anterior al segle XVIII, rescatat amb exquisida cura de diverses reformes terribles dels anys 70 i 90.<\/p>\n\n\n\n<figure class=\"wp-block-image\"><img decoding=\"async\" src=\"https:\/\/www.monapart.com\/sites\/default\/files\/styles\/scale_960x960_\/public\/apartment\/photos2\/15-salon-venta-magdalena_1-tirso_de_molina-madrid.jpg?itok=BLnUuCJe\" alt=\"Els habitatges rock&#039;n&#039;roll de Pontejos a Madrid | Monapart \"\/><\/figure>\n\n\n\n<p>Un sal\u00f3 menjador doble de 65m2 al voltant del qual sarticula la part social daquest habitatge. La preservaci\u00f3 d&#039;elements d&#039;origen procedents d&#039;aquest i d&#039;altres edificis antics, com algunes bigues de fusta, el terra hidr\u00e0ulic original catal\u00e0, la porta corredissa de l&#039;habitaci\u00f3 principal, les reixetes de ventilaci\u00f3\u2026 Al final \u00e9s la conjunci\u00f3 de dissenys i peces de nova creaci\u00f3, inspirats en el passat i la hist\u00f2ria d&#039;aquest habitatge, com les piles omnipresents de la cuina i la cuina, o les parets de ma\u00f3 pintat en blanc del sal\u00f3.<\/p>\n\n\n\n<p>El resultat \u00e9s un espai d&#039;esperit tranquil, que connecta amb el seu passat, el reinterpreta i crea estances art\u00edstiques aut\u00e8ntiques enfocades a la comoditat d&#039;avui dia.<\/p>\n\n\n\n<figure class=\"wp-block-image\"><img decoding=\"async\" src=\"https:\/\/www.monapart.com\/sites\/default\/files\/styles\/scale_960x960_\/public\/apartment\/photos2\/11-cocina-venta-magdalena_1-tirso_de_molina-madrid.jpg?itok=8unmY1pz\" alt=\"Els habitatges rock&#039;n&#039;roll de Pontejos a Madrid | Monapart \"\/><\/figure>\n\n\n\n<ul class=\"wp-block-list\">\n<li>Aquest habitatge est\u00e0 actualment en venda a Monapart Madrid. Accedeix\u00a0<a href=\"https:\/\/www.monapart.com\/magazine\/ca\/node\/2352\/\" target=\"_blank\" rel=\"noreferrer noopener\">aqu\u00ed<\/a>\u00a0a la fitxa completa ia la informaci\u00f3 de contacte.<\/li>\n<\/ul>\n\n\n\n<h5 class=\"wp-block-heading has-medium-font-size\">El rock&amp;roll d&#039;Atocha 75<\/h5>\n\n\n\n<p>El car\u00e0cter d&#039;aquest habitatge t\u00e9 molt a veure amb la ubicaci\u00f3: Ant\u00f3n Mart\u00edn i el Barri de les Lletres. \u00c9s una combinaci\u00f3 de l&#039;aire senyorial dels edificis del centre hist\u00f2ric de Madrid amb elements alternatius i actualitzats que donen un \u201cplus\u201d al segell creatiu de Pontejos Conservaci\u00f3n. S\u00f3n els tocs rock&amp;roll, com diria el fundador de Pontejos, Diego Hidalgo.<\/p>\n\n\n\n<figure class=\"wp-block-image\"><img decoding=\"async\" src=\"https:\/\/www.monapart.com\/sites\/default\/files\/styles\/scale_960x960_\/public\/apartment\/photos2\/15-cocina-piso-venta-atocha_75-anton_martin-madrid.jpg?itok=7C7iFaUP\" alt=\"Els habitatges rock&#039;n&#039;roll de Pontejos a Madrid | Monapart \"\/><\/figure>\n\n\n\n<p>Abans de res, el denominador com\u00fa de Pontejos, els elements rehabilitats: les parets originals a la sala de l&#039;entrada reinterpretades en verd, la banyera exempta antiga totalment recuperada, la pila de la cuina, les l\u00e0mpades d&#039;antiquari, les claus dels radiadors\u2026 I aquests detalls en qu\u00e8 es veu l&#039;orientaci\u00f3 a la habitaci\u00f3 per a la habitaci\u00f3 per al professional que treballa des de casa o connectar la cuina al sal\u00f3 menjador (equipada, a m\u00e9s, amb nous electrodom\u00e8stics d&#039;alt standing).<\/p>\n\n\n\n<figure class=\"wp-block-image\"><img decoding=\"async\" src=\"https:\/\/www.monapart.com\/sites\/default\/files\/styles\/scale_960x960_\/public\/apartment\/photos2\/34-bano-piso-venta-atocha_75-anton_martin-madrid.jpg?itok=00AhbvMq\" alt=\"Els habitatges rock&#039;n&#039;roll de Pontejos a Madrid | Monapart \"\/><\/figure>\n\n\n\n<p>Tant al centre de Madrid com a Barcelona, Pontejos Conservaci\u00f3n dissenya nous espais amb plantejaments pr\u00e0ctics d&#039;avui dia, reinterpretant els antics. I d&#039;aquest exercici de creativitat neix el car\u00e0cter tan especial que hi ha a tots els seus projectes. Els tocs rock&amp;roll per als amants de l&#039;arquitectura i el disseny.&nbsp;<\/p>\n\n\n\n<ul class=\"wp-block-list\">\n<li>Aquest habitatge est\u00e0 actualment en venda a Monapart Madrid. Accedeix\u00a0<a href=\"https:\/\/www.monapart.com\/magazine\/ca\/node\/2373\/\" target=\"_blank\" rel=\"noreferrer noopener\">aqu\u00ed<\/a>\u00a0a la fitxa completa ia la informaci\u00f3 de contacte.<\/li>\n<\/ul>\n\n\n\n<p>No dubtis en contactar amb&nbsp;<a href=\"https:\/\/www.monapart.com\/magazine\/ca\/node\/2103\/\" target=\"_blank\" rel=\"noreferrer noopener\">Nieves Archilla<\/a>&nbsp;si vols m\u00e9s informaci\u00f3 o sol\u00b7licitar una visita!<\/p>\n\n\n\n<p><\/p>","protected":false},"excerpt":{"rendered":"<p>Pontejos va n\u00e9ixer el 2014 amb l&#039;objectiu de rehabilitar habitatges preservant-ne els valors arquitect\u00f2nics i defensant un desenvolupament immobiliari responsable.\u00a0<\/p>","protected":false},"author":3,"featured_media":839,"comment_status":"closed","ping_status":"closed","sticky":false,"template":"","format":"standard","meta":{"_acf_changed":false,"footnotes":""},"categories":[2844,2846],"tags":[2878,2927],"class_list":["post-838","post","type-post","status-publish","format-standard","has-post-thumbnail","hentry","category-hogar","category-espacios-y-vida","tag-madrid","tag-reformas"],"acf":[],"_links":{"self":[{"href":"https:\/\/www.monapart.com\/magazine\/ca\/wp-json\/wp\/v2\/posts\/838","targetHints":{"allow":["GET"]}}],"collection":[{"href":"https:\/\/www.monapart.com\/magazine\/ca\/wp-json\/wp\/v2\/posts"}],"about":[{"href":"https:\/\/www.monapart.com\/magazine\/ca\/wp-json\/wp\/v2\/types\/post"}],"author":[{"embeddable":true,"href":"https:\/\/www.monapart.com\/magazine\/ca\/wp-json\/wp\/v2\/users\/3"}],"replies":[{"embeddable":true,"href":"https:\/\/www.monapart.com\/magazine\/ca\/wp-json\/wp\/v2\/comments?post=838"}],"version-history":[{"count":2,"href":"https:\/\/www.monapart.com\/magazine\/ca\/wp-json\/wp\/v2\/posts\/838\/revisions"}],"predecessor-version":[{"id":16445,"href":"https:\/\/www.monapart.com\/magazine\/ca\/wp-json\/wp\/v2\/posts\/838\/revisions\/16445"}],"wp:featuredmedia":[{"embeddable":true,"href":"https:\/\/www.monapart.com\/magazine\/ca\/wp-json\/wp\/v2\/media\/839"}],"wp:attachment":[{"href":"https:\/\/www.monapart.com\/magazine\/ca\/wp-json\/wp\/v2\/media?parent=838"}],"wp:term":[{"taxonomy":"category","embeddable":true,"href":"https:\/\/www.monapart.com\/magazine\/ca\/wp-json\/wp\/v2\/categories?post=838"},{"taxonomy":"post_tag","embeddable":true,"href":"https:\/\/www.monapart.com\/magazine\/ca\/wp-json\/wp\/v2\/tags?post=838"}],"curies":[{"name":"wp","href":"https:\/\/api.w.org\/{rel}","templated":true}]}}