{"id":836,"date":"2019-02-15T15:09:35","date_gmt":"2019-02-15T14:09:35","guid":{"rendered":"https:\/\/www.monapart.com\/magazine\/?p=836"},"modified":"2025-05-05T12:07:51","modified_gmt":"2025-05-05T10:07:51","slug":"qualsevol-nit-pot-sortir-el-sol-monapart-amb-rails-fundacio","status":"publish","type":"post","link":"https:\/\/www.monapart.com\/magazine\/ca\/noticias\/qualsevol-nit-pot-sortir-el-sol-monapart-con-arrels-fundacio","title":{"rendered":"Qualsevol nit pot sortir el sol. Monapart amb Arrels Fundaci\u00f3"},"content":{"rendered":"<h1 class=\"wp-block-heading\">Qualsevol nit pot sortir el sol. Monapart amb Arrels Fundaci\u00f3<\/h1>\n\n\n\n<h2 class=\"wp-block-heading\">\u00abPatir una depressi\u00f3 i acabar vivint al carrer \u00e9s m\u00e9s f\u00e0cil del que pot semblar\u00bb. Arrels Fundaci\u00f3 lluita di\u00e0riament perqu\u00e8 la xifra de sense llar baixi i la consci\u00e8ncia social pugi. <\/h2>\n\n\n<div class='post-info'>15 de febrer de 2019 per <a href='https:\/\/www.monapart.com\/magazine\/ca\/autor\/monapart'>Monapart<\/a><\/div>\n\n\n\n<p>Fa for\u00e7a anys, un amic em deia que a Nova York \u2013llavors la nostra ciutat\u2013&nbsp;<em>&quot;patir una depressi\u00f3 i acabar vivint al carrer \u00e9s m\u00e9s f\u00e0cil del que pot semblar&quot;.&nbsp;<\/em>Parlem d&#039;una vida lluny de la fam\u00edlia i d&#039;enlla\u00e7os afectius de baixa intensitat, en una societat on l&#039;acomiadament \u00e9s lliure, el desnonament r\u00e0pid i els serveis socials m\u00ednims. On patir un episodi de depressi\u00f3, perdre la feina (i l&#039;asseguran\u00e7a m\u00e8dica), deixar de pagar el lloguer i acabar al carrer reprodueix un exercici sinistre i perfecte de causalitat.<\/p>\n\n\n\n<p>Avui aqu\u00ed no \u00e9s com all\u00e0 llavors,<strong>&nbsp;<\/strong>per\u00f2 sembla voler assemblar-se\u2026<\/p>\n\n\n\n<blockquote class=\"wp-block-quote is-layout-flow wp-block-quote-is-layout-flow\">\n<p>El 2018, Arrels Fundaci\u00f3 ha at\u00e8s 2.341 persones sense llar (23% m\u00e9s que el 2017), ha visitat 523 persones al carrer i pel seu centre obert han passat 1.941 persones.<\/p>\n<\/blockquote>\n\n\n\n<p>En aquests ja gaireb\u00e9 nou anys en contacte amb el m\u00f3n de l&#039;habitatge (i de la seva abs\u00e8ncia) he apr\u00e8s que, sovint, l&#039;alcoholisme no \u00e9s la causa del sensellarisme sin\u00f3 la conseq\u00fc\u00e8ncia quan la por \u00e9s indigerible a pal sec; que hi ha persones que es desperten cada mat\u00ed en un caixer, s&#039;hi endrecen i treballaran; que \u2014ho deia&nbsp;<a href=\"https:\/\/www.youtube.com\/watch?v=K7ZTT6Yj0kw\" target=\"_blank\" rel=\"noreferrer noopener\">Sergio Nasarre<\/a>\u2014 un nombre inimaginable d&#039;homes vivint al carrer ho fan despr\u00e9s d&#039;una separaci\u00f3 o un divorci per la impossibilitat de pagar un segon habitatge propi o una habitaci\u00f3; que \u2014ho deia&nbsp;<a href=\"https:\/\/miquelfuster.com\/\" target=\"_blank\" rel=\"noreferrer noopener\">Miquel Fuster<\/a>\u2014 el carrer \u00e9s una forma de presidi que t&#039;impedeix entrar (una met\u00e0fora tan potent i recargolada que no aconsegueixo treure-me-la del cap); i que hi ha gaireb\u00e9 3.600 persones sense llar vivint a Barcelona de les quals unes mil viuen al carrer segons el darrer recompte nocturn de la&nbsp;<a href=\"https:\/\/www.arrelsfundacio.org\/es\/\" target=\"_blank\" rel=\"noreferrer noopener\">Arrels Fundaci\u00f3<\/a>&nbsp;al maig del 2018.<\/p>\n\n\n\n<figure class=\"wp-block-image\"><img decoding=\"async\" src=\"https:\/\/www.monapart.com\/sites\/default\/files\/styles\/scale_960x960_\/public\/mediabrowser\/arrels-fundacio-sense-sostre.jpg?itok=J0Od5ewC\" alt=\"&quot;Qualsevol nit pot sortir el sol&quot;. Monapart amb Arrels Fundaci\u00f3 | Monapart\"\/><\/figure>\n\n\n\n<p>Mentrestant i el 2018,&nbsp;<strong>Arrels Fundaci\u00f3 ha at\u00e8s 2.341 persones sense llar (23% m\u00e9s que el 2017)<\/strong>, ha visitat 523 persones al carrer i pel seu centre obert han passat 1.941 persones, de les quals 843 han utilitzat el servei de dutxa i m\u00e9s de mil han utilitzat el rober o les consignes en qu\u00e8 dipositar les seves pertinences.<\/p>\n\n\n\n<p><strong>Arrels Fundaci\u00f3<\/strong>&nbsp;s\u00f3n 387 voluntaris i volunt\u00e0ries, 4.703 persones s\u00f2cies i donants, 254 empreses \u2014Monapart entre elles (<a href=\"https:\/\/www.monapart.com\/magazine\/ca\/node\/434\/\" target=\"_blank\" rel=\"noreferrer noopener\">Ning\u00fa dormint al carrer<\/a>,&nbsp;<a href=\"https:\/\/www.monapart.com\/magazine\/ca\/node\/437\/\" target=\"_blank\" rel=\"noreferrer noopener\">Dia de les persones sense llar)&nbsp;<\/a>i un centenar d&#039;iniciatives particulars i, com deia&nbsp;<a href=\"https:\/\/www.youtube.com\/watch?v=9C-SjuP0wZo\" target=\"_blank\" rel=\"noreferrer noopener\">Jaume Sisa<\/a>\u2026<\/p>\n\n\n\n<p><em>\u2026 tan sols hi faltis tu,<\/em><br><em>tamb\u00e9 pots venir si vols, t&#039;esperem, hi ha lloc per tots.<\/em><br><em>El temps no compta ni l&#039;espai,<\/em><br><em>qualsevol nit pot sortir el sol.<\/em><\/p>\n\n\n\n<p><\/p>","protected":false},"excerpt":{"rendered":"<p>\u00abPatir una depressi\u00f3 i acabar vivint al carrer \u00e9s m\u00e9s f\u00e0cil del que pot semblar\u00bb. Arrels Fundaci\u00f3 lluita di\u00e0riament perqu\u00e8 la xifra de sense llar baixi i la consci\u00e8ncia social pugi. <\/p>","protected":false},"author":3,"featured_media":837,"comment_status":"closed","ping_status":"closed","sticky":false,"template":"","format":"standard","meta":{"_acf_changed":false,"footnotes":""},"categories":[2852,2854],"tags":[2872],"class_list":["post-836","post","type-post","status-publish","format-standard","has-post-thumbnail","hentry","category-noticias","category-actualidad","tag-barcelona"],"acf":[],"_links":{"self":[{"href":"https:\/\/www.monapart.com\/magazine\/ca\/wp-json\/wp\/v2\/posts\/836","targetHints":{"allow":["GET"]}}],"collection":[{"href":"https:\/\/www.monapart.com\/magazine\/ca\/wp-json\/wp\/v2\/posts"}],"about":[{"href":"https:\/\/www.monapart.com\/magazine\/ca\/wp-json\/wp\/v2\/types\/post"}],"author":[{"embeddable":true,"href":"https:\/\/www.monapart.com\/magazine\/ca\/wp-json\/wp\/v2\/users\/3"}],"replies":[{"embeddable":true,"href":"https:\/\/www.monapart.com\/magazine\/ca\/wp-json\/wp\/v2\/comments?post=836"}],"version-history":[{"count":2,"href":"https:\/\/www.monapart.com\/magazine\/ca\/wp-json\/wp\/v2\/posts\/836\/revisions"}],"predecessor-version":[{"id":16448,"href":"https:\/\/www.monapart.com\/magazine\/ca\/wp-json\/wp\/v2\/posts\/836\/revisions\/16448"}],"wp:featuredmedia":[{"embeddable":true,"href":"https:\/\/www.monapart.com\/magazine\/ca\/wp-json\/wp\/v2\/media\/837"}],"wp:attachment":[{"href":"https:\/\/www.monapart.com\/magazine\/ca\/wp-json\/wp\/v2\/media?parent=836"}],"wp:term":[{"taxonomy":"category","embeddable":true,"href":"https:\/\/www.monapart.com\/magazine\/ca\/wp-json\/wp\/v2\/categories?post=836"},{"taxonomy":"post_tag","embeddable":true,"href":"https:\/\/www.monapart.com\/magazine\/ca\/wp-json\/wp\/v2\/tags?post=836"}],"curies":[{"name":"wp","href":"https:\/\/api.w.org\/{rel}","templated":true}]}}