{"id":822,"date":"2018-12-18T11:26:15","date_gmt":"2018-12-18T10:26:15","guid":{"rendered":"https:\/\/www.monapart.com\/magazine\/?p=822"},"modified":"2025-06-20T12:38:38","modified_gmt":"2025-06-20T10:38:38","slug":"com-fer-un-menu-nadalenc-original-i-no-morir-en-lintent","status":"publish","type":"post","link":"https:\/\/www.monapart.com\/magazine\/ca\/hogar\/como-hacer-un-menu-navideno-original-y-no-morir-en-el-intento","title":{"rendered":"Com fer un men\u00fa nadalenc original i no morir en l&#039;intent"},"content":{"rendered":"<h1 class=\"wp-block-heading\">Com fer un men\u00fa nadalenc original i no morir en l&#039;intent<\/h1>\n\n\n\n<h2 class=\"wp-block-heading\">Hi ha vida m\u00e9s enll\u00e0 del gall dindi, el llet\u00f3 i el garr\u00ed al forn\u2026 i del c\u00e0tering tamb\u00e9! Cuines TM5 ens proposa un men\u00fa per penjar-nos una medalla aquestes festes.<\/h2>\n\n\n<div class='post-info'>18 de desembre de 2018 per <a href='https:\/\/www.monapart.com\/magazine\/ca\/autor\/monapart'>Monapart<\/a><\/div>\n\n\n\n<p>Aquest post va especialment dedicat a tots aquells maldestres, vaguets i escaquejadors del cuinat nadalenc (no miris cap a una altra banda, que va per tu\u2026), als quals sempre us encarregueu de portar el vi o el gel i si us encarreguen les postres el compreu a la secci\u00f3 de congelats. S&#039;acosta el Nadal i no us imagineu que b\u00e9 que senti cuinar alguna cosa i que et diguin que est\u00e0 bon\u00edssim. D\u00f3na gustet. De deb\u00f2.<\/p>\n\n\n\n<p>M&#039;explica Jorge (El Cocinillas), que no cuinava res de res i que un dia despr\u00e9s de veure una recepta de&nbsp;<a href=\"https:\/\/www.isasaweis.com\/\" target=\"_blank\" rel=\"noopener\">Isasaweis<\/a>&nbsp;a YouTube es va armar de valor, la va fer i va descobrir (oh, miracle!), que era f\u00e0cil i que a m\u00e9s li havia sortit bona!<\/p>\n\n\n\n<p>El robot de cuina va arribar a la seva vida una mica m\u00e9s endavant i un bon dia es va animar i va pujar la primera recepta a&nbsp;<a href=\"https:\/\/www.youtube.com\/channel\/UCmglCoB13yhdhQOH6cfz41A\" target=\"_blank\" rel=\"noopener\">YouTube<\/a>. Reconeix que va ser un desastre, per\u00f2 a poc a poc, \u201ca base de got\u201d i cuidant cada cop m\u00e9s la imatge, els detalls i el contingut, ha aconseguit fer-se un forat a les xarxes amb uns seguidors molt fidels i actius.<\/p>\n\n\n\n<p>A m\u00e9s de YouTube, el podeu trobar a&nbsp;<a href=\"https:\/\/www.facebook.com\/cocinillastm5\/\" target=\"_blank\" rel=\"noopener\">Facebook<\/a>&nbsp;i sobretot a&nbsp;<a href=\"https:\/\/www.instagram.com\/cocinillastm5\/\" target=\"_blank\" rel=\"noopener\">Instagram<\/a>. I perqu\u00e8 poseu cara a Jorge, aqu\u00ed us presentem a&nbsp;<a href=\"https:\/\/www.youtube.com\/channel\/UCmglCoB13yhdhQOH6cfz41A\" target=\"_blank\" rel=\"noopener\">Cuines TM5<\/a>.<\/p>\n\n\n\n<figure class=\"wp-block-image\"><img decoding=\"async\" src=\"https:\/\/www.monapart.com\/sites\/default\/files\/styles\/scale_960x960_\/public\/mediabrowser\/01-menu-navideno_0.jpg?itok=iJJKf_bA\" alt=\"Com fer un men\u00fa nadalenc original i no morir a l&#039;intent | Monapart \"\/><\/figure>\n\n\n\n<h5 class=\"wp-block-heading has-medium-font-size\"><strong>Pregunta: Jorge, et recordar\u00e9 les teves receptes m\u00e9s seguides:&nbsp;<\/strong><a href=\"https:\/\/www.youtube.com\/watch?v=X-BoS4EydzQ\" target=\"_blank\" rel=\"noopener\">les molles<\/a>,&nbsp;<a href=\"https:\/\/www.youtube.com\/watch?v=JvRNHh7m9ME\" target=\"_blank\" rel=\"noopener\">les croquetes<\/a>,&nbsp;<a href=\"https:\/\/www.youtube.com\/watch?v=Qa5ZelfB1y0\" target=\"_blank\" rel=\"noopener\">el pa de pessic<\/a>&nbsp;i el&nbsp;<a href=\"https:\/\/www.youtube.com\/watch?v=hCpOjHrPl5o\" target=\"_blank\" rel=\"noopener\">sushi casol\u00e0<\/a>. Digues-me ara que et menges tot el que fas i que aquesta \u00e9s la teva constituci\u00f3 corporal, per favor.<\/h5>\n\n\n\n<p>Resposta: (Rialles)&nbsp;<em>Com de tot, per\u00f2 amb moderaci\u00f3. Intento cuidar-me per\u00f2 s\u00f3c molt llaminer, aix\u00ed que si faig unes postres, ho faig DE VERITAT. Amb els menjars contundents igual. El truc \u00e9s convidar els amics per no menjar-se&#039;l tot un de sol i cuidar-se entre recepta i recepta. Al canal tamb\u00e9 teniu moltes receptes saludables i baixes en calories, per\u00f2 \u00e9s clar, les croquetes s\u00f3n les croquetes.<\/em><\/p>\n\n\n\n<h5 class=\"wp-block-heading has-medium-font-size\"><strong>Cuinetes, amb qu\u00e8 ens sorprendr\u00e0s en aquestes festes?<\/strong><\/h5>\n\n\n\n<p><em>Per comen\u00e7ar, crec que els esmorzars s\u00f3n els grans oblidats en aquestes dates i per aix\u00f2 us recomano un parell de receptes per comen\u00e7ar els matins de festa de manera especial:<\/em><\/p>\n\n\n\n<p><em><a href=\"https:\/\/www.youtube.com\/watch?v=ZEweb1x_EUU\" target=\"_blank\" rel=\"noopener\"><strong>Pa de caf\u00e8 amb nous i panses<\/strong><\/a>: Esponj\u00f3s, riqu\u00edssim i perfecte per comen\u00e7ar el mat\u00ed amb energia.<\/em><\/p>\n\n\n\n<figure class=\"wp-block-embed is-type-rich is-provider-gestor-del-servicio wp-block-embed-gestor-del-servicio wp-embed-aspect-16-9 wp-has-aspect-ratio\"><div class=\"wp-block-embed__wrapper\">\n<iframe loading=\"lazy\" title=\"Pa de Caf\u00e8 amb Nous i Passa | MIRA LA CAIXETA DE DESCRIPCI\u00d3! \ud83d\ude00\" width=\"500\" height=\"281\" src=\"https:\/\/www.youtube.com\/embed\/ZEweb1x_EUU?feature=oembed\" frameborder=\"0\" allow=\"accelerometer; autoplay; clipboard-write; encrypted-media; gyroscope; picture-in-picture; web-share\" referrerpolicy=\"strict-origin-when-cross-origin\" allowfullscreen><\/iframe>\n<\/div><\/figure>\n\n\n\n<p><em><a href=\"https:\/\/www.youtube.com\/watch?v=7xLhO8hQQiA\" target=\"_blank\" rel=\"noopener\"><strong>Crema de poma<\/strong><\/a><strong>:<\/strong>&nbsp;Per untar al pa de caf\u00e8 com si fos una melmelada, per animar un pa de pessic i tamb\u00e9 per acompanyar aperitius salats.<\/em><\/p>\n\n\n\n<figure class=\"wp-block-embed is-type-rich is-provider-gestor-del-servicio wp-block-embed-gestor-del-servicio wp-embed-aspect-16-9 wp-has-aspect-ratio\"><div class=\"wp-block-embed__wrapper\">\n<iframe loading=\"lazy\" title=\"Crema de Poma | Receptes Thermomix\" width=\"500\" height=\"281\" src=\"https:\/\/www.youtube.com\/embed\/7xLhO8hQQiA?feature=oembed\" frameborder=\"0\" allow=\"accelerometer; autoplay; clipboard-write; encrypted-media; gyroscope; picture-in-picture; web-share\" referrerpolicy=\"strict-origin-when-cross-origin\" allowfullscreen><\/iframe>\n<\/div><\/figure>\n\n\n\n<h5 class=\"wp-block-heading has-medium-font-size\"><strong>Mmmm, comencem b\u00e9, per\u00f2 ara ve el repte\u2026 Recomana&#039;ns un men\u00fa f\u00e0cil, bo i molt molt ric per a aquestes festes.<\/strong><\/h5>\n\n\n\n<p><em>Per comen\u00e7ar, una mica de cullera no pot faltar, aix\u00ed que us proposo aquesta:<\/em><\/p>\n\n\n\n<p><em><strong><a href=\"https:\/\/www.youtube.com\/watch?v=sBhULN3I2t8\" target=\"_blank\" rel=\"noopener\">Crema d&#039;ametlles<\/a><\/strong><\/em><\/p>\n\n\n\n<figure class=\"wp-block-embed is-type-rich is-provider-gestor-del-servicio wp-block-embed-gestor-del-servicio wp-embed-aspect-16-9 wp-has-aspect-ratio\"><div class=\"wp-block-embed__wrapper\">\n<iframe loading=\"lazy\" title=\"Crema d&#039;Ametlles | Receptes Thermomix\" width=\"500\" height=\"281\" src=\"https:\/\/www.youtube.com\/embed\/sBhULN3I2t8?feature=oembed\" frameborder=\"0\" allow=\"accelerometer; autoplay; clipboard-write; encrypted-media; gyroscope; picture-in-picture; web-share\" referrerpolicy=\"strict-origin-when-cross-origin\" allowfullscreen><\/iframe>\n<\/div><\/figure>\n\n\n\n<p><em>De segon us proposo una carn amb un toc festiu:<strong>&nbsp;<a href=\"https:\/\/www.youtube.com\/watch?v=pHDmKNYvUqI\" target=\"_blank\" rel=\"noopener\">Filet de porc amb salsa de gerds<\/a><\/strong>.<\/em><\/p>\n\n\n\n<figure class=\"wp-block-embed is-type-rich is-provider-gestor-del-servicio wp-block-embed-gestor-del-servicio wp-embed-aspect-16-9 wp-has-aspect-ratio\"><div class=\"wp-block-embed__wrapper\">\n<iframe loading=\"lazy\" title=\"Filet de Porc amb Salsa de Gerds | Receptes Thermomix\" width=\"500\" height=\"281\" src=\"https:\/\/www.youtube.com\/embed\/pHDmKNYvUqI?feature=oembed\" frameborder=\"0\" allow=\"accelerometer; autoplay; clipboard-write; encrypted-media; gyroscope; picture-in-picture; web-share\" referrerpolicy=\"strict-origin-when-cross-origin\" allowfullscreen><\/iframe>\n<\/div><\/figure>\n\n\n\n<p><em>I per postres\u2026&nbsp;<a href=\"https:\/\/www.youtube.com\/watch?v=QOzyg6p0brc&amp;feature=youtu.be\" target=\"_blank\" rel=\"noopener\"><strong>Bundt Cake de torr\u00f3<\/strong><\/a>.<\/em><\/p>\n\n\n\n<figure class=\"wp-block-embed is-type-rich is-provider-gestor-del-servicio wp-block-embed-gestor-del-servicio wp-embed-aspect-16-9 wp-has-aspect-ratio\"><div class=\"wp-block-embed__wrapper\">\n<iframe loading=\"lazy\" title=\"Bundt Cake de Torr\u00f3 | Receptes Thermomix\" width=\"500\" height=\"281\" src=\"https:\/\/www.youtube.com\/embed\/QOzyg6p0brc?feature=oembed\" frameborder=\"0\" allow=\"accelerometer; autoplay; clipboard-write; encrypted-media; gyroscope; picture-in-picture; web-share\" referrerpolicy=\"strict-origin-when-cross-origin\" allowfullscreen><\/iframe>\n<\/div><\/figure>\n\n\n\n<h5 class=\"wp-block-heading has-medium-font-size\"><strong>Genial, i ara\u2026 Ens d\u00f3nes alguna recepta en prim\u00edcia per als monaparters? Una de molt resultona i amb la qual puguem posturejar una bona estona.<\/strong><\/h5>\n\n\n\n<p><em>(Rialles) \u00c9s clar que s\u00ed!<\/em><\/p>\n\n\n\n<p><a href=\"https:\/\/www.youtube.com\/watch?v=RKIolceZ0t0\" target=\"_blank\" rel=\"noopener\"><strong>Tortell de Reis amb glacejat de mirall de xocolata<\/strong><\/a><\/p>\n\n\n\n<figure class=\"wp-block-embed is-type-rich is-provider-gestor-del-servicio wp-block-embed-gestor-del-servicio wp-embed-aspect-16-9 wp-has-aspect-ratio\"><div class=\"wp-block-embed__wrapper\">\n<iframe loading=\"lazy\" title=\"Rosc\u00f3 de Reis amb Glasseado Mirall | Receptes Thermomix\" width=\"500\" height=\"281\" src=\"https:\/\/www.youtube.com\/embed\/RKIolceZ0t0?feature=oembed\" frameborder=\"0\" allow=\"accelerometer; autoplay; clipboard-write; encrypted-media; gyroscope; picture-in-picture; web-share\" referrerpolicy=\"strict-origin-when-cross-origin\" allowfullscreen><\/iframe>\n<\/div><\/figure>\n\n\n\n<h5 class=\"wp-block-heading has-medium-font-size\"><strong>I si no tenim robot de cuina?<\/strong><\/h5>\n\n\n\n<p><em>No passa res! Haureu de dedicar-hi una mica m\u00e9s de temps i potser donar-vos una mica m\u00e9s de tra\u00e7a per\u00f2 amb una mica d&#039;afecte segur que us surt molt bo.<\/em><\/p>\n\n\n\n<p><strong>\u00a1\u00a1<em>Bon apetit<\/em>&nbsp;i felices festes! Gr\u00e0cies CocinillasTM5, ens veiem a les xarxes!<\/strong><\/p>\n\n\n\n<p>Hi ha vida m\u00e9s enll\u00e0 del gall dindi, el llet\u00f3 i el garr\u00ed al forn\u2026 i del c\u00e0tering tamb\u00e9! Cuines TM5 ens proposa un men\u00fa per penjar-nos una medalla aquestes festes.<\/p>\n\n\n\n<p><\/p>","protected":false},"excerpt":{"rendered":"<p>Hi ha vida m\u00e9s enll\u00e0 del gall dindi, el llet\u00f3 i el garr\u00ed al forn\u2026 i del c\u00e0tering tamb\u00e9! Cuines TM5 ens proposa un men\u00fa per penjar-nos una medalla aquestes festes.<\/p>","protected":false},"author":3,"featured_media":823,"comment_status":"closed","ping_status":"closed","sticky":false,"template":"","format":"standard","meta":{"_acf_changed":false,"footnotes":""},"categories":[2844,2845],"tags":[3264,3000,3099],"class_list":["post-822","post","type-post","status-publish","format-standard","has-post-thumbnail","hentry","category-hogar","category-mi-monapart","tag-alimentacion","tag-salud","tag-navidad"],"acf":[],"_links":{"self":[{"href":"https:\/\/www.monapart.com\/magazine\/ca\/wp-json\/wp\/v2\/posts\/822","targetHints":{"allow":["GET"]}}],"collection":[{"href":"https:\/\/www.monapart.com\/magazine\/ca\/wp-json\/wp\/v2\/posts"}],"about":[{"href":"https:\/\/www.monapart.com\/magazine\/ca\/wp-json\/wp\/v2\/types\/post"}],"author":[{"embeddable":true,"href":"https:\/\/www.monapart.com\/magazine\/ca\/wp-json\/wp\/v2\/users\/3"}],"replies":[{"embeddable":true,"href":"https:\/\/www.monapart.com\/magazine\/ca\/wp-json\/wp\/v2\/comments?post=822"}],"version-history":[{"count":2,"href":"https:\/\/www.monapart.com\/magazine\/ca\/wp-json\/wp\/v2\/posts\/822\/revisions"}],"predecessor-version":[{"id":16474,"href":"https:\/\/www.monapart.com\/magazine\/ca\/wp-json\/wp\/v2\/posts\/822\/revisions\/16474"}],"wp:featuredmedia":[{"embeddable":true,"href":"https:\/\/www.monapart.com\/magazine\/ca\/wp-json\/wp\/v2\/media\/823"}],"wp:attachment":[{"href":"https:\/\/www.monapart.com\/magazine\/ca\/wp-json\/wp\/v2\/media?parent=822"}],"wp:term":[{"taxonomy":"category","embeddable":true,"href":"https:\/\/www.monapart.com\/magazine\/ca\/wp-json\/wp\/v2\/categories?post=822"},{"taxonomy":"post_tag","embeddable":true,"href":"https:\/\/www.monapart.com\/magazine\/ca\/wp-json\/wp\/v2\/tags?post=822"}],"curies":[{"name":"wp","href":"https:\/\/api.w.org\/{rel}","templated":true}]}}