{"id":820,"date":"2018-12-15T15:20:32","date_gmt":"2018-12-15T14:20:32","guid":{"rendered":"https:\/\/www.monapart.com\/magazine\/?p=820"},"modified":"2025-06-20T12:41:14","modified_gmt":"2025-06-20T10:41:14","slug":"botigues-de-decoracio-nadalenca-a-madrid","status":"publish","type":"post","link":"https:\/\/www.monapart.com\/magazine\/ca\/hogar\/tiendas-de-decoracion-navidena-en-madrid","title":{"rendered":"Botigues de decoraci\u00f3 nadalenca a Madrid"},"content":{"rendered":"<h1 class=\"wp-block-heading\">Botigues de decoraci\u00f3 nadalenca a Madrid<\/h1>\n\n\n\n<h2 class=\"wp-block-heading\"><strong>Llocs \u00fanics per trobar l&#039;esperit nadalenc perfecte<\/strong>.<\/h2>\n\n\n<div class='post-info'>15 de desembre de 2018 per <a href='https:\/\/www.monapart.com\/magazine\/ca\/autor\/nieves-archilla'>Nieves Archilla<\/a><\/div>\n\n\n\n<p><\/p>\n\n\n\n<p><strong>Et portem aqu\u00ed una selecci\u00f3 de les botigues millor assortides en decoraci\u00f3 nadalenca de Madrid, lluny de multituds i per a tots els gustos. T&#039;ho voldr\u00e0s emportar tot!<\/strong><\/p>\n\n\n\n<p>Tant si t&#039;agrada el Nadal com si ets un aut\u00e8ntic Grinch nivell pro, el cert \u00e9s que arriba desembre i s&#039;activa un ressort al cervell que t&#039;obliga a fer alguna cosa al respecte a casa, sigui donant-ho tot perqu\u00e8 el teu sal\u00f3 sigui el millor puntuat per amics i fam\u00edlia, o b\u00e9 per complir expedient i que deixin de trucar-te bestiola rara (en aquest punt, potser no \u00e9s la millor manera d&#039;aconseguir-ho\u2026). &nbsp;&nbsp;<\/p>\n\n\n\n<p>Si vius a Madrid, aqu\u00ed el m\u00e9s tradicional \u00e9s anar al mercat de Nadal de la Pla\u00e7a Major on hi ha meravelloses i nombroses opcions per completar el teu pessebre, el teu arbre i un ampli repertori d&#039;articles de conya. Per\u00f2 si ets dels que t\u00e9 seriosos problemes amb les aglomeracions mida XXL i busca alguna cosa especial allunyada de les grans superf\u00edcies, et donem unes pistes de petits espais on pots gaudir comprant-ne algun detall.<\/p>\n\n\n\n<p>Com els nostres amics de <a href=\"https:\/\/www.bridepalla.com\/\" target=\"_blank\" rel=\"noreferrer noopener\">Bridepalla<\/a> ja t&#039;han explicat <a href=\"https:\/\/www.monapart.com\/es\/magazine\/hogar\/escoger-el-mejor-arbol-de-navidad-ecologico\">com escollir el millor arbre de Nadal ecol\u00f2gic<\/a>, ara anem a carrerejar pel centre de Madrid buscant botigues de decoraci\u00f3 que en aquestes dates sumen articles nadalencs a les seves propostes.<\/p>\n\n\n\n<h5 class=\"wp-block-heading has-medium-font-size\"><strong><u><a href=\"http:\/\/www.canterano.es\/\" target=\"_blank\" rel=\"noopener\">CANTER\u00c0<\/a><\/u><\/strong><\/h5>\n\n\n\n<p>Al cor de Chamber\u00ed, sempre atents a les \u00faltimes tend\u00e8ncies (tamb\u00e9 per Nadal, \u00e9s clar!). \u00c9s l&#039;\u00e8poca preferida de les germanes Mayte i Luc\u00eda, les responsables de la botiga, i aix\u00f2 es nota. Trobes infinitat d&#039;opcions en daurat i en <em>xampany ros\u00e9<\/em>, a m\u00e9s dels tocs vermells ja imprescindibles, amb estils que recorden els nostres ve\u00efns francesos o belgues.<\/p>\n\n\n\n<p>Per cert, organitzen cursos de decoraci\u00f3 al llarg de l&#039;any, i al desembre un especial de Nadal per a nens. \u00c9s clar que els encanta el contacte amb la gent, i em fa que, en part, aquest \u00e9s el secret que portin m\u00e9s de vint anys oberts!<\/p>\n\n\n\n<figure class=\"wp-block-image\"><img decoding=\"async\" src=\"https:\/\/www.monapart.com\/sites\/default\/files\/styles\/scale_960x960_\/public\/mediabrowser\/03-decoracion-navidad-debajo-casa.jpg?itok=2n0uRX3M\" alt=\"Botigues de decoraci\u00f3 nadalenca a Madrid | Monapart\"\/><\/figure>\n\n\n\n<h5 class=\"wp-block-heading has-medium-font-size\"><a href=\"https:\/\/www.salondesfleurs.es\/\" target=\"_blank\" rel=\"noopener\">SAL\u00d3 DES FLEURS<\/a><\/h5>\n\n\n\n<p>Floristeria, sal\u00f3 de te i botiga de petits detalls amb encant. I per Nadal, no podia ser menys. Vella coneguda pel concepte <em>vintage living<\/em> portat a tots els nivells. Molt micos els soldadets de roba. I les estrelletes daurades. I qualsevol composici\u00f3 amb gr\u00e8vol\u2026 En fi, que si sobrepasses aquesta porta rosa, alguna cosa cau. Segur. Perqu\u00e8 despr\u00e9s hi ha el past\u00eds de cervesa negra. Per\u00f2 b\u00e9, aquesta \u00e9s una altra hist\u00f2ria\u2026<\/p>\n\n\n\n<figure class=\"wp-block-image\"><img decoding=\"async\" src=\"https:\/\/www.monapart.com\/sites\/default\/files\/styles\/scale_960x960_\/public\/mediabrowser\/05-decoracion-navidad-debajo-casa.jpg?itok=eD8nAO3P\" alt=\"Botigues de decoraci\u00f3 nadalenca a Madrid | Monapart\"\/><\/figure>\n\n\n\n<h5 class=\"wp-block-heading has-medium-font-size\">STUDIO DI VERONA<\/h5>\n\n\n\n<p>Ubicada en un dels carrers amb m\u00e9s art de Chueca, el carrer Pelai.<\/p>\n\n\n\n<p>Que no t&#039;enganyi la petita fa\u00e7ana: passa fins al fons. Hi ha diverses sales, encara que la decoraci\u00f3 nadalenca est\u00e0 m\u00e9s concentrada a les dues primeres. Articles preciosos d&#039;aire centreeuropeu que t&#039;enganxen des que entres.<\/p>\n\n\n\n<p>Per cert, no te&#039;n vagis sense una espelma bugia de mirra. Perqu\u00e8 tens curiositat per saber com fa olor la mirra i perqu\u00e8 \u00e9s d&#039;aut\u00e8ntica cera d&#039;abella, com les que es feien a principis del segle XX, de flama molt intensa i sense fum negre. I com les piles, duren i duren i duren.<\/p>\n\n\n\n<figure class=\"wp-block-image\"><img decoding=\"async\" src=\"https:\/\/www.monapart.com\/sites\/default\/files\/styles\/scale_960x960_\/public\/mediabrowser\/06-decoracion-navidad-debajo-casa.jpg?itok=OLK2yZNy\" alt=\"Botigues de decoraci\u00f3 nadalenca a Madrid | Monapart\"\/><\/figure>\n\n\n\n<h5 class=\"wp-block-heading has-medium-font-size\"><a href=\"http:\/\/www.angelstudio.es\/\" target=\"_blank\" rel=\"noreferrer noopener\"><u>ANGEL STUDIO<\/u><\/a><\/h5>\n\n\n\n<p>Molt a prop (al carrer San Marcos) \u00c1ngel i Pedro, els fundadors de la botiga, s\u00f3n els responsables de l&#039;orientaci\u00f3 a propostes sofisticades per\u00f2 amb un cert toc de naturalitat. \u00c1ngel tamb\u00e9 \u00e9s dissenyador d&#039;espais (\u00e9s clar, aix\u00f2 explica moltes coses\u2026). Precioses les boles transparents i el ll\u00e0ntia llum mida gegant.<\/p>\n\n\n\n<p>Per aqu\u00ed es passen des de famosillos (la de <em>selfies<\/em> que han vist aquestes parets\u2026) fins a \u201cla senyora que netejava vidres a l&#039;edifici del davant, perqu\u00e8 veia la botiga des de la finestra, li encantava i un dia va baixar a comprar-se un caprici\u201d. Aquestes s\u00f3n les hist\u00f2ries que m\u00e9s molen.<\/p>\n\n\n\n<figure class=\"wp-block-image\"><img decoding=\"async\" src=\"https:\/\/www.monapart.com\/sites\/default\/files\/styles\/scale_960x960_\/public\/mediabrowser\/01-decoracion-navidad-debajo-casa.jpg?itok=x2UAT8KN\" alt=\"Botigues de decoraci\u00f3 nadalenca a Madrid | Monapart\"\/><\/figure>\n\n\n\n<h5 class=\"wp-block-heading has-medium-font-size\"><a href=\"http:\/\/www.baden-baden-madrid.es\/\" target=\"_blank\" rel=\"noopener\">BADEN BADEN<\/a><\/h5>\n\n\n\n<p>Botiga m\u00edtica de Madrid al barri de Salamanca. I rara. Tot s\u00f3n articles artesanals procedents d&#039;Alemanya, \u00c0ustria, nord d&#039;It\u00e0lia\u2026 Boles de vidre bufat i pintades a m\u00e0, pessebres de vidre de Boh\u00e8mia, de metall, teles, espelmes de nadal, els famosos ous de Faberg\u00e9\u2026 No \u00e9s per a tots els p\u00fablics, per\u00f2 que s\u00e0pigues que la <a href=\"https:\/\/www.revistaad.es\/\" target=\"_blank\" rel=\"noreferrer noopener\">revista AD<\/a> ha comptat amb ells diverses vegades per atrezzar els seus reportatges fotogr\u00e0fics. Sense anar m\u00e9s lluny, al seu \u00faltim n\u00famero de desembre. Canyella fina.<\/p>\n\n\n\n<figure class=\"wp-block-image\"><img decoding=\"async\" src=\"https:\/\/www.monapart.com\/sites\/default\/files\/styles\/scale_960x960_\/public\/mediabrowser\/02-decoracion-navidad-debajo-casa.jpg?itok=Eh_ZE9vB\" alt=\"Botigues de decoraci\u00f3 nadalenca a Madrid | Monapart\"\/><\/figure>\n\n\n\n<h5 class=\"wp-block-heading has-medium-font-size\"><a href=\"http:\/\/www.livinginlondonshop.es\/\" target=\"_blank\" rel=\"noopener\">LIVING IN LONDON<\/a><\/h5>\n\n\n\n<p>Acabats de mudar al barri de Salamanca, tenim aquest tros de Londres a Madrid. Una botiga i sal\u00f3 de te molt <em>british<\/em>, al m\u00e9s pur estil retro victori\u00e0. I fidel reflex de com de bojos es tornen els anglesos amb aix\u00f2 del Nadal, perqu\u00e8 malgrat la modesta mida d&#039;aquesta petita botiga, tenen un munt de detalls per a decoraci\u00f3 nadalenca: vaixelles, estovalles, tovallons, mitjons i una infinitat d&#039;ornaments per penjar a l&#039;arbre oa les parets de casa. Sempre amb aquest toc t\u00edpicament angl\u00e8s, <em>of course<\/em>.<\/p>\n\n\n\n<figure class=\"wp-block-image\"><img decoding=\"async\" src=\"https:\/\/www.monapart.com\/sites\/default\/files\/styles\/scale_960x960_\/public\/mediabrowser\/04-decoracion-navidad-debajo-casa.jpg?itok=krCvS7rW\" alt=\"Botigues de decoraci\u00f3 nadalenca a Madrid | Monapart\"\/><\/figure>\n\n\n\n<p>Si encara tens pendent decorar la casa o si t&#039;has quedat curt i necessites m\u00e9s idees, esperem que aquests llocs del Centre, el Chamber\u00ed i el barri de Salamanca puguin ajudar-te. <\/p>\n\n\n\n<p>Si no, sempre et quedar\u00e0 la pr\u00f2pia imaginaci\u00f3, monaparter!<\/p>\n\n\n\n<p><\/p>","protected":false},"excerpt":{"rendered":"<p>Tiendas de decoraci\u00f3n navide\u00f1a en Madrid Lugares \u00fanicos para encontrar el esp\u00edritu navide\u00f1o perfecto. Te traemos aqu\u00ed una selecci\u00f3n de las tiendas mejor surtidas en decoraci\u00f3n navide\u00f1a de Madrid, lejos de muchedumbres y para todos los gustos. \u00a1Te lo querr\u00e1s llevar todo! Tanto si te gusta la Navidad como si eres un aut\u00e9ntico Grinch nivel [&hellip;]<\/p>\n","protected":false},"author":14,"featured_media":821,"comment_status":"closed","ping_status":"closed","sticky":false,"template":"","format":"standard","meta":{"_acf_changed":false,"footnotes":""},"categories":[2844,2846],"tags":[3099,2878],"class_list":["post-820","post","type-post","status-publish","format-standard","has-post-thumbnail","hentry","category-hogar","category-espacios-y-vida","tag-navidad","tag-madrid"],"acf":[],"_links":{"self":[{"href":"https:\/\/www.monapart.com\/magazine\/ca\/wp-json\/wp\/v2\/posts\/820","targetHints":{"allow":["GET"]}}],"collection":[{"href":"https:\/\/www.monapart.com\/magazine\/ca\/wp-json\/wp\/v2\/posts"}],"about":[{"href":"https:\/\/www.monapart.com\/magazine\/ca\/wp-json\/wp\/v2\/types\/post"}],"author":[{"embeddable":true,"href":"https:\/\/www.monapart.com\/magazine\/ca\/wp-json\/wp\/v2\/users\/14"}],"replies":[{"embeddable":true,"href":"https:\/\/www.monapart.com\/magazine\/ca\/wp-json\/wp\/v2\/comments?post=820"}],"version-history":[{"count":1,"href":"https:\/\/www.monapart.com\/magazine\/ca\/wp-json\/wp\/v2\/posts\/820\/revisions"}],"predecessor-version":[{"id":16480,"href":"https:\/\/www.monapart.com\/magazine\/ca\/wp-json\/wp\/v2\/posts\/820\/revisions\/16480"}],"wp:featuredmedia":[{"embeddable":true,"href":"https:\/\/www.monapart.com\/magazine\/ca\/wp-json\/wp\/v2\/media\/821"}],"wp:attachment":[{"href":"https:\/\/www.monapart.com\/magazine\/ca\/wp-json\/wp\/v2\/media?parent=820"}],"wp:term":[{"taxonomy":"category","embeddable":true,"href":"https:\/\/www.monapart.com\/magazine\/ca\/wp-json\/wp\/v2\/categories?post=820"},{"taxonomy":"post_tag","embeddable":true,"href":"https:\/\/www.monapart.com\/magazine\/ca\/wp-json\/wp\/v2\/tags?post=820"}],"curies":[{"name":"wp","href":"https:\/\/api.w.org\/{rel}","templated":true}]}}