{"id":812,"date":"2018-10-27T13:25:12","date_gmt":"2018-10-27T11:25:12","guid":{"rendered":"https:\/\/www.monapart.com\/magazine\/?p=812"},"modified":"2025-06-20T12:38:55","modified_gmt":"2025-06-20T10:38:55","slug":"consells-utils-per-afrontar-el-canvi-darmari","status":"publish","type":"post","link":"https:\/\/www.monapart.com\/magazine\/ca\/hogar\/consejos-utiles-para-afrontar-el-cambio-de-armario","title":{"rendered":"Consells \u00fatils per fer front al canvi d&#039;armari"},"content":{"rendered":"<h1 class=\"wp-block-heading\">Consells \u00fatils per fer front al canvi d&#039;armari<\/h1>\n\n\n\n<h2 class=\"wp-block-heading\"><a href=\"https:\/\/www.monapart.com\/magazine\/ca\/node\/4\/\">Monapart Alacant<\/a>\u00a0parla amb Ana Samper, que amb els consells, el canvi d&#039;armari deixar\u00e0 de ser una tortura per ser un plaer.<\/h2>\n\n\n<div class='post-info'>27 d&#039;octubre del 2018 per <a href='https:\/\/www.monapart.com\/magazine\/ca\/autor\/monapart'>Monapart<\/a><\/div>\n\n\n\n<p>Si et parlen de c\u00e0psules i el primer que et ve al cap s\u00f3n els caf\u00e8s, est\u00e0s a punt de descobrir la soluci\u00f3 final al temut canvi d&#039;armari.\u00a0<\/p>\n\n\n\n<p>A quants de nosaltres ens desespera aquest moment tedi\u00f3s de canviar la roba d&#039;una temporada per la d&#039;una altra? A mi sempre se m&#039;acudeixen un mili\u00f3 de coses abans que fer el canvi d&#039;armari i \u201csense voler\u201d ho vaig posposant fins que comen\u00e7o a morir-me de fred o de calor, depenent de l&#039;\u00e8poca de l&#039;any en qu\u00e8 ens trobem. Encara sort que en aquesta ocasi\u00f3, la nostra amiga Ana Samper, Personal Organizer i creadora de la p\u00e0gina web&nbsp;<a href=\"https:\/\/ordenyconcierto.es\/\" target=\"_blank\" rel=\"noopener\">Ordre i Amb Cert<\/a>, (en aquest post ja ens va donar consells per posar&nbsp;<a href=\"https:\/\/www.monapart.com\/magazine\/ca\/node\/1714\/\" target=\"_blank\" rel=\"noreferrer noopener\">ordre i concert a les mudances<\/a>) ens ajuda a enfrontar-nos a aquest dilema t\u00e8xtil i aconseguir posar ordre al nostre armari:&nbsp;<\/p>\n\n\n\n<h5 class=\"wp-block-heading has-medium-font-size\"><strong>Pregunta: Anna, quina \u00e9s la millor manera de fer front al canvi d&#039;armari i no morir en l&#039;intent?<\/strong><\/h5>\n\n\n\n<p>Resposta: Els canvis d\u201farmari es converteixen en una necessitat imperiosa, per aix\u00f2 m\u201fhe especialitzat en l\u201forganitzaci\u00f3 d\u201farmaris utilitzant la teoria de la c\u00e0psula de roba. Personalment porto utilitzant-la m\u00e9s de tres anys i la recomano a tots els meus clients.<\/p>\n\n\n\n<h5 class=\"wp-block-heading has-medium-font-size\"><strong>Per\u00f2, qu\u00e8 \u00e9s la&nbsp;<a href=\"https:\/\/www.youtube.com\/watch?v=mqu7d7bFJsU\" target=\"_blank\" rel=\"noopener\">teoria de la c\u00e0psula de roba<\/a>?<\/strong><\/h5>\n\n\n\n<p>L&#039;ordre \u00e9s directament proporcional a la quantitat de coses que tenim i l&#039;espai de qu\u00e8 disposem, per aix\u00f2 aquesta filosofia ens ajudar\u00e0 a la conquesta immediata i duradora de l&#039;ordre al nostre armari. Consisteix a pre-decidir el que ens posarem en els propers 3 mesos i limitar la quantitat de roba que tenim a l&#039;armari a 33 peces. Dins aquesta selecci\u00f3 incloem les sabates i no hi inclourem els complements, la roba d&#039;esport ni la roba de dormir.<\/p>\n\n\n\n<h5 class=\"wp-block-heading has-medium-font-size\"><strong>Per qu\u00e8?<\/strong><\/h5>\n\n\n\n<p>Perqu\u00e8 en reduir el nombre de peces, el caos que es pot crear al nostre armari es veur\u00e0 considerablement redu\u00eft i, a m\u00e9s, com ja tens els teus conjunts favorits escollits per als propers 3 mesos, ser\u00e0 m\u00e9s f\u00e0cil triar qu\u00e8 et poses cada mat\u00ed.<\/p>\n\n\n\n<figure class=\"wp-block-image\"><img decoding=\"async\" src=\"https:\/\/www.monapart.com\/sites\/default\/files\/styles\/scale_960x960_\/public\/mediabrowser\/02-cambio-armario.jpg?itok=pgF64yq_\" alt=\"Consells \u00fatils per fer front al canvi d&#039;armari | Monapart \"\/><\/figure>\n\n\n\n<h5 class=\"wp-block-heading has-medium-font-size\"><strong>M&#039;has conven\u00e7ut! Com em creo la meva pr\u00f2pia c\u00e0psula de roba?<\/strong><\/h5>\n\n\n\n<ol class=\"wp-block-list\">\n<li>El primer pas \u00e9s fer una neteja a fons de totes les temporades, descartant la roba que sabem que mai m\u00e9s ens posarem, \u00e9s a dir, treure del mig tots els \u201cper si de cas\u201d.<\/li>\n\n\n\n<li>El segon pas \u00e9s fer una ullada a algunes revistes de moda, Pinterest, Instagram o les nostres p\u00e0gines d&#039;Internet favorites per estar al dia del que ser\u00e0 tend\u00e8ncia en la temporada per a la qual prepararem la c\u00e0psula de roba.<\/li>\n\n\n\n<li>Tercer pas: fer una llista per categories de la roba que hem conservat i que podem posar-nos a la nova temporada. Aqu\u00ed us en deixo una\u00a0<a href=\"https:\/\/ordenyconcierto.es\/tiempo\/\" target=\"_blank\" rel=\"noopener\">plantilla<\/a>\u00a0com les que jo solc utilitzar.<\/li>\n\n\n\n<li>Quart pas: seleccionar les peces de la llista que hem fet fent combinacions. Si ens falt\u00e9s alguna pe\u00e7a per completar els nostres conjunts, podem comprar-la per Internet sabent exactament quina pe\u00e7a i de quin color la necessitem.<\/li>\n<\/ol>\n\n\n\n<p><strong>Seguint aquests quatre passos, podr\u00e0s fer f\u00e0cilment el canvi d&#039;armari, ja que en el moment en qu\u00e8 treguis les peces que no has incl\u00f2s a la c\u00e0psula nom\u00e9s les haur\u00e0s de guardar i treure les que has triat de la temporada que ve.<\/strong>&nbsp;Com que no tota la roba es canvia i hi haur\u00e0 peces que seguir\u00e0s mantenint d&#039;una temporada a una altra, en poc temps el canvi estar\u00e0 fet, sense necessitat de buidar tot l&#039;armari ni d&#039;obrir totes les caixes de roba guardada; llevat que siguis extremadament ordenada, en general mai sabem qu\u00e8 hi ha a cada caixa. ;D<\/p>\n\n\n\n<p>A m\u00e9s, en el moment en qu\u00e8 treguis el que ja no et posar\u00e0s, podr\u00e0s aprofitar per decidir si vols guardar-ho o no, i aix\u00ed evitar\u00e0s haver de fer aquestes maratons de neteja d&#039;armari de roba acumulada d&#039;altres temporades que saps que ja mai m\u00e9s et posar\u00e0s.<\/p>\n\n\n\n<figure class=\"wp-block-image\"><img decoding=\"async\" src=\"https:\/\/www.monapart.com\/sites\/default\/files\/styles\/scale_960x960_\/public\/mediabrowser\/03-cambio-armario_0.jpg?itok=-u1PIrE4\" alt=\"Consells \u00fatils per fer front al canvi d&#039;armari | Monapart \"\/><\/figure>\n\n\n\n<p>El canvi d&#039;armari s&#039;ha anat convertint en un problema a causa, d&#039;una banda, que els habitatges cada vegada tenen menys espai d&#039;emmagatzematge i, de l&#039;altra, que cada cop comprem i acumulem m\u00e9s quantitat de roba. Seguint aquests consells, el canvi d&#039;armari ja no ser\u00e0 un suplici sin\u00f3 un plaer i podr\u00e0s dedicar el teu temps a all\u00f2 que realment importa!<\/p>\n\n\n\n<p>Clica en aquest v\u00eddeo per veure un resum del que s&#039;ha explicat:<\/p>\n\n\n\n<figure class=\"wp-block-embed is-type-rich is-provider-gestor-del-servicio wp-block-embed-gestor-del-servicio wp-embed-aspect-16-9 wp-has-aspect-ratio\"><div class=\"wp-block-embed__wrapper\">\n<iframe loading=\"lazy\" title=\"Canvi d&#039;armari c\u00e0psula de roba | Ordre i amb cert\" width=\"500\" height=\"281\" src=\"https:\/\/www.youtube.com\/embed\/bM7BrOOfn3o?feature=oembed\" frameborder=\"0\" allow=\"accelerometer; autoplay; clipboard-write; encrypted-media; gyroscope; picture-in-picture; web-share\" referrerpolicy=\"strict-origin-when-cross-origin\" allowfullscreen><\/iframe>\n<\/div><\/figure>\n\n\n\n<p>Si et parlen de c\u00e0psules i el primer que et ve al cap s\u00f3n els caf\u00e8s, est\u00e0s a punt de descobrir la soluci\u00f3 final al temut canvi d&#039;armari. Monapart Alicante parla amb Ana Samper, que amb els seus consells, el canvi d&#039;armari deixar\u00e0 de ser una tortura per ser un plaer.<\/p>\n\n\n\n<p><\/p>","protected":false},"excerpt":{"rendered":"<p>Consejos \u00fatiles para afrontar el cambio de armario Monapart Alicante\u00a0habla con Ana Samper, quien con sus consejos, el cambio de armario dejar\u00e1 de ser una tortura para ser un placer. Si te hablan de c\u00e1psulas y lo primero que te viene a la mente son los caf\u00e9s, est\u00e1s a punto de descubrir la soluci\u00f3n final [&hellip;]<\/p>\n","protected":false},"author":3,"featured_media":813,"comment_status":"closed","ping_status":"closed","sticky":false,"template":"","format":"standard","meta":{"_acf_changed":false,"footnotes":""},"categories":[2844,2846],"tags":[3254],"class_list":["post-812","post","type-post","status-publish","format-standard","has-post-thumbnail","hentry","category-hogar","category-espacios-y-vida","tag-time-in"],"acf":[],"_links":{"self":[{"href":"https:\/\/www.monapart.com\/magazine\/ca\/wp-json\/wp\/v2\/posts\/812","targetHints":{"allow":["GET"]}}],"collection":[{"href":"https:\/\/www.monapart.com\/magazine\/ca\/wp-json\/wp\/v2\/posts"}],"about":[{"href":"https:\/\/www.monapart.com\/magazine\/ca\/wp-json\/wp\/v2\/types\/post"}],"author":[{"embeddable":true,"href":"https:\/\/www.monapart.com\/magazine\/ca\/wp-json\/wp\/v2\/users\/3"}],"replies":[{"embeddable":true,"href":"https:\/\/www.monapart.com\/magazine\/ca\/wp-json\/wp\/v2\/comments?post=812"}],"version-history":[{"count":2,"href":"https:\/\/www.monapart.com\/magazine\/ca\/wp-json\/wp\/v2\/posts\/812\/revisions"}],"predecessor-version":[{"id":16497,"href":"https:\/\/www.monapart.com\/magazine\/ca\/wp-json\/wp\/v2\/posts\/812\/revisions\/16497"}],"wp:featuredmedia":[{"embeddable":true,"href":"https:\/\/www.monapart.com\/magazine\/ca\/wp-json\/wp\/v2\/media\/813"}],"wp:attachment":[{"href":"https:\/\/www.monapart.com\/magazine\/ca\/wp-json\/wp\/v2\/media?parent=812"}],"wp:term":[{"taxonomy":"category","embeddable":true,"href":"https:\/\/www.monapart.com\/magazine\/ca\/wp-json\/wp\/v2\/categories?post=812"},{"taxonomy":"post_tag","embeddable":true,"href":"https:\/\/www.monapart.com\/magazine\/ca\/wp-json\/wp\/v2\/tags?post=812"}],"curies":[{"name":"wp","href":"https:\/\/api.w.org\/{rel}","templated":true}]}}