{"id":796,"date":"2018-10-16T17:42:30","date_gmt":"2018-10-16T15:42:30","guid":{"rendered":"https:\/\/www.monapart.com\/magazine\/?p=796"},"modified":"2025-05-05T17:36:38","modified_gmt":"2025-05-05T15:36:38","slug":"habitem-com-pensem-debat-sobre-habitatge-a-madrid-spksymonapart","status":"publish","type":"post","link":"https:\/\/www.monapart.com\/magazine\/ca\/noticias\/habitamos-como-pensamos-debate-sobre-vivienda-en-madrid-spksymonapart","title":{"rendered":"Habitem com pensem? \u00b7 Debat sobre habitatge a Madrid #SPKSYMonapart"},"content":{"rendered":"<h1 class=\"wp-block-heading\">Habitem com pensem? \u00b7 Debat sobre habitatge a Madrid #SPKSYMonapart<\/h1>\n\n\n\n<h2 class=\"wp-block-heading\">Despr\u00e9s de dues edicions a Barcelona, Speakeasy arriba a Madrid aquest 25 d&#039;octubre, on quatre ponents reflexionaran sobre la correlaci\u00f3 entre la vivenda que triem i el nostre estil de vida.<\/h2>\n\n\n\n<p>El proper dijous 25 d&#039;octubre tindr\u00e0 lloc a l&#039;estudi d&#039;interiorisme&nbsp;<strong><a href=\"http:\/\/www.ynot.es\/\" target=\"_blank\" rel=\"noreferrer noopener\">Inot<\/a><\/strong>&nbsp;la tercera edici\u00f3 de \u201cSpeakeasy: converses arriscades sobre habitatge\u201d organitzat per&nbsp;<strong><a href=\"https:\/\/www.monapart.com\/es\" target=\"_blank\" rel=\"noreferrer noopener\">Monapart Madrid<\/a><\/strong>&nbsp;despr\u00e9s de les dues primeres edicions a Barcelona. El debat se centrar\u00e0 en la correlaci\u00f3 entre la vivenda que triem i el nostre estil de vida.<\/p>\n\n\n\n<figure class=\"wp-block-image\"><img decoding=\"async\" src=\"https:\/\/www.monapart.com\/sites\/default\/files\/styles\/scale_960x960_\/public\/mediabrowser\/speakeasy3-tema_0.jpg?itok=Eqm8E3cZ\" alt=\"Habitem com pensem? \u00b7 Debat sobre habitatge a Madrid #SPKSYMonapart | Monapart \"\/><\/figure>\n\n\n\n<p>Habitem com pensem? Hi ha una manera moderna d&#039;habitar? \u00c9s \u201cllar\u201d un concepte fonamentalment tradicional? Per qu\u00e8 l&#039;obra nova \u00e9s per a molts un consol i no pas un anhel? Per qu\u00e8 els consumidors molt sofisticats ho s\u00f3n menys en mat\u00e8ria d&#039;habitatge? L&#039;obra nova proposa o respon a la demanda? Llegir la revista AD i moblar d&#039;Ikea \u00e9s com llegir la revista Vogue i vestir Zara? Es consumeix com els amics i s&#039;habita com a pares? L&#039;habitatge modern \u00e9s alta cultura? A qu\u00e8 es deu l&#039;auge de l&#039;habitatge-amb encant? Qu\u00e8 espera a l&#039;habitatge quan se l&#039;associa a \u201cmoments\u201d, \u201cexperi\u00e8ncies\u201d o \u201cInstagram\u201d? Qu\u00e8 t\u00e9 el moble modern i la tecnologia que combinen tan b\u00e9 amb les motllures? Per qu\u00e8 \u00e9s normal aparcar un Tesla en un habitatge amb certificaci\u00f3 energ\u00e8tica \u201cF\u201d? Per qu\u00e8 \u00e9s normal alimentar-se amb productes eco de proximitat i en env\u00e0s reciclable en un habitatge amb parquet sint\u00e8tic de PVC? De quin temps \u00e9s l&#039;habitatge \u201cd&#039;avui\u201d?<\/p>\n\n\n\n<p>El debat, moderat per&nbsp;<a href=\"https:\/\/www.linkedin.com\/in\/jlecheverria\/\" target=\"_blank\" rel=\"noreferrer noopener\"><strong>Jos\u00e9 Luis Echeverr\u00eda<\/strong><\/a>&nbsp;(soci fundador de&nbsp;<strong>Monapart<\/strong>), comptar\u00e0 amb la pres\u00e8ncia de&nbsp;<a href=\"http:\/\/amanncanovasmaruri.blogspot.com\/\" target=\"_blank\" rel=\"noreferrer noopener\"><strong>Atxu Amann<\/strong><\/a>&nbsp;(estudi d&#039;arquitectura&nbsp;<strong>Temperatures Extremes<\/strong>);&nbsp;<a href=\"http:\/\/www.touza.com\/\" target=\"_blank\" rel=\"noreferrer noopener\"><strong>Juliol Touza S.<\/strong><\/a>, (fill de Julio Touza Rodr\u00edguez, de l&#039;estudi&nbsp;<strong>Touza Arquitectes<\/strong>);&nbsp;<strong>Juan Fraile<\/strong>&nbsp;(soci promotor de&nbsp;<strong>El Paracaigudista&nbsp;<\/strong>i fundador de&nbsp;<strong>Mercat de Motors<\/strong>); i&nbsp;<a href=\"https:\/\/www.linkedin.com\/in\/carlos-primo-79b39022\/\" target=\"_blank\" rel=\"noreferrer noopener\"><strong>Carlos Primo<\/strong><\/a>&nbsp;(revista&nbsp;<strong>ICON Design<\/strong>).<\/p>\n\n\n\n<figure class=\"wp-block-image\"><img decoding=\"async\" src=\"https:\/\/www.monapart.com\/sites\/default\/files\/styles\/scale_960x960_\/public\/mediabrowser\/logotipo_speakeasy3_0.jpg?itok=bx3zuGK0\" alt=\"Habitem com pensem? \u00b7 Debat sobre habitatge a Madrid #SPKSYMonapart | Monapart \"\/><\/figure>\n\n\n\n<p><strong>ATXU AMANN<\/strong><\/p>\n\n\n\n<figure class=\"wp-block-image\"><img decoding=\"async\" src=\"https:\/\/www.monapart.com\/sites\/default\/files\/styles\/scale_960x960_\/public\/mediabrowser\/atxu-amann-2b_0.jpg?itok=sk9YmwAu\" alt=\"ATXU AMANN | Monapart\"\/><\/figure>\n\n\n\n<p>Doctora Arquitecta per l&#039;Escola T\u00e8cnica Superior d&#039;Arquitectura de Madrid i s\u00f2cia a l&#039;estudi d&#039;arquitectura&nbsp;<a href=\"http:\/\/amanncanovasmaruri.blogspot.com\/\" target=\"_blank\" rel=\"noreferrer noopener\">Temperatures Extremes<\/a>. En totes dues facetes ha rebut reconeixements pel car\u00e0cter innovador de la seva tasca. The New York Times la considera una de les professionals que han marcat el disseny d&#039;interiors, l&#039;arquitectura i l&#039;estil de vida el 2017.<\/p>\n\n\n\n<p>El 2018 \u00e9s nomenada comiss\u00e0ria del Pavell\u00f3 Espanyol a la Biennal de Ven\u00e8cia.<\/p>\n\n\n\n<p><strong>JULIOL TOUZA S.<\/strong><\/p>\n\n\n\n<figure class=\"wp-block-image\"><img decoding=\"async\" src=\"https:\/\/www.monapart.com\/sites\/default\/files\/styles\/scale_960x960_\/public\/mediabrowser\/touza.jpeg?itok=gVH8E038\" alt=\"JULIOL TOUZA S. | Monapart\"\/><\/figure>\n\n\n\n<p><a href=\"http:\/\/www.touza.com\/\" target=\"_blank\" rel=\"noreferrer noopener\">Touza Arquitectes<\/a>&nbsp;\u00e9s un dels grans estudis d\u00b4arquitectura d\u00b4Espanya. Amb m\u00e9s de 40 anys de traject\u00f2ria, ha generat m\u00e9s de 2.000 projectes, darrerament projectes de luxe al centre de Madrid: Espa\u00f1oleto 19, Infanta Isabel 21, Tirso de Molina 8\u2026&nbsp;<\/p>\n\n\n\n<p>Concep l&#039;arquitectura com a servei a la societat, tenint com a fi \u00faltim proporcionar benestar a les persones sense renunciar a la bellesa.<\/p>\n\n\n\n<p><strong>JOAN FRAILE<\/strong><\/p>\n\n\n\n<figure class=\"wp-block-image\"><img decoding=\"async\" src=\"https:\/\/www.monapart.com\/sites\/default\/files\/styles\/scale_960x960_\/public\/mediabrowser\/juan_fraile.png?itok=-evgJvWo\" alt=\"JUAN FRAILE | Monapart\"\/><\/figure>\n\n\n\n<p>Soci promotor del Paracaigudista, una&nbsp;<em>concept store<\/em>&nbsp;de quatre plantes en un edifici hist\u00f2ric de Madrid, en la l\u00ednia del que representen botigues com Corso Como a Mil\u00e0 o Colette a Par\u00eds; espais de retail gens convencionals i que marquen tend\u00e8ncia.<br>Tamb\u00e9 \u00e9s soci del&nbsp;<a href=\"https:\/\/mercadodemotores.es\/\" target=\"_blank\" rel=\"noreferrer noopener\">Mercat de Motors<\/a>, on un cop al mes es reuneixen els esperits m\u00e9s creatius de la capital.<\/p>\n\n\n\n<p><strong>CARLES PRIMER<\/strong><\/p>\n\n\n\n<figure class=\"wp-block-image\"><img decoding=\"async\" src=\"https:\/\/www.monapart.com\/sites\/default\/files\/styles\/scale_960x960_\/public\/mediabrowser\/daniel-garcia_3b.jpg?itok=PbrMxDsu\" alt=\"Carlos Primo | Monapart \"\/><\/figure>\n\n\n\n<p>Doctor en Periodisme i professor de Sociologia i Hist\u00f2ria de la Moda a l&#039;IED. Ha treballat en diversos projectes relacionats amb la literatura, el disseny i l&#039;art contemporani i ha col\u00b7laborat en mitjans com ara Lletres Lliures, View of the Times o Koult.<\/p>\n\n\n\n<p>Actualment \u00e9s Coordinador Editorial de&nbsp;<a href=\"https:\/\/elpais.com\/elpais\/icon_design.html\" target=\"_blank\" rel=\"noreferrer noopener\">Icon Design<\/a>, revista l\u00edder especialitzada en arquitectura i disseny.<\/p>\n\n\n\n<p>Despr\u00e9s de dues edicions a Barcelona (<a href=\"https:\/\/www.monapart.com\/es\/magazine\/noticias\/vieja-obra-nueva-conversaciones-arriesgadas-sobre-vivienda\" target=\"_blank\" rel=\"noreferrer noopener\">Vella obra nova<\/a>&nbsp;i&nbsp;<a href=\"https:\/\/www.monapart.com\/es\/magazine\/noticias\/usos-y-consumos-de-la-vivienda-segunda-edicion-de-speakeasy\" target=\"_blank\" rel=\"noreferrer noopener\">Usos i consums<\/a>) i aquesta primera a Madrid, Speakeasy neix de la idea de reunir actors importants al sector de l&#039;habitatge i afins (arquitectes, dissenyadors, promotors, constructors, acad\u00e8mics i representants del sector p\u00fablic) per debatre sobre q\u00fcestions d&#039;actualitat com les noves solucions tipus co-living, nous plantejaments per a l&#039;obra nova, tend\u00e8ncies al sector de l&#039;habitatge, etc. mitjan\u00e7ant un format innovador i encoratjador del debat. El concepte de Speakeasy sorgeix dels petits clubs clandestins que es van obrir durant la Llei Seca als Estats Units. Una porta petita, una contrasenya i ampolles de rom que animava els assistents a reinventar el m\u00f3n.<\/p>\n\n\n\n<p>Un resum del que va donar de si la segona edici\u00f3, que va comptar amb la pres\u00e8ncia de&nbsp;<a href=\"https:\/\/www.linkedin.com\/in\/marta-rocamora-gonzalez-1240b731\/\" target=\"_blank\" rel=\"noopener\">Marta Rocamora<\/a>&nbsp;(Community Director WeWork Espanya);&nbsp;<a href=\"https:\/\/www.maio-architects.com\/\" target=\"_blank\" rel=\"noopener\">Guillem L\u00f3pez&nbsp;<\/a>(MAIO Architects);&nbsp;<a href=\"https:\/\/www.linkedin.com\/in\/sergio-vinay-35a63121\/\" target=\"_blank\" rel=\"noopener\">Sergio Vinay<\/a>&nbsp;(Director de relacions institucionals a Airbnb);&nbsp;<a href=\"https:\/\/www.linkedin.com\/in\/ikermarcaide\/\" target=\"_blank\" rel=\"noopener\">Iker Marcaide<\/a>&nbsp;(promotor del primer ecobarri d&#039;Espanya, Val\u00e8ncia); i&nbsp;<a href=\"https:\/\/www.linkedin.com\/in\/sergio-nasarre-aznar-a8883225\/\" target=\"_blank\" rel=\"noopener\">Sergio Nasarre<\/a>&nbsp;(Director de la C\u00e0tedra UNESCO d&#039;Habitatge a la Universitat Rovira i Virgili):<\/p>\n\n\n\n<figure class=\"wp-block-embed is-type-rich is-provider-gestor-del-servicio wp-block-embed-gestor-del-servicio wp-embed-aspect-16-9 wp-has-aspect-ratio\"><div class=\"wp-block-embed__wrapper\">\n<iframe loading=\"lazy\" title=\"Usos i consums de l&#039;habitatge \u00b7 Speakeasy 2 | Monapart Barcelona\" width=\"500\" height=\"281\" src=\"https:\/\/www.youtube.com\/embed\/HTwRedfr-5w?feature=oembed\" frameborder=\"0\" allow=\"accelerometer; autoplay; clipboard-write; encrypted-media; gyroscope; picture-in-picture; web-share\" referrerpolicy=\"strict-origin-when-cross-origin\" allowfullscreen><\/iframe>\n<\/div><\/figure>\n\n\n\n<p>Si no vols perdre&#039;t la propera edici\u00f3, envia un email a&nbsp;<a href=\"mailto:speakeasy@monapart.com\" target=\"_blank\" rel=\"noreferrer noopener\">speakeasy@monapart.com<\/a>&nbsp;(nom\u00e9s hi ha 40 places disponibles i les reserves es fan per estricte ordre de confirmaci\u00f3).<\/p>","protected":false},"excerpt":{"rendered":"<p>El proper dijous 25 d&#039;octubre tindr\u00e0 lloc a l&#039;estudi d&#039;interiorisme Ynot la tercera edici\u00f3 de Speakeasy: converses arriscades sobre habitatge organitzat per Monapart Madrid despr\u00e9s de les dues primeres edicions a Barcelona. El debat se centrar\u00e0 en la correlaci\u00f3 entre la vivenda que triem i el nostre estil de vida.<\/p>","protected":false},"author":3,"featured_media":797,"comment_status":"closed","ping_status":"closed","sticky":false,"template":"","format":"standard","meta":{"_acf_changed":false,"footnotes":""},"categories":[2852,2854],"tags":[2878],"class_list":["post-796","post","type-post","status-publish","format-standard","has-post-thumbnail","hentry","category-noticias","category-actualidad","tag-madrid"],"acf":[],"_links":{"self":[{"href":"https:\/\/www.monapart.com\/magazine\/ca\/wp-json\/wp\/v2\/posts\/796","targetHints":{"allow":["GET"]}}],"collection":[{"href":"https:\/\/www.monapart.com\/magazine\/ca\/wp-json\/wp\/v2\/posts"}],"about":[{"href":"https:\/\/www.monapart.com\/magazine\/ca\/wp-json\/wp\/v2\/types\/post"}],"author":[{"embeddable":true,"href":"https:\/\/www.monapart.com\/magazine\/ca\/wp-json\/wp\/v2\/users\/3"}],"replies":[{"embeddable":true,"href":"https:\/\/www.monapart.com\/magazine\/ca\/wp-json\/wp\/v2\/comments?post=796"}],"version-history":[{"count":4,"href":"https:\/\/www.monapart.com\/magazine\/ca\/wp-json\/wp\/v2\/posts\/796\/revisions"}],"predecessor-version":[{"id":16508,"href":"https:\/\/www.monapart.com\/magazine\/ca\/wp-json\/wp\/v2\/posts\/796\/revisions\/16508"}],"wp:featuredmedia":[{"embeddable":true,"href":"https:\/\/www.monapart.com\/magazine\/ca\/wp-json\/wp\/v2\/media\/797"}],"wp:attachment":[{"href":"https:\/\/www.monapart.com\/magazine\/ca\/wp-json\/wp\/v2\/media?parent=796"}],"wp:term":[{"taxonomy":"category","embeddable":true,"href":"https:\/\/www.monapart.com\/magazine\/ca\/wp-json\/wp\/v2\/categories?post=796"},{"taxonomy":"post_tag","embeddable":true,"href":"https:\/\/www.monapart.com\/magazine\/ca\/wp-json\/wp\/v2\/tags?post=796"}],"curies":[{"name":"wp","href":"https:\/\/api.w.org\/{rel}","templated":true}]}}