{"id":788,"date":"2018-08-18T16:42:43","date_gmt":"2018-08-18T14:42:43","guid":{"rendered":"https:\/\/www.monapart.com\/magazine\/?p=788"},"modified":"2025-05-08T10:37:59","modified_gmt":"2025-05-08T08:37:59","slug":"monapart-madrid-al-club-567","status":"publish","type":"post","link":"https:\/\/www.monapart.com\/magazine\/ca\/noticias\/monapart-madrid-en-el-club-567","title":{"rendered":"Monapart Madrid al Club 567"},"content":{"rendered":"<h1 class=\"wp-block-heading\">Monapart Madrid al Club 567<\/h1>\n\n\n\n<h2 class=\"wp-block-heading\">El Club 567 a Madrid va n\u00e9ixer fa set anys i ja acumula uns 400 professionals que han passat pel centre, amb els quals segueix mantenint el contacte o segueixen lligats d&#039;alguna manera. Entre ells Monapart Madrid!<\/h2>\n\n\n<div class='post-info'>18 d&#039;agost del 2018 per <a href='https:\/\/www.monapart.com\/magazine\/ca\/autor\/monapart'>Monapart<\/a><\/div>\n\n\n\n<p>No s\u00e9 vosaltres, per\u00f2 jo sento \u201cclub\u201d i em ve al capdavant una selecta comunitat de cavallers brit\u00e0nics, amb corbata inclosa, tipus el Reform Club de Phileas Fogg a <em>La volta al m\u00f3n en vuitanta dies<\/em>. Per\u00f2 ni a veure\u2026 El plantejament del <a href=\"http:\/\/www.club567.es\/\" target=\"_blank\" rel=\"noopener\">Club 567<\/a> \u00e9s un concepte m\u00e9s obert, m\u00e9s accessible, i aix\u00f2 el converteix en el f\u00f2rum ideal per a un petit empresari, emprenedors, directius i professionals en general interessats a compartir sin\u00e8rgies.<\/p>\n\n\n\n<figure class=\"wp-block-image\"><img decoding=\"async\" src=\"https:\/\/www.monapart.com\/sites\/default\/files\/styles\/scale_960x960_\/public\/mediabrowser\/4-oficina-monapart_madrid_chamberi-club-567.jpg?itok=15G5QsbE\" alt=\"Monapart Madrid al Club 567 | Monapart \"\/><\/figure>\n\n\n\n<p>S\u00ed, ja s\u00e9 el que preguntar\u00e0s: D&#039;on ve all\u00f2 de 567? Els n\u00fameros fan refer\u00e8ncia a les d\u00e8cades dels 50, els 60 i els 70, i als valors lligats a aquestes d\u00e8cades: l&#039;actitud transformadora, el sentit \u00e8tic i la idea que la innovaci\u00f3 i l&#039;esperit emprenedor s\u00f3n els millors pilars sobre els quals construir.<\/p>\n\n\n\n<blockquote class=\"wp-block-quote is-layout-flow wp-block-quote-is-layout-flow\">\n<p>El Club 567 deu el seu nom a les d\u00e8cades dels 50, 60 i 70 i als valors lligats a elles: actitud transformadora, sentit \u00e8tic i la innovaci\u00f3 lligada a un esperit emprenedor.<\/p>\n<\/blockquote>\n\n\n\n<p>Segurament pensareu que aquests valors no s\u00f3n exclusivament d&#039;aquestes d\u00e8cades, i \u00e9s cert. Per\u00f2 el cas \u00e9s que \u00e9s el punt d&#039;inspiraci\u00f3 per fomentar les relacions de networking, la generaci\u00f3 d&#039;idees de negoci i aix\u00ed complir l&#039;objectiu ambici\u00f3s \u00faltim de millorar el teixit social i productiu del pa\u00eds.<\/p>\n\n\n\n<figure class=\"wp-block-image\"><img decoding=\"async\" src=\"https:\/\/www.monapart.com\/sites\/default\/files\/styles\/scale_960x960_\/public\/mediabrowser\/1-oficina-monapart_madrid_chamberi-club-567.jpg?itok=lytqHLrY\" alt=\"Monapart Madrid al Club 567 | Monapart \"\/><\/figure>\n\n\n\n<p>Al Club 567 tots els mesos organitzen sessions de networking on els assistents tenen l&#039;oportunitat de presentar el teu producte o servei i se n&#039;estableixen sin\u00e8rgies entre professionals. De fet, gr\u00e0cies a aquestes xerrades ja han sorgit diversos projectes amb Monapart Madrid Chamber\u00ed, com la <a href=\"\/magazine\/ca\/node\/1960\/\" target=\"_blank\" rel=\"noreferrer noopener\">col\u00b7laboraci\u00f3 amb Grupo Inviam<\/a>.<\/p>\n\n\n\n<p>El sentiment de comunitat es construeix amb dos mantres fonamentals:<\/p>\n\n\n\n<ol class=\"wp-block-list\">\n<li>Promoure la solidaritat i l&#039;ajut mutu entre nosaltres: Tots els socis tenim l&#039;obligaci\u00f3 d&#039;ajudar els altres i el dret de ser ajudats en cas de necessitat.<\/li>\n\n\n\n<li>Afavorir aquells emprenedors que comencen una activitat empresarial, a trav\u00e9s del <em>saber fer<\/em> dels seus membres i, sobretot, de la feina del comit\u00e8 d&#039;emprenedors.<\/li>\n<\/ol>\n\n\n\n<p>Al Club 567 trobar\u00e0s espais multi\u00fas: llocs de coworking, oficines privades, exposicions de pintura, sessions de coaching, confer\u00e8ncies, concerts\u2026 Perqu\u00e8 no tot ser\u00e0 feina i perqu\u00e8 els moments d&#039;esbarjo tamb\u00e9 s\u00f3n clau per fomentar les relacions entre els socis, ens permeten con\u00e8ixer-nos millor i compartir experi\u00e8ncies, m\u00e9s enll\u00e0 dels interessos purament.<\/p>\n\n\n\n<figure class=\"wp-block-image\"><img decoding=\"async\" src=\"https:\/\/www.monapart.com\/sites\/default\/files\/styles\/scale_960x960_\/public\/mediabrowser\/3-oficina-monapart_madrid_chamberi-club-567.jpg?itok=JJm0351P\" alt=\"Monapart Madrid al Club 567 | Monapart \"\/><\/figure>\n\n\n\n<p>Cada setmana hi ha activitats programades: un curs de formaci\u00f3, sessi\u00f3 de networking, un esdeveniment de presentaci\u00f3 d&#039;un llibre, taller de ioga, una xerrada sobre criptomonedes, una altra sobre gesti\u00f3 financera i inversions, una sessi\u00f3 de fotos a una famosa (que no conec\u2026), una exposici\u00f3 de pintura a\u2026 totes les sales\u2026<\/p>\n\n\n\n<p>I enmig de tanta activitat, sempre trobes sospitosos habituals amb qui comparteixes taula o xerrades sobre qualsevol cosa.<\/p>\n\n\n\n<p><a href=\"https:\/\/es.linkedin.com\/in\/antonia-c-8744b82a\" target=\"_blank\" rel=\"noreferrer noopener\">Antonia Caballero<\/a>, de Creando Encuentros, una economista que despr\u00e9s d&#039;una llarga traject\u00f2ria ascendent, va decidir comen\u00e7ar una nova etapa com a coach i com a gran escoltadora.<\/p>\n\n\n\n<p>Jos\u00e9 Luis Morato, de <a href=\"http:\/\/plus40net.com\/web\/\" target=\"_blank\" rel=\"noreferrer noopener\">Plus40net<\/a>, una associaci\u00f3 que recolza professionals de llarga traject\u00f2ria en la creaci\u00f3 de marca personal enfocada a la recerca d&#039;un treball o la creaci\u00f3 d&#039;un nou projecte.<\/p>\n\n\n\n<p>Pilar Pardo, una representant d&#039;artistes bolcada al seu nou projecte \u201c<a href=\"http:\/\/theblackview.com\/theblackview\/\" target=\"_blank\" rel=\"noreferrer noopener\">The Black view<\/a>\u201d, una aposta per la normalitzaci\u00f3 de la pres\u00e8ncia d&#039;actrius\/actors negres en projectes audiovisuals i de teatre sense que el color de pell sigui condicionant \u00fanic a la trama.<\/p>\n\n\n\n<p>Francesca Galimberti, d&#039;Amazones, sempre organitzant algun pla cultural per a empreses o per a inquiets amb ganes de divertir-se de manera diferent. Visites guiades, cursos de cinema, hist\u00f2ria o art, showcookings, tallers per a nens, tasts\u2026<\/p>\n\n\n\n<figure class=\"wp-block-image\"><img decoding=\"async\" src=\"https:\/\/www.monapart.com\/sites\/default\/files\/styles\/scale_960x960_\/public\/mediabrowser\/2-oficina-monapart_madrid_chamberi-club-567.jpg?itok=4IiUVlav\" alt=\"Monapart Madrid al Club 567 | Monapart \"\/><\/figure>\n\n\n\n<p>Per\u00f2 aix\u00f2 no s&#039;acaba aqu\u00ed, a Vel\u00e1zquez 12. Perqu\u00e8 al mateix carrer, al 19, tenen un format nou amb l&#039;objectiu de fomentar els negocis en ambient informal: el Business &amp; bar del Club 567.<\/p>\n\n\n\n<p>Per treballar mentre prens un caf\u00e8 o mentre tens un dinar de negocis, o per a una cerveseta amb algun company\/a al final del dia. I si tens una mica m\u00e9s de temps i t&#039;acostes a la tarda-nit, m\u00fasica en directe! I tot aix\u00f2, al costat del Parc del Retiro, amb aquestes ganes primaverals d&#039;improvisar un esmorzar sobre algun rac\u00f3 de gespa\u2026 Qui s&#039;hi apunta?<\/p>\n\n\n\n<p>En fi, deixa&#039;m que et digui alguna cosa, Groucho Marx: Jo s\u00ed que pertanyeria a un club que admet\u00e9s com a soci alg\u00fa com tu. Aqu\u00ed t&#039;espero \ud83d\ude09<\/p>\n\n\n\n<p><\/p>","protected":false},"excerpt":{"rendered":"<p>El Club 567 a Madrid va n\u00e9ixer fa set anys i ja acumula uns 400 professionals que han passat pel centre, amb els quals segueix mantenint el contacte o segueixen lligats d&#039;alguna manera. Entre ells Monapart Madrid!<\/p>","protected":false},"author":3,"featured_media":789,"comment_status":"closed","ping_status":"closed","sticky":false,"template":"","format":"standard","meta":{"_acf_changed":false,"footnotes":""},"categories":[2852,2856],"tags":[2878],"class_list":["post-788","post","type-post","status-publish","format-standard","has-post-thumbnail","hentry","category-noticias","category-buenagente","tag-madrid"],"acf":[],"_links":{"self":[{"href":"https:\/\/www.monapart.com\/magazine\/ca\/wp-json\/wp\/v2\/posts\/788","targetHints":{"allow":["GET"]}}],"collection":[{"href":"https:\/\/www.monapart.com\/magazine\/ca\/wp-json\/wp\/v2\/posts"}],"about":[{"href":"https:\/\/www.monapart.com\/magazine\/ca\/wp-json\/wp\/v2\/types\/post"}],"author":[{"embeddable":true,"href":"https:\/\/www.monapart.com\/magazine\/ca\/wp-json\/wp\/v2\/users\/3"}],"replies":[{"embeddable":true,"href":"https:\/\/www.monapart.com\/magazine\/ca\/wp-json\/wp\/v2\/comments?post=788"}],"version-history":[{"count":2,"href":"https:\/\/www.monapart.com\/magazine\/ca\/wp-json\/wp\/v2\/posts\/788\/revisions"}],"predecessor-version":[{"id":16533,"href":"https:\/\/www.monapart.com\/magazine\/ca\/wp-json\/wp\/v2\/posts\/788\/revisions\/16533"}],"wp:featuredmedia":[{"embeddable":true,"href":"https:\/\/www.monapart.com\/magazine\/ca\/wp-json\/wp\/v2\/media\/789"}],"wp:attachment":[{"href":"https:\/\/www.monapart.com\/magazine\/ca\/wp-json\/wp\/v2\/media?parent=788"}],"wp:term":[{"taxonomy":"category","embeddable":true,"href":"https:\/\/www.monapart.com\/magazine\/ca\/wp-json\/wp\/v2\/categories?post=788"},{"taxonomy":"post_tag","embeddable":true,"href":"https:\/\/www.monapart.com\/magazine\/ca\/wp-json\/wp\/v2\/tags?post=788"}],"curies":[{"name":"wp","href":"https:\/\/api.w.org\/{rel}","templated":true}]}}