{"id":772,"date":"2018-07-17T12:05:01","date_gmt":"2018-07-17T10:05:01","guid":{"rendered":"https:\/\/www.monapart.com\/magazine\/?p=772"},"modified":"2025-10-10T13:24:02","modified_gmt":"2025-10-10T11:24:02","slug":"valencia-terra-de-les-flors-de-la-llum-i-de-lamor","status":"publish","type":"post","link":"https:\/\/www.monapart.com\/magazine\/ca\/hogar\/valencia-tierra-de-las-flores-de-la-luz-y-del-amor","title":{"rendered":"Val\u00e8ncia, terra de les flors, de la llum i de l&#039;amor"},"content":{"rendered":"<h1 class=\"wp-block-heading\">Val\u00e8ncia, terra de les flors, de la llum i de l&#039;amor<\/h1>\n\n\n\n<h2 class=\"wp-block-heading\">La joia mediterr\u00e0nia que conquereix cors i viatgers.<\/h2>\n\n\n<div class='post-info'>17 de juliol de 2018 per <a href='https:\/\/www.monapart.com\/magazine\/ca\/autor\/monapart'>Monapart<\/a><\/div>\n\n\n\n<p><\/p>\n\n\n\n<p>Val\u00e8ncia \u00e9s la terra de les flors, de la llum\u2026 i del turisme. No et perdis la guia que hem preparat a <a href=\"\/magazine\/ca\/node\/895\/\">Monapart Val\u00e8ncia<\/a> per saber qu\u00e8 visitar, quan fer-ho, i perqu\u00e8 ja \u00e9s la tercera ciutat m\u00e9s visitada d&#039;Espanya, per darrere de Barcelona i Madrid.<\/p>\n\n\n\n<p>El turisme sembla confirmar-se com el principal basti\u00f3 en el futur esdevenir econ\u00f2mic del nostre pa\u00eds. Aquest optimisme es deu a les expectatives generades pel seu apogeu els dos \u00faltims anys, no tan sols del tradicional turisme de sol i platja, sin\u00f3 tamb\u00e9 del turisme urb\u00e0, que ha augmentat de forma espectacular. Aquest augment es deu en part a la p\u00e8rdua d&#039;atractiu de destins com Egipte i Tun\u00edsia, afectats pel terrorisme gihadista, i en part a l&#039;augment d&#039;oferta hotelera, d&#039;apartaments tur\u00edstics, gastron\u00f2mica \u2013amb cada cop m\u00e9s restaurants que ostenten una o m\u00e9s estrelles Michelin\u2013, d&#039;oci i de comer\u00e7 de luxe.<\/p>\n\n\n\n<h5 class=\"wp-block-heading has-medium-font-size\"><strong>Val\u00e8ncia, una destinaci\u00f3 en auge<\/strong><\/h5>\n\n\n\n<p>Barcelona lidera el r\u00e0nquing de turisme de vacances, seguida de Val\u00e8ncia i Madrid. Els alemanys prefereixen Mallorca, els francesos i anglesos Barcelona, els nord-americans van a Madrid i els italians a Val\u00e8ncia. Aquesta prefer\u00e8ncia per Val\u00e8ncia es deu a diversos factors:<\/p>\n\n\n\n<ol class=\"wp-block-list\">\n<li>Les connexions de Val\u00e8ncia amb It\u00e0lia per via a\u00e8ria s\u00f3n cada vegada m\u00e9s grans.<\/li>\n\n\n\n<li>Un clima semblant amb moltes hores de sol.<\/li>\n\n\n\n<li>Les receptes tradicionals de la gastronomia valenciana, amb personalitat pr\u00f2pia i diferencial: paella, arr\u00f2s al forn, orxata o aigua de Val\u00e8ncia.<\/li>\n\n\n\n<li>Un car\u00e0cter festiu incrementat en \u00e8poca de falles (per\u00edode tur\u00edstic de la ciutat de Val\u00e8ncia per antonom\u00e0sia) i,<\/li>\n\n\n\n<li>Les bones infraestructures per prosseguir el viatge cap a altres capitals.<\/li>\n<\/ol>\n\n\n\n<figure class=\"wp-block-image\"><img decoding=\"async\" src=\"https:\/\/www.monapart.com\/sites\/default\/files\/styles\/scale_960x960_\/public\/mediabrowser\/horchata-3397561_1920.jpg?itok=JT_Xeaa_\" alt=\"Xufes | Monapart \"\/><\/figure>\n\n\n\n<p>Val\u00e8ncia \u00e9s la tercera destinaci\u00f3 m\u00e9s competitiva d&#039;Espanya, segons el <a href=\"https:\/\/www.exceltur.org\/ranking-de-competitividad-turistica-por-ciudades-urbantur\/\" target=\"_blank\" rel=\"noreferrer noopener\">r\u00e0nquing de competitivitat tur\u00edstica d&#039;Urbantur.<\/a> En part, es deu a un esfor\u00e7 conscient de les autoritats locals per dotar la ciutat d&#039;una estrat\u00e8gia de m\u00e0rqueting efica\u00e7, augmentant de manera substancial el treball t\u00e8cnic en m\u00e0rqueting digital i l&#039;\u00fas de les xarxes socials com a vehicle per a la promoci\u00f3 tur\u00edstica. Tot plegat ha donat els seus fruits i s&#039;ha substanciat en fen\u00f2mens tan reveladors com l&#039;increment radical dels darrers anys de l&#039;oferta d&#039;apartaments tur\u00edstics.<\/p>\n\n\n\n<h5 class=\"wp-block-heading has-medium-font-size\"><strong>Qu\u00e8 visitar a Val\u00e8ncia<\/strong><\/h5>\n\n\n\n<p>Pels que arriben a Val\u00e8ncia usant el tren \u00e9s possible que el seu dest\u00ed fos l&#039;estaci\u00f3 del Nord de Val\u00e8ncia, just al costat de la pla\u00e7a de toros ia dues illes de la Pla\u00e7a de l&#039;Ajuntament, on es fan les masclet\u00e0s de l&#039;1 al 19 de mar\u00e7, vespres de Sant Josep. Altres llocs de visita s\u00f3n la Pla\u00e7a Rodona, l&#039;esgl\u00e9sia de Santa Catalina, l&#039;Almud\u00ed, els palaus del marqu\u00e8s de Dos Aguas i Valeriola, les torres de Serrano i de Quart, els museus de belles arts Centre del Carme i IVAM, els mercats de Colom i Central, la Llotja de la Seda, l&#039;Almoina, el jard\u00ed<\/p>\n\n\n\n<figure class=\"wp-block-image\"><img decoding=\"async\" src=\"https:\/\/www.monapart.com\/sites\/default\/files\/styles\/scale_960x960_\/public\/mediabrowser\/mascleta_de_colores_en_valencia.jpg?itok=h27H_wH3\" alt=\"Val\u00e8ncia | Monapart \"\/><\/figure>\n\n\n\n<figure class=\"wp-block-image\"><img decoding=\"async\" src=\"https:\/\/www.monapart.com\/sites\/default\/files\/styles\/scale_960x960_\/public\/mediabrowser\/placa_de_carles_pau_jardi_botanic_de_valencia.jpg?itok=yc1jMshO\" alt=\"Val\u00e8ncia | Monapart \"\/><\/figure>\n\n\n\n<p>El mat\u00ed de diumenge \u00e9s el millor moment per fer la visita tur\u00edstica als monuments, places i edificis emblem\u00e0tics de la ciutat. I \u00e9s que, dels edificis de pagament, alguns s\u00f3n gratu\u00efts aquest dia. A la pla\u00e7a de la Verge es troben tres dels m\u00e9s representatius. La Catedral de Val\u00e8ncia, que es va comen\u00e7ar a edificar l&#039;any 1262 sobre l&#039;antiga mesquita major per\u00f2 la seua construcci\u00f3 es va prolongar diversos segles, per la qual cosa barreja elements d&#039;\u00e8poca rom\u00e0nica, g\u00f2tica i barroca. En ella es troba el fam\u00f3s calze que es venera com el Sant Grial que va utilitzar Jesucrist a l&#039;\u00faltim sopar. El seu Miquelet o campanar, amb 63 metres d&#039;al\u00e7ada, t\u00e9 com a gran atractiu poder pujar a la terrassa, situada a 51 metres d&#039;al\u00e7ada, a trav\u00e9s d&#039;una escala de cargol de 207 graons. Al costat de la Catedral hi ha la Bas\u00edlica de la Mare de D\u00e9u dels Desemparats, patrona de Val\u00e8ncia, d&#039;estil barroc; i finalment el Palau de la Generalitat la construcci\u00f3 del qual es remunta al 1421 com a seu de la Generalitat Valenciana, organisme encarregat de representar el regne davant les Corts. \u00c9s un edifici d&#039;estil g\u00f2tic valenci\u00e0 amb intervencions renaixentistes.<\/p>\n\n\n\n<figure class=\"wp-block-image\"><img decoding=\"async\" src=\"https:\/\/www.monapart.com\/sites\/default\/files\/styles\/scale_960x960_\/public\/mediabrowser\/cathedral-890937_1920.jpg?itok=C1hLGt10\" alt=\"Val\u00e8ncia | Monapart \"\/><\/figure>\n\n\n\n<p>Un magn\u00edfic lloc per passejar \u00e9s l&#039;antic llit del riu T\u00faria, reconvertit el 1986 en parc, el qual, amb una longitud aproximada de 7 quil\u00f2metres, \u00e9s el jard\u00ed netament urb\u00e0 m\u00e9s gran d&#039;Espanya. El jard\u00ed creua la ciutat des de pr\u00e0cticament el port \u2013m\u00e9s concretament des de la <a href=\"https:\/\/www.cac.es\/va\/home.html\" target=\"_blank\" rel=\"noreferrer noopener\">Ciutat de les Arts i les Ci\u00e8ncies<\/a>\u2014 fins al nou Bioparc, que substitueix l&#039;antic Zoo de Val\u00e8ncia. Es pot rec\u00f3rrer \u00edntegrament amb bicicleta si es vol. Precisament dins del conjunt de la Ciutat de les Arts i les Ci\u00e8ncies, dissenyada per Calatrava, es troba <a href=\"https:\/\/www.cac.es\/va\/oceanografic\/descubre-el-oceanografic.html\" target=\"_blank\" rel=\"noreferrer noopener\">L&#039;Oceanogr\u00e0fic<\/a>, l&#039;aquari oceanogr\u00e0fic m\u00e9s gran d&#039;Europa amb 110.000 metres quadrats i 42 milions de litres d&#039;aigua. L&#039;espectacularitat del conjunt arquitect\u00f2nic no deixa dubte sobre el seu autor, que deixa la seva empremta caracter\u00edstica amb l&#039;\u00fas de la cer\u00e0mica i les estructures met\u00e0l\u00b7liques complexes.<\/p>\n\n\n\n<figure class=\"wp-block-image\"><img decoding=\"async\" src=\"https:\/\/www.monapart.com\/sites\/default\/files\/styles\/scale_960x960_\/public\/mediabrowser\/travel-3265967_1920.jpg?itok=oZWuWzoD\" alt=\"Val\u00e8ncia | Monapart \"\/><\/figure>\n\n\n\n<p>Finalment, i per prendre&#039;s un respir de les exig\u00e8ncies del turisme urb\u00e0, les platges del Cabanyal i la Malva-rosa de Val\u00e8ncia s\u00f3n les m\u00e9s accessibles d&#039;Espanya per a persones amb diversitat funcional, cosa que cal tenir molt en compte a l&#039;hora de determinar la qualitat tur\u00edstica d&#039;un lloc i que ha de ser un referent per a la resta de destinacions tur\u00edstiques.<\/p>\n\n\n\n<figure class=\"wp-block-image\"><img decoding=\"async\" src=\"https:\/\/www.monapart.com\/sites\/default\/files\/styles\/scale_960x960_\/public\/mediabrowser\/malvarrosa.jpg?itok=LK6Im3R-\" alt=\"Val\u00e8ncia | Monapart \"\/><\/figure>\n\n\n\n<p>La ciutat t\u00e9 multitud de carrils bici i servei p\u00fablic de lloguer de bicicletes a un preu redu\u00eft i amb 276 estacions repartides per tota la ciutat. S&#039;aposta per un model que equilibri interessos, una rendibilitat sostenible, tingui en compte l&#039;accessibilitat, generi ocupaci\u00f3 de qualitat, aposti pel creixement de les empreses, la conviv\u00e8ncia harmoniosa entre valencians i turistes, fomenti l&#039;esport i un mitj\u00e0 alternatiu de transport no contaminant com \u00e9s la bicicleta o les zones per als vianants per on caminar, aprofitant que \u00e9s pr\u00e0cticament .<\/p>\n\n\n\n<h5 class=\"wp-block-heading has-medium-font-size\"><strong>Quan visitar Val\u00e8ncia<\/strong><\/h5>\n\n\n\n<p>La festa m\u00e9s gran de Val\u00e8ncia, com tots b\u00e9 sabem, s\u00f3n les falles. Tot i que les masclet\u00e0s se celebren des de comen\u00e7aments de mes, viuen el seu moment cim entre el 15 i el 19 de mar\u00e7. En aquestes dates la ciutat de Val\u00e8ncia triplica la seua poblaci\u00f3. Per\u00f2 no tot s\u00f3n les falles, de fet, la millor \u00e8poca a Val\u00e8ncia per gaudir de la ciutat seria just despr\u00e9s, a la primavera. Quan la ciutat est\u00e0 plena de llum i color, passejar pels bells edificis hist\u00f2rics del nucli antic distesa i tranquil\u00b7lament \u00e9s tot un plaer, lluny dels horaris d&#039;oficina, aprofitant que la ciutat \u00e9s completament plana en gaireb\u00e9 tota la seva extensi\u00f3, fins al punt que a molts llocs quan els cotxes aparquen en doble fila els deixen en punt mort.<\/p>\n\n\n\n<figure class=\"wp-block-image\"><img decoding=\"async\" src=\"https:\/\/www.monapart.com\/sites\/default\/files\/styles\/scale_960x960_\/public\/mediabrowser\/fallas-valencia.jpg?itok=K_TLTA47\" alt=\"Val\u00e8ncia | Monapart \"\/><\/figure>\n\n\n\n<p>(Un article de <a href=\"https:\/\/www.facebook.com\/guarly?ref=br_rs\" target=\"_blank\" rel=\"noreferrer noopener\">Carlos Bonet<\/a> per a Monapart).<\/p>","protected":false},"excerpt":{"rendered":"<p>Val\u00e8ncia \u00e9s la terra de les flors, de la llum\u2026 i del turisme. No us perdeu la guia que hem preparat a Monapart Val\u00e8ncia per descobrir qu\u00e8 visitar, quan anar-hi i per qu\u00e8 ara \u00e9s la tercera ciutat m\u00e9s visitada d'Espanya, despr\u00e9s de Barcelona i Madrid.<\/p>","protected":false},"author":3,"featured_media":773,"comment_status":"closed","ping_status":"closed","sticky":false,"template":"","format":"standard","meta":{"_acf_changed":false,"footnotes":""},"categories":[2844,2847],"tags":[3065],"class_list":["post-772","post","type-post","status-publish","format-standard","has-post-thumbnail","hentry","category-hogar","category-vida-de-barrio","tag-valencia"],"acf":[],"_links":{"self":[{"href":"https:\/\/www.monapart.com\/magazine\/ca\/wp-json\/wp\/v2\/posts\/772","targetHints":{"allow":["GET"]}}],"collection":[{"href":"https:\/\/www.monapart.com\/magazine\/ca\/wp-json\/wp\/v2\/posts"}],"about":[{"href":"https:\/\/www.monapart.com\/magazine\/ca\/wp-json\/wp\/v2\/types\/post"}],"author":[{"embeddable":true,"href":"https:\/\/www.monapart.com\/magazine\/ca\/wp-json\/wp\/v2\/users\/3"}],"replies":[{"embeddable":true,"href":"https:\/\/www.monapart.com\/magazine\/ca\/wp-json\/wp\/v2\/comments?post=772"}],"version-history":[{"count":1,"href":"https:\/\/www.monapart.com\/magazine\/ca\/wp-json\/wp\/v2\/posts\/772\/revisions"}],"predecessor-version":[{"id":19681,"href":"https:\/\/www.monapart.com\/magazine\/ca\/wp-json\/wp\/v2\/posts\/772\/revisions\/19681"}],"wp:featuredmedia":[{"embeddable":true,"href":"https:\/\/www.monapart.com\/magazine\/ca\/wp-json\/wp\/v2\/media\/773"}],"wp:attachment":[{"href":"https:\/\/www.monapart.com\/magazine\/ca\/wp-json\/wp\/v2\/media?parent=772"}],"wp:term":[{"taxonomy":"category","embeddable":true,"href":"https:\/\/www.monapart.com\/magazine\/ca\/wp-json\/wp\/v2\/categories?post=772"},{"taxonomy":"post_tag","embeddable":true,"href":"https:\/\/www.monapart.com\/magazine\/ca\/wp-json\/wp\/v2\/tags?post=772"}],"curies":[{"name":"wp","href":"https:\/\/api.w.org\/{rel}","templated":true}]}}