{"id":762,"date":"2018-06-19T13:26:37","date_gmt":"2018-06-19T11:26:37","guid":{"rendered":"https:\/\/www.monapart.com\/magazine\/?p=762"},"modified":"2025-10-10T13:24:30","modified_gmt":"2025-10-10T11:24:30","slug":"russafa-i-la-seva-arquitectura-interior","status":"publish","type":"post","link":"https:\/\/www.monapart.com\/magazine\/ca\/hogar\/ruzafa-y-su-arquitectura-interior","title":{"rendered":"Russafa i la seva arquitectura interior"},"content":{"rendered":"<h1 class=\"wp-block-heading\">Russafa i la seva arquitectura interior<\/h1>\n\n\n\n<h2 class=\"wp-block-heading\"><strong>El seu encant es fonamenta en un sediment est\u00e8tic i arquitect\u00f2nic molt potent<\/strong>.<\/h2>\n\n\n<div class='post-info'>19 de juny de 2018 per <a href='https:\/\/www.monapart.com\/magazine\/ca\/autor\/monapart'>Monapart<\/a><\/div>\n\n\n\n<p><\/p>\n\n\n\n<p>Si en aquest passeig pels carrers de Ruzafa, no et vaig conv\u00e8ncer sobre el fet que <a href=\"\/magazine\/ca\/node\/1584\/\" target=\"_blank\" rel=\"noreferrer noopener\">Ruzafa \u00e9s el barri m\u00e9s cool de Val\u00e8ncia<\/a>, deixa&#039;m que insisteixi de nou ensenyant-te el barri per dins. Els h\u00edpsters i els italians segueixen sent les dues esp\u00e8cies m\u00e9s abundants del lloc, i com que resulta que s\u00f3n els apoderats del bon gust, analitzarem qu\u00e8 \u00e9s el que els atrau tant per aqu\u00ed. (Tamb\u00e9 hi ha molt neerland\u00e8s, per\u00f2 crec que ve per la cervesa\u2026).<\/p>\n\n\n\n<p>\u00c9s precisament un itali\u00e0, Giacomo Deluca, del <a href=\"http:\/\/binomio-arquitectura.com\/\" target=\"_blank\" rel=\"noreferrer noopener\">estudi d&#039;arquitectura Binomi<\/a>, qui inspira aquest text. V\u00edctor, el nostre company de <a href=\"https:\/\/www.monapart.com\/es\/agencias\/alicante\" target=\"_blank\" rel=\"noreferrer noopener\">Monapart Alacant<\/a>, ens va posar en contacte perqu\u00e8 coneixia un parell de projectes arquitect\u00f2nics a Ruzafa acabats d&#039;acabar. Vaig anar a veure&#039;l per demanar informaci\u00f3 i per apreciar un detall que no per obvi resulta menys interessant.<\/p>\n\n\n\n<blockquote class=\"wp-block-quote alignright is-layout-flow wp-block-quote-is-layout-flow\">\n<p>L&#039;ess\u00e8ncia d&#039;un barri permet a la seva arquitectura. \u00a0<\/p>\n<\/blockquote>\n\n\n\n<p>\u00c9s l\u00f2gic que les caracter\u00edstiques socioculturals d&#039;un barri determinat es manifestin en la seva arquitectura. A m\u00e9s, \u00e9s un proc\u00e9s que es reprodueix en capes superposades: veiem moments d&#039;esplendor, de crisi, modernitat, austeritat i qualsevol altra fase de la conjuntura social. Un dels projectes que ens va presentar Giacomo \u00e9s una radiografia magistral d&#039;aquesta teoria. O dit d&#039;una manera m\u00e9s prosaica, \u00e9s com plasmar la modernitat i l&#039;eleg\u00e0ncia que es respira al barri sobre un llen\u00e7 de principis de segle passat.<\/p>\n\n\n\n<figure class=\"wp-block-image\"><img decoding=\"async\" src=\"https:\/\/www.monapart.com\/sites\/default\/files\/styles\/scale_960x960_\/public\/mediabrowser\/binomio_arquitectura_1.png?itok=J6kwwHQS\" alt=\"Arquitectura a Ruzafa | Monapart\"\/><\/figure>\n\n\n\n<p><strong>La hist\u00f2ria de Ruzafa en els darrers 140 anys ha estat fren\u00e8tica. <\/strong>I si aquesta hist\u00f2ria va deixar empremtes als carrers, imagina&#039;t com ho ha fet a les fa\u00e7anes i als espais.<\/p>\n\n\n\n<figure class=\"wp-block-image\"><img decoding=\"async\" src=\"https:\/\/www.monapart.com\/sites\/default\/files\/styles\/scale_960x960_\/public\/apartment\/photos\/01-comedor-loft-venta-dr_serrano-ruzafa-valencia.jpg?itok=3bPvWSrs\" alt=\"L&#039;arquitectura interior a Ruzafa | Monapart\"\/><\/figure>\n\n\n\n<p>L&#039;edat mitjana dels seus edificis \u00e9s de 100 anys, per\u00f2 aqu\u00ed no hi ha el quid de la q\u00fcesti\u00f3 ja que aix\u00f2 passa a altres barris de Val\u00e8ncia. El quid de la q\u00fcesti\u00f3 \u00e9s que, ara mateix, Ruzafa \u00e9s EL BARRI, i ho \u00e9s pel fet d&#039;haver atret un cert inter\u00e8s est\u00e8tic, entre altres coses. Des d&#039;un punt de vista immobiliari, la gent ve atreta Russafa per certes caracter\u00edstiques arquitect\u00f2niques en un cert context. \u00c9s a dir, podem trobar demanda d&#039;aquest context de barri sense buscar aquestes caracter\u00edstiques arquitect\u00f2niques (el millor exemple que em ve \u00e9s el d&#039;Arrancapins, un barri atractiu amb construcci\u00f3 molt m\u00e9s heterog\u00e8nia), o demanda d&#039;habitatges m\u00e9s singulars a barris que, almenys de moment, no s\u00f3n al cim del r\u00e0nquing de barris guais (com <a href=\"\/magazine\/ca\/node\/1348\/\" target=\"_blank\" rel=\"noreferrer noopener\">la Roqueta<\/a>, per exemple). Un cas semblant al de Ruzafa \u00e9s el del Cabanyal, on es busca un tipus d&#039;habitatge determinat i ara tamb\u00e9 es comen\u00e7a a buscar un barri determinat.<\/p>\n\n\n\n<figure class=\"wp-block-image\"><img decoding=\"async\" src=\"https:\/\/www.monapart.com\/sites\/default\/files\/styles\/scale_960x960_\/public\/apartment\/photos2\/17-piso-venta-matias_perello-ruzafa-eixample-valencia.jpg?itok=fSJx1gTh\" alt=\"L&#039;arquitectura interior a Ruzafa | Monapart\"\/><\/figure>\n\n\n\n<p>Qui ara busca un habitatge-joia per comprar a Ruzafa, el pot trobar \u00abembolicat en paper d&#039;alumini\u00bb. Hi ha encara molts pisos a Ruzafa que es van reformar als anys setanta i vuitanta i despr\u00e9s de capes de gres, gotel\u00e9 o sostres d&#039;escaiola, van tapar els terres de rajola hidr\u00e0ulica, van baixar els sostres alts i van cobrir els murs de ma\u00f3 (tot i que d&#039;origen no solien ser vistos). Parlem d&#039;una \u00e8poca en qu\u00e8 tot just va comen\u00e7ar el declivi del barri, quan la poblaci\u00f3 envellia i la demanda entrant era poc exigent.<\/p>\n\n\n\n<blockquote class=\"wp-block-quote alignright is-layout-flow wp-block-quote-is-layout-flow\">\n<p>Qui ara busca un habitatge-joia per comprar a Ruzafa, el pot trobar \u00abembolicat en paper d&#039;alumini\u00bb.<\/p>\n<\/blockquote>\n\n\n\n<figure class=\"wp-block-image\"><img decoding=\"async\" src=\"https:\/\/www.monapart.com\/sites\/default\/files\/styles\/scale_960x960_\/public\/mediabrowser\/binomio_arquitectura_2.jpg?itok=PMLspuPD\" alt=\"Arquitectura a Ruzafa | Monapart\"\/><\/figure>\n\n\n\n<p>Aquests detalls arquitect\u00f2nics tan apreciats avui dia no es veuen per\u00f2 hi s\u00f3n i sovint les cases busquen recuperar l&#039;esplendor perduda. Es recuperen els elements ocults, es deixa veure la rajola, la fusta i, quan es pot recuperar, l&#039;hidr\u00e0ulic o el mosaic, tot combinat amb una est\u00e8tica m\u00e9s moderna i cuidada. I tamb\u00e9 es viu m\u00e9s el carrer, perqu\u00e8:<\/p>\n\n\n\n<p>a) abans les fam\u00edlies eren m\u00e9s nombroses, i<\/p>\n\n\n\n<p>b) som un pa\u00eds tradicionalment \u201cenclaustrat\u201d, coses que provocaven que les cases tinguessin m\u00e9s habitacions \u2013i passadissos\u2013 del recomanable, i que hi hagu\u00e9s volen\u00e7a per les habitacions interiors i cegues. Tot un drama.<\/p>\n\n\n\n<p>Dic aix\u00f2 de \u201cenclaustrat\u201d en contraposici\u00f3 als pa\u00efsos del nord d&#039;Europa, on hi ha vivendes amb grans finestres sense cortines, que no filtren ni la poca llum del sol, ni les poques mirades indiscretes. Alg\u00fa em va dir fa poc que hi ha poques mirades indiscretes perqu\u00e8 a la gent li \u00e9s una mica igual el que fem dins de casa nostra. Tindr\u00e0 ra\u00f3\u2026 I \u00e9s una afirmaci\u00f3 important en la mesura que molts dels que ara estan comprant vivenda a Russafa s\u00f3n estrangers. El dia que els valencians decidim reconquerir Ruzafa, hi haur\u00e0 un boom al sector dels fabricants de cortines.<\/p>\n\n\n\n<figure class=\"wp-block-image\"><img decoding=\"async\" src=\"https:\/\/www.monapart.com\/sites\/default\/files\/styles\/scale_960x960_\/public\/mediabrowser\/binomio_arquitectura_3.jpg?itok=C-U_0Vjp\" alt=\"Arquitectura a Ruzafa | Monapart\"\/><\/figure>\n\n\n\n<blockquote class=\"wp-block-quote alignright is-layout-flow wp-block-quote-is-layout-flow\">\n<p>El dia que els valencians decidim reconquerir Ruzafa, hi haur\u00e0 un boom al sector dels fabricants de cortines.<\/p>\n<\/blockquote>\n\n\n\n<p>Avui dia, a m\u00e9s, es creen espais per viure que abans, o b\u00e9 havien perdut valor com a tal, o simplement no existien. Parlem d&#039;obrir els espais tancats sota una coberta per fer altells, parlem de donar vida a \u00e0tics de porteria o baixos d&#039;habitatge, o fins i tot de la creaci\u00f3 de lofts, dels de deb\u00f2, reaprofitant grans espais di\u00e0fans que abans tenien un altre \u00fas.<\/p>\n\n\n\n<figure class=\"wp-block-image\"><img decoding=\"async\" src=\"https:\/\/www.monapart.com\/sites\/default\/files\/styles\/scale_960x960_\/public\/mediabrowser\/tiovivo_creativo.png?itok=tuyjL5Dp\" alt=\"Arquitectura a Ruzafa | Monapart\" title=\"Cavallenc Creatiu a Val\u00e8ncia\"\/><\/figure>\n\n\n\n<p>Menci\u00f3 especial per als locals, que s\u00f3n una mostra m\u00e9s radical de tot el que s&#039;ha explicat. Es porta al l\u00edmit l&#039;est\u00e8tica moderna i la recuperaci\u00f3 d&#039;espais amb solera. Tinguem en compte que a Ruzafa s&#039;est\u00e0 deixant enrere el paradigma de barri de basars i botigues a l&#039;engr\u00f2s pel de l&#039;hostaleria sofisticada i els comer\u00e7os amb vena art\u00edstica. Dos exemples: l&#039;estudi de <a href=\"https:\/\/www.tiovivocreativo.com\/\" target=\"_blank\" rel=\"noreferrer noopener\">Cavallenc Creatiu<\/a>, casa nostra, que crea un ambient alhora trencador i integrat, i el <a href=\"http:\/\/www.2estaciones.com\/\" target=\"_blank\" rel=\"noreferrer noopener\">restaurant 2 Estacions<\/a>, que recupera l&#039;est\u00e8tica de bar del segle passat de forma magistral, amb la fusteria exterior original en negre -que ens torna bojos- o la barra com a motor visual i operatiu. I es menja fenomenal, per cert.<\/p>\n\n\n\n<figure class=\"wp-block-image\"><img decoding=\"async\" src=\"https:\/\/www.monapart.com\/sites\/default\/files\/styles\/scale_960x960_\/public\/mediabrowser\/restaurante_2_estaciones.png?itok=i8PLVgTA\" alt=\"Arquitectura a Ruzafa | Monapart\"\/><\/figure>\n\n\n\n<blockquote class=\"wp-block-quote alignright is-layout-flow wp-block-quote-is-layout-flow\">\n<p>A Ruzafa, els basars i les botigues a l&#039;engr\u00f2s han deixat el pas a l&#039;hostaleria sofisticada i als comer\u00e7os amb vena art\u00edstica.<\/p>\n<\/blockquote>\n\n\n\n<p>Com tot a la vida, aquest proc\u00e9s tendeix a retroalimentar-se, i per cada pis, local o simple pe\u00e7a de rajola hidr\u00e0ulica que surt a la llum, tenim un ex\u00e8rcit de gent creativa disposada a tornar-los l&#039;esplendor perduda. Preguntant al nostre comp Vicent Ortu\u00f1o, de Tiovivo (veu autoritzada en la mat\u00e8ria), ens d\u00f3na un parell de noms d&#039;estudis d&#039;interiorisme del barri: <a href=\"https:\/\/ishodesign.com\/\" target=\"_blank\" rel=\"noreferrer noopener\">Isho Design<\/a> i <a href=\"http:\/\/studiotransparente.com\/\" target=\"_blank\" rel=\"noreferrer noopener\">Studio Transparent<\/a>. No volem oblidar-nos de <a href=\"https:\/\/www.facebook.com\/hidraulic.co\/\" target=\"_blank\" rel=\"noreferrer noopener\">Hidr\u00e0ulic.co<\/a>, dedicats al rescat de peces de rajola hidr\u00e0ulica.<\/p>\n\n\n\n<figure class=\"wp-block-image\"><img decoding=\"async\" src=\"https:\/\/www.monapart.com\/sites\/default\/files\/styles\/scale_960x960_\/public\/mediabrowser\/anouarq_hidraulic.png?itok=6nWHKcT-\" alt=\"Arquitectura a Ruzafa | Monapart\"\/><\/figure>\n\n\n\n<p>En definitiva, <strong>Ruzafa \u00e9s un barri especial i atractiu, per\u00f2 fora de l&#039;arbitrarietat de les modes h\u00edpster, el seu encant es fonamenta en un sediment est\u00e8tic i arquitect\u00f2nic molt potent<\/strong>, que \u00e9s just el que no es veu (tant) a Instagram. T&#039;he conven\u00e7ut ja?<\/p>","protected":false},"excerpt":{"rendered":"<p>Si en aquest passeig pels carrers de Ruzafa, no et vaig conv\u00e8ncer sobre el fet que Ruzafa \u00e9s el barri m\u00e9s cool de Val\u00e8ncia, deixa&#039;m que insisteixi de nou ensenyant-te el barri per dins. <\/p>","protected":false},"author":3,"featured_media":763,"comment_status":"closed","ping_status":"closed","sticky":false,"template":"","format":"standard","meta":{"_acf_changed":false,"footnotes":""},"categories":[2844,2847],"tags":[3065],"class_list":["post-762","post","type-post","status-publish","format-standard","has-post-thumbnail","hentry","category-hogar","category-vida-de-barrio","tag-valencia"],"acf":[],"_links":{"self":[{"href":"https:\/\/www.monapart.com\/magazine\/ca\/wp-json\/wp\/v2\/posts\/762","targetHints":{"allow":["GET"]}}],"collection":[{"href":"https:\/\/www.monapart.com\/magazine\/ca\/wp-json\/wp\/v2\/posts"}],"about":[{"href":"https:\/\/www.monapart.com\/magazine\/ca\/wp-json\/wp\/v2\/types\/post"}],"author":[{"embeddable":true,"href":"https:\/\/www.monapart.com\/magazine\/ca\/wp-json\/wp\/v2\/users\/3"}],"replies":[{"embeddable":true,"href":"https:\/\/www.monapart.com\/magazine\/ca\/wp-json\/wp\/v2\/comments?post=762"}],"version-history":[{"count":2,"href":"https:\/\/www.monapart.com\/magazine\/ca\/wp-json\/wp\/v2\/posts\/762\/revisions"}],"predecessor-version":[{"id":19682,"href":"https:\/\/www.monapart.com\/magazine\/ca\/wp-json\/wp\/v2\/posts\/762\/revisions\/19682"}],"wp:featuredmedia":[{"embeddable":true,"href":"https:\/\/www.monapart.com\/magazine\/ca\/wp-json\/wp\/v2\/media\/763"}],"wp:attachment":[{"href":"https:\/\/www.monapart.com\/magazine\/ca\/wp-json\/wp\/v2\/media?parent=762"}],"wp:term":[{"taxonomy":"category","embeddable":true,"href":"https:\/\/www.monapart.com\/magazine\/ca\/wp-json\/wp\/v2\/categories?post=762"},{"taxonomy":"post_tag","embeddable":true,"href":"https:\/\/www.monapart.com\/magazine\/ca\/wp-json\/wp\/v2\/tags?post=762"}],"curies":[{"name":"wp","href":"https:\/\/api.w.org\/{rel}","templated":true}]}}