{"id":758,"date":"2018-05-31T12:16:34","date_gmt":"2018-05-31T10:16:34","guid":{"rendered":"https:\/\/www.monapart.com\/magazine\/?p=758"},"modified":"2025-05-08T11:49:59","modified_gmt":"2025-05-08T09:49:59","slug":"becara-i-monapart-madrid-amics-amb-dret-a-descompte","status":"publish","type":"post","link":"https:\/\/www.monapart.com\/magazine\/ca\/noticias\/becara-y-monapart-madrid-amigos-con-derecho-a-descuento","title":{"rendered":"Becara i Monapart Madrid: amics amb dret a descompte"},"content":{"rendered":"<h1 class=\"wp-block-heading\">Becara i Monapart Madrid: amics amb dret a descompte<\/h1>\n\n\n\n<h2 class=\"wp-block-heading\">Monapart Madrid ha tancat un acord de col\u00b7laboraci\u00f3 amb Becara perqu\u00e8 els nostres monaparters tinguin un 10% de descompte fins al proper 31 de desembre. <\/h2>\n\n\n<div class='post-info'>31 de maig de 2018 per <a href='https:\/\/www.monapart.com\/magazine\/ca\/autor\/monapart'>Monapart<\/a><\/div>\n\n\n\n<p>La renovaci\u00f3 del teu sal\u00f3, una cadira per a aquest rac\u00f3 buit, un regal per als teus amics que es casen, un projecte de decoraci\u00f3 integral\u2026 tot t\u00e9 soluci\u00f3 a Becara. I ara, \u00e9s una mica m\u00e9s f\u00e0cil, perqu\u00e8 <strong><a href=\"\/magazine\/ca\/node\/1252\/\">Monapart Madrid<\/a> ha tancat un acord amb la seva botiga de Juan Bravo 18, a Madrid, perqu\u00e8 tots els seus monaparters tinguin un descompte del 10% fins al proper 31 de desembre<\/strong>.<\/p>\n\n\n\n<p><a href=\"https:\/\/www.becara.com\/es\/\" target=\"_blank\" rel=\"noreferrer noopener\">Becara<\/a> \u00e9s una botiga de decoraci\u00f3 amb m\u00e9s de 50 anys d&#039;hist\u00f2ria, que ha esdevingut un s\u00edmbol d&#039;eleg\u00e0ncia amb un toc d&#039;exotisme. Igual que a Monapart, a Becara li encanten les cases que expliquen hist\u00f2ries, per aix\u00f2 busquen en llocs ex\u00f2tics mobles i objectes \u00fanics, que puguin donar un cert toc ecl\u00e8ctic als espais.<\/p>\n\n\n\n<figure class=\"wp-block-image\"><img decoding=\"async\" src=\"https:\/\/www.monapart.com\/sites\/default\/files\/styles\/scale_960x960_\/public\/mediabrowser\/becara-1.jpg?itok=ijDUKMNI\" alt=\"Becara i Monapart Madrid: amics amb dret a descompte | Monapart \"\/><\/figure>\n\n\n\n<p>Mobles de ferro i forja, fustes nobles, vaixella, coberteria, tapisseries de xenilla, llins gruixuts, kuts, moquetes de fibres naturals, coixins, throws, tapissos antics \u00e8tnics\u2026 \u00e9s impossible no trobar alguna cosa que t&#039;encanti.<\/p>\n\n\n\n<p>Becara <a href=\"https:\/\/www.becara.com\/es\/content\/9-de-donde-venimos\" target=\"_blank\" rel=\"noreferrer noopener\">va ser fundada el 1964<\/a> per Bego\u00f1a Zunzunegui, una noia amb molt bon gust (tothom li ho deia). Va pensar com treure partit d&#039;all\u00f2, va obrir la primera oficina amb taula llitera i m\u00e0quina d&#039;escriure, i <em>voil\u00e0!<\/em>, va arrencar tot un negoci majorista de decoraci\u00f3 i regal en aquella Espanya dels anys 60, creant un mercat que en aquell moment no existia.<\/p>\n\n\n\n<p>El pas al comer\u00e7 <em>retail<\/em> va comen\u00e7ar l&#039;any 2000, quan van obrir la botiga de Juan Bravo 18 a Madrid, la primera i ara com ara la seva <em>flagship store.&nbsp;<\/em>A partir d&#039;aqu\u00ed s&#039;hi han sumat altres botigues pr\u00f2pies a Madrid i Marbella, ia altres pa\u00efsos, com Bogot\u00e0, Casablanca i M\u00e8xic. Avui la xarxa ja s&#039;est\u00e9n per 39 pa\u00efsos i quatre continents. Gaireb\u00e9 res!<\/p>\n\n\n\n<figure class=\"wp-block-embed is-type-video is-provider-youtube wp-block-embed-youtube wp-embed-aspect-16-9 wp-has-aspect-ratio\"><div class=\"wp-block-embed__wrapper\">\n<iframe loading=\"lazy\" title=\"Saldillo Becara\" width=\"500\" height=\"281\" src=\"https:\/\/www.youtube.com\/embed\/k6faGY5JLjY?feature=oembed\" frameborder=\"0\" allow=\"accelerometer; autoplay; clipboard-write; encrypted-media; gyroscope; picture-in-picture; web-share\" referrerpolicy=\"strict-origin-when-cross-origin\" allowfullscreen><\/iframe>\n<\/div><\/figure>\n\n\n\n<p>Per la seva banda, Monapart Madrid Chamber\u00ed tamb\u00e9 ofereix aquest any <strong>una cosa especial als clients de Becara: un descompte de 2.000\u20ac als honoraris de compravenda d&#039;habitatge. Nom\u00e9s fins al 31 de desembre del 2018.<\/strong><\/p>\n\n\n\n<blockquote class=\"wp-block-quote is-layout-flow wp-block-quote-is-layout-flow\">\n<p>Becara \u00e9s una botiga de decoraci\u00f3 amb m\u00e9s de 50 anys d&#039;hist\u00f2ria, que s&#039;ha convertit en un s\u00edmbol d&#039;eleg\u00e0ncia amb un toc d&#039;exotisme.<\/p>\n<\/blockquote>\n\n\n\n<p>I \u00e9s que estem fets l&#039;un per l&#039;altre, ho direm. Persones a qui els agrada que les seves cases expliquin hist\u00f2ries, han de con\u00e8ixer Monapart, els seus habitatges bonics i l&#039;experi\u00e8ncia de crear junts una nova hist\u00f2ria per posar a la venda casa seva. Quina aventura\u2026<\/p>\n\n\n\n<p>I encara que, com diu la pel\u00b7l\u00edcula \u201cAmb faldilles ia boig\u201d: \u201cNobody is perfect\u201d, en aquest cas cal dir que aquesta amistat \u00e9s gaireb\u00e9 gaireb\u00e9 perfecta. No creus monaparter?<\/p>\n\n\n\n<p><\/p>","protected":false},"excerpt":{"rendered":"<p>Monapart Madrid ha tancat un acord de col\u00b7laboraci\u00f3 amb Becara perqu\u00e8 els nostres monaparters tinguin un 10% de descompte fins al proper 31 de desembre. <\/p>","protected":false},"author":3,"featured_media":759,"comment_status":"closed","ping_status":"closed","sticky":false,"template":"","format":"standard","meta":{"_acf_changed":false,"footnotes":""},"categories":[2852,2854],"tags":[2883,2878],"class_list":["post-758","post","type-post","status-publish","format-standard","has-post-thumbnail","hentry","category-noticias","category-actualidad","tag-colaboraciones","tag-madrid"],"acf":[],"_links":{"self":[{"href":"https:\/\/www.monapart.com\/magazine\/ca\/wp-json\/wp\/v2\/posts\/758","targetHints":{"allow":["GET"]}}],"collection":[{"href":"https:\/\/www.monapart.com\/magazine\/ca\/wp-json\/wp\/v2\/posts"}],"about":[{"href":"https:\/\/www.monapart.com\/magazine\/ca\/wp-json\/wp\/v2\/types\/post"}],"author":[{"embeddable":true,"href":"https:\/\/www.monapart.com\/magazine\/ca\/wp-json\/wp\/v2\/users\/3"}],"replies":[{"embeddable":true,"href":"https:\/\/www.monapart.com\/magazine\/ca\/wp-json\/wp\/v2\/comments?post=758"}],"version-history":[{"count":3,"href":"https:\/\/www.monapart.com\/magazine\/ca\/wp-json\/wp\/v2\/posts\/758\/revisions"}],"predecessor-version":[{"id":16558,"href":"https:\/\/www.monapart.com\/magazine\/ca\/wp-json\/wp\/v2\/posts\/758\/revisions\/16558"}],"wp:featuredmedia":[{"embeddable":true,"href":"https:\/\/www.monapart.com\/magazine\/ca\/wp-json\/wp\/v2\/media\/759"}],"wp:attachment":[{"href":"https:\/\/www.monapart.com\/magazine\/ca\/wp-json\/wp\/v2\/media?parent=758"}],"wp:term":[{"taxonomy":"category","embeddable":true,"href":"https:\/\/www.monapart.com\/magazine\/ca\/wp-json\/wp\/v2\/categories?post=758"},{"taxonomy":"post_tag","embeddable":true,"href":"https:\/\/www.monapart.com\/magazine\/ca\/wp-json\/wp\/v2\/tags?post=758"}],"curies":[{"name":"wp","href":"https:\/\/api.w.org\/{rel}","templated":true}]}}