{"id":752,"date":"2018-05-15T13:28:42","date_gmt":"2018-05-15T11:28:42","guid":{"rendered":"https:\/\/www.monapart.com\/magazine\/?p=752"},"modified":"2025-06-19T18:52:31","modified_gmt":"2025-06-19T16:52:31","slug":"passio-per-les-cases-boniques","status":"publish","type":"post","link":"https:\/\/www.monapart.com\/magazine\/ca\/noticias\/passio-per-les-cases-boniques","title":{"rendered":"Passi\u00f3 per les cases boniques"},"content":{"rendered":"<h1 class=\"wp-block-heading\">Passi\u00f3 per les cases boniques<\/h1>\n\n\n\n<h2 class=\"wp-block-heading\">El diari Fet a Tarragona entrevista la Vict\u00f2ria Mart\u00ed, \u00e0nima i motor de Monapart Tarragona. <\/h2>\n\n\n<div class='post-info'>15 de maig de 2018 per <a href='https:\/\/www.monapart.com\/magazine\/ca\/autor\/monapart'>Monapart<\/a><\/div>\n\n\n\n<p><strong>Monapart \u00e9s una immobili\u00e0ria especialitzada en vendre i llogar, de manera diferent, habitatges bonics, amb encant, especials i amb possibilitats.<\/strong> La seva cara visible de <a href=\"\/magazine\/ca\/node\/1120\/\">Monapart Tarragona<\/a> \u00e9s Vict\u00f2ria Mart\u00ed, qui va a la recerca i captura de cases i pisos on ella viuria i els posa a l&#039;abast d&#039;un p\u00fablic for\u00e7a espec\u00edfic, a cavall entre les ag\u00e8ncies convencionals i les de luxe.<\/p>\n\n\n\n<figure class=\"wp-block-image\"><img decoding=\"async\" src=\"https:\/\/www.monapart.com\/sites\/default\/files\/styles\/scale_960x960_\/public\/mediabrowser\/entrevista_a_victoria_marti_a_fet_a_tarragona_maig_2018_1_0.png?itok=55HlpuIt\" alt=\"Entrevista Vict\u00f2ria Mart\u00ed a Fet a Tarragona | Monapart \"\/><\/figure>\n\n\n\n<p>Aquest mes de juny far\u00e0 dos anys que l&#039;arquitecta barcelonina Vict\u00f2ria Mart\u00ed va decidir fer un gir a la seva vida. Havia passat deu anys a peu d&#039;obra, treballant per a una gran constructora (amb la qual havia participat, entre molts altres projectes, a la construcci\u00f3 del centre penitenciari Mas d&#039;Enric del Catllar), i als darrers temps havia constatat que <em>\u201cno \u00e9s sostenible no viure on treballis\u201d<\/em>. Ja instal\u00b7lada al Camp de Tarragona, i cansada d&#039;anar amunt i avall, es va decidir a respondre un anunci de la immobili\u00e0ria Monapart que buscava franquiciats al nostre territori.<\/p>\n\n\n\n<blockquote class=\"wp-block-quote is-layout-flow wp-block-quote-is-layout-flow\">\n<p>Els meus cases s\u00f3n com els meus fills.<\/p>\n<\/blockquote>\n\n\n\n<p>Des de llavors s&#039;ha estimat de la filosofia de l&#039;ag\u00e8ncia i se l&#039;ha apropiat, fent que encaixi tamb\u00e9 amb el seu estudi d&#039;arquitectura, <a href=\"http:\/\/lacasablanca.net\/\" target=\"_blank\" rel=\"noreferrer noopener\">La Casa Blanca<\/a> (especialitzat en reformes d&#039;interiors), de manera que els dos projectes s&#039;alimentin m\u00fatuament. Aix\u00ed, aplica al seu dia a dia <strong>els tres mantres de Monapart:<em>&nbsp;excel\u00b7l\u00e8ncia, honestedat i humor<\/em><\/strong>, alhora que treballa per canviar la mala imatge que acostuma a tenir el negoci immobiliari, al qual no s&#039;havia dedicat mai. <em>\u201cAra les meves cases s\u00f3n com els meus fills\u201d<\/em>, assegura.<\/p>\n\n\n\n<p>L&#039;ag\u00e8ncia, al cas de Tarragona, treballa amb habitatges a la zona que va des de Cambrils fins a Torredembarra, passant per Reus. En aquest sentit, i tornant als mantres, la Vict\u00f2ria cerca l&#039;excel\u00b7l\u00e8ncia discriminant molt b\u00e9 <em>\u201cen un mercat complicat i antic\u201d<\/em>, moltes vegades regint-se per un criteri molt personal, escollint aquelles cases o pisos on podria arribar a viure. A m\u00e9s, Monapart demana treballar sempre en exclusiva amb el client, el propietari i venedor del pis (que es converteixen en monaparters), per poder oferir un servei que s&#039;ajusti al m\u00e0xim a les vostres necessitats. Pel que fa a l&#039;honestedat, la Vict\u00f2ria assegura que, quan li truquin per visitar un pis, <em>\u201cprimer assenyalo els aspectes negatius: \u00abJa saps que \u00e9s un quart sense ascensor?\u00bb, per exemple. <\/em><\/p>\n\n\n\n<p><em>Les coses bones v\u00e9nen despr\u00e9s\u201d<\/em>. Aix\u00ed, s&#039;enorgulleix d&#039;ensenyar sempre totes les cartes i ser transparent tant amb els clients com amb els compradors. I l&#039;humor el posen en tot el que fan, amb detalls com ara enviar un ram de flors als propietaris quan fa un any que vendran el pis. A m\u00e9s, tenen un web trenador on, a m\u00e9s de mostrar els pisos i les cases que tenen en cartera (un m\u00e0xim de vint per zona), parlin de moltes altres coses del sector: not\u00edcies, tend\u00e8ncies de decoraci\u00f3, arquitectura, empreses col\u00b7laboradors\u2026<\/p>\n\n\n\n<figure class=\"wp-block-image\"><img decoding=\"async\" src=\"https:\/\/www.monapart.com\/sites\/default\/files\/styles\/scale_960x960_\/public\/mediabrowser\/entrevista-a-victoria-marti-a-fet-a-tarragona_maig-2018_2.png?itok=6LcjZZdZ\" alt=\"Entrevista Vict\u00f2ria Mart\u00ed a Fet a Tarragona | Monapart \"\/><\/figure>\n\n\n\n<p>En aquest punt, la Vict\u00f2ria insisteix que a l&#039;hora de presentar les habitatges a la seva web <em>\u201ccal fer unes bones fotos, acompanyar-les d&#039;un text emocional, una descripci\u00f3 acurada i detallada, sense enganys\u201d<\/em>. I \u00e9s que les cases amb qu\u00e8 treballa <em>\u201cs\u00f3n quatre parets, per\u00f2 a mi m&#039;evoquin altres coses i, per tant, a l&#039;hora de vendre&#039;ls o llogar-los, cal explicar tamb\u00e9 all\u00f2 que no es veu per\u00f2 que l&#039;habitatge despr\u00e8n\u201d.<\/em> A m\u00e9s, moltes vegades van m\u00e9s enll\u00e0 i, juntament amb les fotografies, mostren tamb\u00e9 un render, \u00e9s a dir, una simulaci\u00f3 de com podria quedar una determinada estan\u00e7a reformada, o adjuntin una proposta de pla d&#039;una possible reforma per millorar la distribuci\u00f3 del pis o la casa. <\/p>\n\n\n\n<p>Aix\u00ed, aquelles persones a qui els costa imaginar-se com ser\u00e0 l&#039;habitatge, un cop s&#039;hi traslladin ho tindran una mica m\u00e9s f\u00e0cil. Fins i tot, si l&#039;hi han demanat, la Vict\u00f2ria ha reformat algun pis abans de vendre&#039;l, tot i que no \u00e9s el m\u00e9s habitual.<\/p>\n\n\n\n<p>Tal com diu ella mateixa, les habitatges monaparters <em>\u201cs\u00f3n bonics perqu\u00e8 els seus propietaris els tenen aix\u00ed\u201d. \u201c\u00c9s tracta de gent que tenen inquietuts i que no es conformen amb qualsevol cosa\u201d<\/em>, explica, <em>\u201cd&#039;entre 25 i 60 anys, i amb un estil de vida que comen\u00e7a per sentir-se a gust a casa seva i que continua amb un notable inter\u00e8s pels viatges, l&#039;alimentaci\u00f3 o l&#039;educaci\u00f3 dels fills\u201d<\/em>. S\u00f3n persones que han vivit moltes coses a casa seva i que tampoc la volen vendre al primer que passi. <\/p>\n\n\n\n<p>Per aix\u00f2, en aquesta immobili\u00e0ria han creat les immocions, c\u00e0psules de v\u00eddeo en qu\u00e8 el propietari explica per qu\u00e8 \u00e9s important casa seva a l&#039;aspecte emocional, buscant <em>\u201cuna connexi\u00f3 amb el possible comprador\u201d<\/em>. De fet, <em>\u201cmoltes vegades comprador i venedor s&#039;assemblen for\u00e7a\u201d<\/em>, comenta la Vict\u00f2ria, <em>\u201camb edats, fam\u00edlies o professions semblants\u201d.<\/em> Tot i aix\u00f2, reconeix que <em>&quot;la part de la negociaci\u00f3 entre venedor i comprador \u00e9s la que porto peor. No dormo!&quot;<\/em>.<\/p>\n\n\n\n<p>Com a tret distintiu, <strong>la majoria de franquiciats de Monapart s\u00f3n persones amb un perfil t\u00e8cnic: aparelladors, arquitectes, interioristes\u2026<\/strong> <em>\u201cNo som comercials\u201d<\/em>, remarca. <em>\u201cVenim confian\u00e7a\u201d<\/em>, i per a ells <em>\u201cT\u00e9 molta m\u00e9s import\u00e0ncia una bona recomanaci\u00f3 que una bena\u201d<\/em>. A m\u00e9s, cap t\u00e9 un local a peu de carrer. <em>\u201cAbans tenia sentit disposar d&#039;un establiment, per\u00f2 ara, amb Internet, els portals immobiliaris i les xarxes socials, no cal\u201d<\/em>, assegura. Aix\u00ed, desenvolupin la seva feina en espais de coworking com el que gestiona Tarragona Impulsa Tabacalera, fet que els d\u00f3na flexibilitat i tamb\u00e9 la possibilitat de teixir complicitats amb altres empreses i emprenedors.<\/p>\n\n\n\n<blockquote class=\"wp-block-quote is-layout-flow wp-block-quote-is-layout-flow\">\n<p>A Monapart no som mers comercials, venem confian\u00e7a. Per nosaltres t\u00e9 molta m\u00e9s import\u00e0ncia una bona recomanaci\u00f3 que una bena.<\/p>\n<\/blockquote>\n\n\n\n<p>En aquest sentit, una empresa de cosm\u00e8tica natural del territori ha fet fotografies dels seus productes a un pis monapart, i la Vict\u00f2ria ha creat continguts per al web de l&#039;ag\u00e8ncia parlant de botigues de mobles i decoraci\u00f3 de la nostra zona o de companyies tarragonines innovadores. Tamb\u00e9 s&#039;ha implicat amb entitats com <a href=\"http:\/\/tecletes.org\/\" target=\"_blank\" rel=\"noreferrer noopener\">Tecletes<\/a>, una associaci\u00f3 de mars de Tarragona que organitza, entre altres, el <a href=\"https:\/\/www.minipop.cat\/\" target=\"_blank\" rel=\"noreferrer noopener\">Festival Minipop<\/a>, amb el qual la immobili\u00e0ria ha col\u00b7laborat en un taller infantil de dibuix (<a href=\"\/magazine\/ca\/node\/1520\/\" target=\"_blank\" rel=\"noreferrer noopener\">Monapart Tarragona al Minipop 2017<\/a>). <\/p>\n\n\n\n<p>I \u00e9s que donen molta import\u00e0ncia a les accions offline destinades a donar-se a con\u00e8ixer ia fer marca, com ara bustiades en zones on creuen que hi pot haver pisos que compleixen les caracter\u00edstiques necess\u00e0ries per entrar a la seva cartera.<\/p>\n\n\n\n<p>Costa, i m\u00e9s en els temps que corren, trobar persones com la Vict\u00f2ria que parlin tan apasionadament de la seva feina. Creu cegament a Monapart, un projecte cuinat a foc lent, i li brillen els ulls quan explica el que fa diferent la seva ag\u00e8ncia de les altres. Tenint en compte que tenen <em>\u201cfans\u201d<\/em>, diu, ella podria ser la n\u00famero u, una monaparter de soca-rel.<\/p>","protected":false},"excerpt":{"rendered":"<p>Monapart \u00e9s una immobili\u00e0ria especialitzada en vendre i llogar, de manera diferent, habitatges bonics, amb encant, especials i amb possibilitats. La seva cara visible de Monapart Tarragona \u00e9s Vict\u00f2ria Mart\u00ed, que va a la recerca i captura de cases i pisos on ella viuria i els posa a l&#039;abast d&#039;un p\u00fablic for\u00e7a espec\u00edfic, a cavall entre les ag\u00e8ncies convencionals i les de luxe.<\/p>","protected":false},"author":3,"featured_media":753,"comment_status":"closed","ping_status":"closed","sticky":false,"template":"","format":"standard","meta":{"_acf_changed":false,"footnotes":""},"categories":[2852,2853],"tags":[3071],"class_list":["post-752","post","type-post","status-publish","format-standard","has-post-thumbnail","hentry","category-noticias","category-hablan-de-nosotros","tag-tarragona"],"acf":[],"_links":{"self":[{"href":"https:\/\/www.monapart.com\/magazine\/ca\/wp-json\/wp\/v2\/posts\/752","targetHints":{"allow":["GET"]}}],"collection":[{"href":"https:\/\/www.monapart.com\/magazine\/ca\/wp-json\/wp\/v2\/posts"}],"about":[{"href":"https:\/\/www.monapart.com\/magazine\/ca\/wp-json\/wp\/v2\/types\/post"}],"author":[{"embeddable":true,"href":"https:\/\/www.monapart.com\/magazine\/ca\/wp-json\/wp\/v2\/users\/3"}],"replies":[{"embeddable":true,"href":"https:\/\/www.monapart.com\/magazine\/ca\/wp-json\/wp\/v2\/comments?post=752"}],"version-history":[{"count":3,"href":"https:\/\/www.monapart.com\/magazine\/ca\/wp-json\/wp\/v2\/posts\/752\/revisions"}],"predecessor-version":[{"id":16569,"href":"https:\/\/www.monapart.com\/magazine\/ca\/wp-json\/wp\/v2\/posts\/752\/revisions\/16569"}],"wp:featuredmedia":[{"embeddable":true,"href":"https:\/\/www.monapart.com\/magazine\/ca\/wp-json\/wp\/v2\/media\/753"}],"wp:attachment":[{"href":"https:\/\/www.monapart.com\/magazine\/ca\/wp-json\/wp\/v2\/media?parent=752"}],"wp:term":[{"taxonomy":"category","embeddable":true,"href":"https:\/\/www.monapart.com\/magazine\/ca\/wp-json\/wp\/v2\/categories?post=752"},{"taxonomy":"post_tag","embeddable":true,"href":"https:\/\/www.monapart.com\/magazine\/ca\/wp-json\/wp\/v2\/tags?post=752"}],"curies":[{"name":"wp","href":"https:\/\/api.w.org\/{rel}","templated":true}]}}