{"id":746,"date":"2018-04-17T15:18:48","date_gmt":"2018-04-17T13:18:48","guid":{"rendered":"https:\/\/www.monapart.com\/magazine\/?p=746"},"modified":"2025-10-10T13:25:17","modified_gmt":"2025-10-10T11:25:17","slug":"alacant-i-les-seves-platges","status":"publish","type":"post","link":"https:\/\/www.monapart.com\/magazine\/ca\/hogar\/alicante-y-sus-playas","title":{"rendered":"Alacant i les seves platges"},"content":{"rendered":"<h1 class=\"wp-block-heading\">Alacant i les seves platges<\/h1>\n\n\n\n<h2 class=\"wp-block-heading\"><strong>Una de les joies de la ciutat, amb una gran demanda i projecci\u00f3 immobili\u00e0ria.<\/strong><\/h2>\n\n\n<div class='post-info'>17 d&#039;abril del 2018 per <a href='https:\/\/www.monapart.com\/magazine\/ca\/autor\/monapart'>Monapart<\/a><\/div>\n\n\n\n<p><\/p>\n\n\n\n<p>Fins a finals del segle XIX la platja de Sant Joan d&#039;Alacant era una zona pr\u00e0cticament desconeguda per als 50.000 habitants que aleshores censava la capital. <\/p>\n\n\n\n<p>Elena Gil de <a href=\"\/magazine\/ca\/node\/4\/\">Monapart Alacant<\/a> et convida a fer una passejada per les platges alacantines (Cap Huertas, L&#039;Albufereta, Alacant Golf, Platja Sant Joan\u2026) i el millor\u2026 no et fa falta protecci\u00f3 solar!<\/p>\n\n\n\n<p>Per poder ordenar aquest recorregut per la zona m\u00e9s demandada i de moda a Alacant, dividir\u00e9 el barri de la platja en quatre zones, cadasc\u00fa m\u00e9s interessant\u2026<\/p>\n\n\n\n<figure class=\"wp-block-image\"><img decoding=\"async\" src=\"https:\/\/www.monapart.com\/sites\/default\/files\/styles\/scale_960x960_\/public\/mediabrowser\/image12.jpg?itok=I6ZjWPZ-\" alt=\"Platges d&#039;Alacant | Monapart \" title=\"Platges d&#039;Alacant\"\/><\/figure>\n\n\n\n<h5 class=\"wp-block-heading has-medium-font-size\">Zona de Miriam Blasco \u2013 Platja de Sant Joan<\/h5>\n\n\n\n<p>En aquesta zona antiga de la platja de Sant Joan sembla que el temps s&#039;ha parat, amb cinc paral\u00b7leles al mar i sis perpendiculars. A mitjans dels 60, la burgesia local va venir a aquesta zona buscant la seva segona resid\u00e8ncia a la platja. La construcci\u00f3 i l&#039;est\u00e8tica dels edificis de la zona reflecteixen clarament la influ\u00e8ncia est\u00e8tica d&#039;aquells anys. Un clar exemple d&#039;aix\u00f2, i un dels m\u00e9s antics i carism\u00e0tics, \u00e9s la urbanitzaci\u00f3 La Rotonda obra de <a href=\"https:\/\/www.via-arquitectura.net\/04_prem\/04p-144.htm\" target=\"_blank\" rel=\"noreferrer noopener\">Juan Guardiola<\/a> el 1968. Tot i que \u00e9s caracter\u00edstica d&#039;aquesta zona la barreja est\u00e8tica d&#039;edificis, alguns de gust dubt\u00f3s\u2026<\/p>\n\n\n\n<p>La zona Pau 5 composta per habitatges d&#039;obra nova i que limita amb la zona de la platja, la del golf i la platja de Muchavista (El Campello) est\u00e0 en al\u00e7a. Totes les promocions s&#039;han venut r\u00e0pidament. Un altre sector residencial \u00e9s el que s&#039;obre cam\u00ed al costat del mar, tot seguit de l&#039;avinguda Costa Blanca i girant al voltant de la gran avinguda Mestre Jos\u00e9 Garber\u00ed Serrano. <strong>Pels madrilenys la platja de Sant Joan ha estat sempre&nbsp;<em>la seva platja<\/em><\/strong><strong>&nbsp;tot i que s\u00f3n m\u00e9s a prop les platges de Val\u00e8ncia<\/strong>, i \u00e9s aix\u00ed molt abans que es pogu\u00e9s arribar a&nbsp;<a href=\"http:\/\/www.renfe.com\/%20\" target=\"_blank\" rel=\"noopener\">AVE<\/a>&nbsp;a Alacant o de la construcci\u00f3 de l&#039;autovia A-31.<\/p>\n\n\n\n<figure class=\"wp-block-image\"><img decoding=\"async\" src=\"https:\/\/lh5.googleusercontent.com\/UAoGFrHD1TqlL07QCHdZ9Ls_m_NSH-oay75rRggxbDGIIOP0lCYylkgHB-SeM8kevvyXl2vpnHsJzOyW_jA6emsBX8lqzOIwY2ldOfuEo-acs_UwREmPVz4a6SNVoI3hLPG9c_APQ0QoMQLHFA\" alt=\"Alacant | Monapart \"\/><\/figure>\n\n\n\n<p>El preu mitj\u00e0 per m2 en aquesta zona se situa entre els 2.223 eur\/m2, depenent sempre de la proximitat al mar, factor imprescindible. L&#039;obra nova pot assolir els 2.564 eur\/m\u00b2.<\/p>\n\n\n\n<h5 class=\"wp-block-heading has-medium-font-size\">Alacant Golf<\/h5>\n\n\n\n<p><strong>Al peu del Mediterrani es troba <a href=\"http:\/\/www.alicantegolf.com\/esp\/index.php\" target=\"_blank\" rel=\"noreferrer noopener\">Alacant Golf<\/a>, un aut\u00e8ntic pulm\u00f3 verd situat a l&#039;espectacular platja de Sant Joan ia 10 minuts del centre d&#039;Alacant. <\/strong>El camp presenta uns forats amples replantats amb milers d\u201farbres i on la cura pel medi ambient il\u201festalvi en el consum d\u201faigua s\u00f3n aspectes prioritaris. Per aix\u00f2 \u00e9s el primer camp de golf Espanya que va obtenir de manera conjunta els dos certificats en qualitat mediambiental de m\u00e9s prestigi: ISO-14.001 i certificat Q-Plus.&nbsp;<\/p>\n\n\n\n<figure class=\"wp-block-image\"><img decoding=\"async\" src=\"https:\/\/lh5.googleusercontent.com\/XnuIFUIViymxugQeCd5uDQW79tkCxoS7pZi7gbKKmKOYS0TxhLb1yG1MojubsO-cuE0BGqctLwCnXBRWPETUPprdtAPuf_ytbYewotl2HOAa0wz7s2J-FYQx7aOl_bp5AbzYnYHWUyQ4iKD3yg\" alt=\"Alacant | Monapart \"\/><\/figure>\n\n\n\n<p><a href=\"https:\/\/es.wikipedia.org\/wiki\/Severiano_Ballesteros\" target=\"_blank\" rel=\"noreferrer noopener\">Severi\u00e0 Ballesteros<\/a> va dissenyar aquest espectacular par 72 de tal manera que permet que mai es juguin dos forats seguits amb el mateix parell a la mateixa volta, cosa que fa el joc m\u00e9s variat i divertit, propiciant el birdie. Tot plegat suposa un atractiu repte per a golfistes de tots els nivells.<\/p>\n\n\n\n<p><strong>Al voltant d&#039;Alacant Golf hi ha preciosos edificis amb apartaments, encara que en conjunt solen ser residencials tipus bungalow i xalets de luxe<\/strong>, tenint la majoria unes vistes clares al golf per a del\u00edcia dels propietaris. El preu mitj\u00e0\/m2 se situa entre els 1.739 eur\/m2, variant en base a la tipologia de l&#039;habitatge (pis \u2013 bungalow \u2013 xalet independent).<\/p>\n\n\n\n<h5 class=\"wp-block-heading has-medium-font-size\">Cap Hortes<\/h5>\n\n\n\n<p>El nomenat&nbsp;<em>cap de les Hortes<\/em>&nbsp;o&nbsp;<em>cap Hortes<\/em>&nbsp;\u00e9s un cap d&#039;Espanya a la costa llevantina i tamb\u00e9 un barri de la ciutat d&#039;Alacant. Limita a l&#039;oest amb el barri de l&#039;Albufereta i al nord amb la platja de Sant Joan; a l&#039;est i al sud est\u00e0 envoltat pel mar Mediterrani. <strong>El cap de l&#039;Horta deu el seu nom a la seva proximitat a l&#039;Horta d&#039;Alacant, que juntament amb el Port, va ser un dels dos motors econ\u00f2mics de la comarca<\/strong><strong>.<\/strong><\/p>\n\n\n\n<figure class=\"wp-block-image\"><img decoding=\"async\" src=\"https:\/\/lh3.googleusercontent.com\/IdfWoRXujZvI_dv6pu95uPNvXbnNQ1z9onA9snbP35yy84u_rOE9zzZHxF5K37a_aEaDE3DRYi3Nel30ho7lfVd4Di5d0x68pkIaOvK8qUV-NGfsFqbIghS-_SDdScrnO6Gl6yOGs5qGDbOzzQ\" alt=\"Alacant | Monapart \"\/><\/figure>\n\n\n\n<p>Precioses i recollides cales d&#039;aig\u00fces cristal\u00b7lines, on trobes roques i sorra\u2026 <strong>Entre totes les platges d&#039;Alacant, Cap <\/strong><strong>Hu<\/strong><strong>ertas \u00e9s la m\u00e9s singular<\/strong> ja que us permet gaudir amb tranquil\u00b7litat d&#039;una experi\u00e8ncia de mar allunyada dels sorrals m\u00e9s concorreguts. Aquesta zona sempre ha estat una zona d&#039;alt standing, un rac\u00f3 amb vistes immillorables on els habitatges de 300.000\u20ac s\u00f3n a la franja baixa de preu. El preu mitj\u00e0\/m2 se situa en els 2.230 eur\/m2. Els habitatges d\u00b4obra nova que s\u00b4estan construint al\u00b4antic hotel El Sidi ronden els 5.634 eur\/m\u00b2.<\/p>\n\n\n\n<blockquote class=\"wp-block-quote is-layout-flow wp-block-quote-is-layout-flow\">\n<p>Pels madrilenys la platja de Sant Joan sempre ha estat <em>la seva platja<\/em> tot i que s\u00f3n m\u00e9s a prop les platges de Val\u00e8ncia<\/p>\n<\/blockquote>\n\n\n\n<h5 class=\"wp-block-heading has-medium-font-size\">L&#039;Albufereta<\/h5>\n\n\n\n<p>L&#039;Albufereta limita al nord amb Santa Faz; a l&#039;est amb el barri de la Platja de Sant Joan; al sud amb el barri del Cap de l&#039;Horta i el mar Mediterrani. \u00c9s un barri costaner recorregut per la platja de l\u00b4Albufereta, amb una longitud d\u00b4uns 500 metres. &nbsp;<\/p>\n\n\n\n<p>Abans que arrib\u00e9s el boom tur\u00edstic, l&#039;Albufereta tenia molt de ganxo, un atractiu evident per als alacantins que visitaven freq\u00fcentment la platja a l&#039;\u00e8poca estival. No era f\u00e0cil arribar per un vell cam\u00ed, perqu\u00e8 l&#039;actual carretera, encara que m\u00e9s estreta, neix als anys trenta i fins aleshores se n&#039;anava per una senda, seguint els camins rurals, intransitables i polsegosos.<\/p>\n\n\n\n<p>Els habitatges m\u00e9s propers al mar situats a primera l\u00ednia s\u00f3n els m\u00e9s antics i no tenen instal\u00b7lacions comunit\u00e0ries. \u00c9s a partir de la segona l\u00ednia quan ens trobem amb edificacions amb urbanitzacions m\u00e9s completes. Una mica m\u00e9s enrere i ja tocant a l&#039;Avinguda Miriam Blasco, ens trobem amb edificacions no tan antigues i amb molts m\u00e9s serveis al voltant. El preu mitj\u00e0\/m2 se situa en els 1.838 eur\/m2. I si parlem d&#039;obra nova marxem als 2.400 eur\/m2.<\/p>\n\n\n\n<figure class=\"wp-block-image\"><img decoding=\"async\" src=\"https:\/\/lh5.googleusercontent.com\/z4Kxzli5My9xM6TZvIiMAZB1BUYdPahTaJzGVbYp1eb0XSA0u4dFCJLoeW8_21OWT3rw_d_lEgm9JIrxe1b2MSCtC-noze5suSzLQ9rgpJAJ74g7m1F70H31tYGr6YZ5XNw_A65AxBIVE9W9jg\" alt=\"Platja de l&#039;Albufereta | Monapart \"\/><\/figure>\n\n\n\n<p>Fins aqu\u00ed el nostre passeig per les platges d&#039;Alacant, on haur\u00e0s pogut donar fe del nostre fam\u00f3s microclima\u2026 ;D Veur\u00e0s que no hem fet refer\u00e8ncia a la <a href=\"http:\/\/www.alicanteturismo.com\/playa-del-postiguet\/\" target=\"_blank\" rel=\"noreferrer noopener\">Platja del Postiguet<\/a>, ja que aquesta pertany al centre d&#039;Alacant, i aquesta ja \u00e9s una altra hist\u00f2ria\u2026<\/p>\n\n\n\n<p>Fins a finals del segle XIX, la platja de Sant Joan d&#039;Alacant era una zona pr\u00e0cticament desconeguda per als 50.000 habitants censats aleshores. Avui dia \u00e9s una de les joies de la ciutat, amb gran demanda i projecci\u00f3 immobili\u00e0ria.<\/p>","protected":false},"excerpt":{"rendered":"<p>Una de las joyas de la ciudad, con gran demanda y proyecci\u00f3n inmobiliaria. Hasta finales del siglo XIX la playa de San Juan de Alicante era una zona pr\u00e1cticamente desconocida para los 50.000 habitantes que entonces censaba la capital&#8230;<\/p>","protected":false},"author":3,"featured_media":747,"comment_status":"closed","ping_status":"closed","sticky":false,"template":"","format":"standard","meta":{"_acf_changed":false,"footnotes":""},"categories":[2844,2847],"tags":[2950],"class_list":["post-746","post","type-post","status-publish","format-standard","has-post-thumbnail","hentry","category-hogar","category-vida-de-barrio","tag-alicante"],"acf":[],"_links":{"self":[{"href":"https:\/\/www.monapart.com\/magazine\/ca\/wp-json\/wp\/v2\/posts\/746","targetHints":{"allow":["GET"]}}],"collection":[{"href":"https:\/\/www.monapart.com\/magazine\/ca\/wp-json\/wp\/v2\/posts"}],"about":[{"href":"https:\/\/www.monapart.com\/magazine\/ca\/wp-json\/wp\/v2\/types\/post"}],"author":[{"embeddable":true,"href":"https:\/\/www.monapart.com\/magazine\/ca\/wp-json\/wp\/v2\/users\/3"}],"replies":[{"embeddable":true,"href":"https:\/\/www.monapart.com\/magazine\/ca\/wp-json\/wp\/v2\/comments?post=746"}],"version-history":[{"count":1,"href":"https:\/\/www.monapart.com\/magazine\/ca\/wp-json\/wp\/v2\/posts\/746\/revisions"}],"predecessor-version":[{"id":19683,"href":"https:\/\/www.monapart.com\/magazine\/ca\/wp-json\/wp\/v2\/posts\/746\/revisions\/19683"}],"wp:featuredmedia":[{"embeddable":true,"href":"https:\/\/www.monapart.com\/magazine\/ca\/wp-json\/wp\/v2\/media\/747"}],"wp:attachment":[{"href":"https:\/\/www.monapart.com\/magazine\/ca\/wp-json\/wp\/v2\/media?parent=746"}],"wp:term":[{"taxonomy":"category","embeddable":true,"href":"https:\/\/www.monapart.com\/magazine\/ca\/wp-json\/wp\/v2\/categories?post=746"},{"taxonomy":"post_tag","embeddable":true,"href":"https:\/\/www.monapart.com\/magazine\/ca\/wp-json\/wp\/v2\/tags?post=746"}],"curies":[{"name":"wp","href":"https:\/\/api.w.org\/{rel}","templated":true}]}}