{"id":730,"date":"2018-02-28T15:40:59","date_gmt":"2018-02-28T14:40:59","guid":{"rendered":"https:\/\/www.monapart.com\/magazine\/?p=730"},"modified":"2025-05-08T16:02:14","modified_gmt":"2025-05-08T14:02:14","slug":"un-dia-qualsevol-duna-mama-immo","status":"publish","type":"post","link":"https:\/\/www.monapart.com\/magazine\/ca\/gente-real\/formacion-inmobiliaria\/un-dia-cualquiera-de-una-mama-inmo","title":{"rendered":"Un dia qualsevol d&#039;una mare immo"},"content":{"rendered":"<h1 class=\"wp-block-heading\">Un dia qualsevol d&#039;una mare immo<\/h1>\n\n\n\n<h2 class=\"wp-block-heading\">Vaig decidir tenir una feina flexible que em permet\u00e9s gestionar el meu propi temps amb autonomia i treballar des de casa els dies en qu\u00e8 el meu fill es pos\u00e9s malit.<\/h2>\n\n\n<div class='post-info'>28 de febrer de 2018 per <a href='https:\/\/www.monapart.com\/magazine\/ca\/autor\/monapart'>Monapart<\/a><\/div>\n\n\n\n<p>Per\u00f2 quina sorpresa\u2026 Va ser justament en aquest punt quan va apar\u00e8ixer la pitjor cap de totes, la culpa. Treure endavant un projecte propi quan ets dona i mare que vol seguir sent guai, porta amb si el voler ser s\u00faper ideal com les blocaires i preparar menjars sans i equilibrats, tenir els uniformes del nen impecables, veure&#039;m mitjanament presentable i treure temps per tapar els cabells blancs i pintar-me les ungles, estar al dia de les tend\u00e8ncies per no la relaci\u00f3\u201d, cuidar els amics, tenir vida social, trucar a la teva mare, el temps de qualitat amb el petit\u2026 (en resum, tot aix\u00f2 que cap sota la tan anhelada \u00abconciliaci\u00f3\u00bb per\u00f2 espec\u00edfica de la meva professi\u00f3 com a agent immobili\u00e0ria).<\/p>\n\n\n\n<figure class=\"wp-block-image\"><img decoding=\"async\" src=\"https:\/\/www.monapart.com\/sites\/default\/files\/styles\/scale_960x960_\/public\/mediabrowser\/thinkstockphotos-472362132.jpg?itok=obtHP2_l\" alt=\"Un dia qualsevol d&#039;una mare immo | Monapart \"\/><\/figure>\n\n\n\n<p>Per aix\u00f2, perqu\u00e8 s\u00f3c una mare, aut\u00f2noma, emprenedora i molt imperfecta, comparteixo amb vosaltres el meu dia a dia com a mare immo. Perqu\u00e8 compartint les nostres vides potser ens podem perdonar una mica i gaudir-ne m\u00e9s. M&#039;hi acompanyes?<\/p>\n\n\n\n<p><strong>7:00 h<\/strong>\u2013 Sona el despertador\u2026 Una estoneta m\u00e9s\u2026 Una estoneta m\u00e9s\u2026<\/p>\n\n\n\n<p><strong>7:15 h<\/strong>\u2013 Merda! Ja m&#039;he adormit\u2026 Posem la cafetera i despertarem el petit.<\/p>\n\n\n\n<p>No hi ha manera que s&#039;aixequi<em>\u2026\u201dmama, vull dormir una mica maz\u2026\u201d<\/em> (ja ho podria dir els findes\u2026).<\/p>\n\n\n\n<p>Jurament solemne que avui a les 21h com a molt tard estar\u00e0 dormint com un bene\u00eft (i t&#039;ho creus a ulls clucs).<\/p>\n\n\n\n<p><strong>7:25 h<\/strong>\u2013 Mentre esmorzen, t&#039;adones que el pol de l&#039;uniforme no l&#039;hem planxat i no hi ha temps, aix\u00ed que t&#039;asseus a sobre si millora una mica la cosa (truc que funciona, amiguis).<\/p>\n\n\n\n<p>Triem el cotxe que portar\u00e0 avui a la guarda\u2026 5 minuts m\u00e9s per a aquesta important elecci\u00f3 vital\u2026 Respires profund\u2026<\/p>\n\n\n\n<p><strong>7:50 h-<\/strong> Per fi se&#039;n van els dos homenets despr\u00e9s del \u201cpetet d&#039;amor veritable\u201d (una cosa bona es pot treure de Disney).<\/p>\n\n\n\n<p>Vas al bany i et preguntes com t&#039;han pogut fer aquest pet\u00f3 amb les pintes que portes\u2026<\/p>\n\n\n\n<p>Dutxa r\u00e0pida i et poses tot el mico que pots tenint en compte aquestes ulleres i aquests p\u00e8ls. Truc infal\u00b7lible: xamp\u00fa en sec per donar volum i bona <a href=\"https:\/\/www.youtube.com\/watch?v=725FW--Shi8&amp;t=422s\" target=\"_blank\" rel=\"noreferrer noopener\">t\u00e8cnica d&#039;aplicaci\u00f3 de corrector<\/a> (per matins de cara de troll: doble raci\u00f3 de labial vermell permanent).<\/p>\n\n\n\n<p><strong>8:30 h-<\/strong> Caf\u00e8 carregat i ens posem a revisar els correus electr\u00f2nics, l&#039;agenda i les xarxes socials. Whatsapp a la visita de les 11 h per recordar-li la cita.<\/p>\n\n\n\n<p><strong>9:30 h-<\/strong> Comences a fer les primeres trucades i t&#039;agendas les que haur\u00e0s de tornar a fer a la tarda. <em>\u201cPerdona, estic treballant, em pots trucar a les 19 h?\u201d \u201c\u00c9s clar que s\u00ed, maco\u2026\u201d.<\/em><\/p>\n\n\n\n<p><strong>10:00 h-<\/strong> Prepares una an\u00e0lisi de mercat per a una visita de captaci\u00f3 que tens a les 12 h.<\/p>\n\n\n\n<p><strong>10:30 h-<\/strong> T&#039;aixeques de la taula i t&#039;adones que sembla que a casa teva ha passat un hurac\u00e0\u2026 Si \u00e9s que no m&#039;organitzo b\u00e9\u2026 \u00c9s igual, despr\u00e9s ho faig r\u00e0pid, me n&#039;he d&#039;anar.<\/p>\n\n\n\n<p>(La casa \u00e9s de tothom per\u00f2 per alguna ra\u00f3 creus que ets la responsable).<\/p>\n\n\n\n<p><strong>11:15 h-<\/strong> Visita a un habitatge amb una parella que vol comprar.<\/p>\n\n\n\n<p>Cridada de l&#039;escola bressol, cor a mil (pel amordedioh que no estigui dolent)\u2026 ufff encara sort, era per recordar-me que he de pagar els 10 Euros de la foto de Carnestoltes\u2026(10 \u20ac per una foto! Per\u00f2 la pagues perqu\u00e8 amb la granota que estava\u2026).<\/p>\n\n\n\n<p><strong>12:00 h-<\/strong> Visita de captaci\u00f3 amb tot el material preparat i moltes ganes d&#039;agradar als propietaris. Aconseguim un nou habitatge bonic per vendre. B\u00e9!<\/p>\n\n\n\n<blockquote class=\"wp-block-quote is-layout-flow wp-block-quote-is-layout-flow\">\n<p>Camino a l&#039;oficina penjo un post a Instagram i miro cada 5 minuts a veure quants<em> likes<\/em> porta\u2026 (No riguis que tu tamb\u00e9 ho fas\u2026).<\/p>\n<\/blockquote>\n\n\n\n<p>T&#039;arriba a m\u00e9s una ressenya bon\u00edssima a Google i et d\u00f3na la pujada del dia.<\/p>\n\n\n\n<p><strong>13:30 h-<\/strong> Puges una estona a l&#039;oficina (la meva oficina \u00e9s a <a href=\"https:\/\/www.monapart.com\/es\/magazine\/noticias\/dcollab-y-monapart-madrid\" target=\"_blank\" rel=\"noreferrer noopener\">DCollab<\/a>), saludes els companys, revises de nou el mail i continues escrivint el post que no acaba de sortir-te com tu vols.<\/p>\n\n\n\n<p><strong>15:00 h-<\/strong> Quina gana\u2026 Quina hora \u00e9s? Baixes i et prens una mica r\u00e0pid perqu\u00e8 ja vas tard a l&#039;altra visita a l&#039;altra punta de Madrid. Aprofites per deixar unes postaletes.<\/p>\n\n\n\n<p>\u2026. De cam\u00ed a l&#039;altra visita, truques a la teva mare ia la teva germana\u2026 (Hauria de trucar-les m\u00e9s\u2026).<\/p>\n\n\n\n<p><strong>16:30 h-<\/strong> Visita a xalet. Arribes abans per preparar-ho tot b\u00e9, airejar, etc. Li fas un rep\u00e0s a les especificacions\u2026 Ja s\u00f3n aqu\u00ed!<\/p>\n\n\n\n<p><strong>18:00 h-<\/strong> Ja no hi ha m\u00e9s visites, aix\u00ed que ets aviat a casa. Arribes, i comproves que cap follet ha vingut a arreglar el caos. Fas com si no ho haguessis vist, et fiques al despatx i segueixes treballant abans que arribin els nois.<\/p>\n\n\n\n<p>\u201cHo faig en mitja hora i aix\u00ed podr\u00e9 recollir una mica\u2026\u201d \u2026 Rialles.<\/p>\n\n\n\n<p>Trucades, envieu els informes de les visites d&#039;avui, us agendes seguiments\u2026<\/p>\n\n\n\n<p><strong>19:00 h-<\/strong> Els nois tornen a casa.<\/p>\n\n\n\n<p>Marit comen\u00e7a a recollir i tu et sents malament per no haver-ho fet abans\u2026 (Per qu\u00e8? No ho s\u00e9, per\u00f2 et sents malament).<\/p>\n\n\n\n<p>Hi ha danonins?\u2026 Merda, no he anat al s\u00faper.<\/p>\n\n\n\n<p>No, hi ha iogurt, cel\u2026<\/p>\n\n\n\n<p>Anem a \u201csugar\u201d amb la mare? Claaaaaro\u2026 T&#039;asseus a terra i l&#039;esquena et recorda que t&#039;has passat amb el pes que li has posat a la bossa. Hauria d&#039;anar al gimn\u00e0s\u2026<\/p>\n\n\n\n<p>Sona el tel\u00e8fon i \u00e9s un interessat en un pis. Ja que hi ets, aprofites i fas l&#039;anomenada pendent del mat\u00ed perqu\u00e8 abans no t&#039;ho va agafar, el petit aporrea la porta\u2026 marit al rescat\u2026 (escoltes\u2026 no, amb la mama!) \u2026 quina penica pel nen i qu\u00e8 angoixa pel que truca\u2026<\/p>\n\n\n\n<p><strong>20:30 h-<\/strong> Farem el sopar i mentre et truca un propietari per comentar el mail que li has enviat. Maria, est\u00e0s fent una truita francesa? Doncs mira\u2026 s\u00ed\u2026 per\u00f2 parlem igual.<\/p>\n\n\n\n<p><strong>21:30 h-<\/strong> S&#039;acaba de dormir el petit despr\u00e9s del conte, reculls una mica, doblegues la roba (la doblego jo perqu\u00e8 el <a href=\"https:\/\/konmari.com\/\" target=\"_blank\" rel=\"noreferrer noopener\">m\u00e8tode KonMari<\/a> no ho ent\u00e9n el marit ni tan sols seguint aquest <a href=\"https:\/\/happydiyhome.com\/konmari-method-checklist\/\" target=\"_blank\" rel=\"noreferrer noopener\">checklist<\/a> i \u00e9s clar, perqu\u00e8 la roba sigui feli\u00e7 cal doblegar-la b\u00e9 ;\/) mentre veus una mica la tele\u2026 Veiem un cap\u00edtol d&#039;alguna cosa? D&#039;acord, per\u00f2 un de sol ehhhh?<\/p>\n\n\n\n<p>\u2026.I llavors, avui que anaves a dormir aviat et lies veient The Crown, perqu\u00e8 sent, cal viure i aquestes coses\u2026<\/p>\n\n\n\n<p>I quan per fi et relaxes i est\u00e0s amb la teva parella, tranquils tots dos, un diu\u2026 I dem\u00e0 no havia de portar el nen a guardar una cullera de pal customitzada?<\/p>\n\n\n\n<figure class=\"wp-block-image\"><img decoding=\"async\" src=\"https:\/\/www.monapart.com\/sites\/default\/files\/styles\/scale_960x960_\/public\/mediabrowser\/argh.jpg?itok=DjRpokUq\" alt=\"Un dia qualsevol d&#039;una mare immo | Monapart \"\/><\/figure>\n\n\n\n<p>Fa poc m\u00e9s d&#039;un any, vaig decidir ser la meva pr\u00f2pia cap, emprendre i dedicar-me a alguna cosa que realment m&#039;agrada fer ia m\u00e9s tenir una feina flexible que em permet\u00e9s gestionar el meu propi temps amb autonomia i treballar des de casa els dies en qu\u00e8 el meu fill es pos\u00e9s malalt. En fi, aqu\u00ed un dia qualsevol d&#039;una mare immo.<\/p>","protected":false},"excerpt":{"rendered":"<p>Fa poc m\u00e9s d&#039;un any, vaig decidir ser la meva pr\u00f2pia cap, emprendre i dedicar-me a alguna cosa que realment m&#039;agrada fer ia m\u00e9s tenir una feina flexible que em permet\u00e9s gestionar el meu propi temps amb autonomia i treballar des de casa els dies en qu\u00e8 el meu fill es pos\u00e9s malalt.<\/p>","protected":false},"author":3,"featured_media":731,"comment_status":"closed","ping_status":"closed","sticky":false,"template":"","format":"standard","meta":{"_acf_changed":false,"footnotes":""},"categories":[2850,2849],"tags":[2876],"class_list":["post-730","post","type-post","status-publish","format-standard","has-post-thumbnail","hentry","category-formacion-inmobiliaria","category-gente-real","tag-productividad"],"acf":[],"_links":{"self":[{"href":"https:\/\/www.monapart.com\/magazine\/ca\/wp-json\/wp\/v2\/posts\/730","targetHints":{"allow":["GET"]}}],"collection":[{"href":"https:\/\/www.monapart.com\/magazine\/ca\/wp-json\/wp\/v2\/posts"}],"about":[{"href":"https:\/\/www.monapart.com\/magazine\/ca\/wp-json\/wp\/v2\/types\/post"}],"author":[{"embeddable":true,"href":"https:\/\/www.monapart.com\/magazine\/ca\/wp-json\/wp\/v2\/users\/3"}],"replies":[{"embeddable":true,"href":"https:\/\/www.monapart.com\/magazine\/ca\/wp-json\/wp\/v2\/comments?post=730"}],"version-history":[{"count":2,"href":"https:\/\/www.monapart.com\/magazine\/ca\/wp-json\/wp\/v2\/posts\/730\/revisions"}],"predecessor-version":[{"id":16594,"href":"https:\/\/www.monapart.com\/magazine\/ca\/wp-json\/wp\/v2\/posts\/730\/revisions\/16594"}],"wp:featuredmedia":[{"embeddable":true,"href":"https:\/\/www.monapart.com\/magazine\/ca\/wp-json\/wp\/v2\/media\/731"}],"wp:attachment":[{"href":"https:\/\/www.monapart.com\/magazine\/ca\/wp-json\/wp\/v2\/media?parent=730"}],"wp:term":[{"taxonomy":"category","embeddable":true,"href":"https:\/\/www.monapart.com\/magazine\/ca\/wp-json\/wp\/v2\/categories?post=730"},{"taxonomy":"post_tag","embeddable":true,"href":"https:\/\/www.monapart.com\/magazine\/ca\/wp-json\/wp\/v2\/tags?post=730"}],"curies":[{"name":"wp","href":"https:\/\/api.w.org\/{rel}","templated":true}]}}