{"id":726,"date":"2018-02-13T10:50:39","date_gmt":"2018-02-13T09:50:39","guid":{"rendered":"https:\/\/www.monapart.com\/magazine\/?p=726"},"modified":"2025-05-08T17:17:22","modified_gmt":"2025-05-08T15:17:22","slug":"madrid-es-molt-madrid-monapart-a-chamberi","status":"publish","type":"post","link":"https:\/\/www.monapart.com\/magazine\/ca\/noticias\/madrid-es-mucho-madrid-monapart-en-chamberi","title":{"rendered":"Madrid \u00e9s molt Madrid: Monapart a Chamber\u00ed"},"content":{"rendered":"<h1 class=\"wp-block-heading\">Madrid \u00e9s molt Madrid: Monapart a Chamber\u00ed<\/h1>\n\n\n\n<p>Ens agrada Madrid ia Madrid li agrada Monapart. Seguim a la ca\u00e7a de <a href=\"https:\/\/www.monapart.com\/es\/viviendas-madrid\" target=\"_blank\" rel=\"noreferrer noopener\">els habitatges m\u00e9s bonics de la capital<\/a>&nbsp;i comencem l&#039;any estrenant pres\u00e8ncia a Chamber\u00ed. Una oportunitat d&#039;or per consolidar-nos al km.0, i com realment ens agrada: sumant gent meravellosa a l&#039;equip. La fam\u00edlia Monapart creix!<\/p>\n\n\n\n<p><strong>Monapart a Chamber\u00ed<\/strong><br><a href=\"https:\/\/www.linkedin.com\/in\/nievesarchilla\/\" target=\"_blank\" rel=\"noreferrer noopener\">Nieves Archilla <\/a>\u00e9s madrilenya d&#039;adopci\u00f3, <em>per\u00f2 <\/em>almerienc de naixement; no cuina, <em>per\u00f2 <\/em>el seu pollastre a l&#039;andalusa \u00e9s excels; llegeix amb fru\u00efci\u00f3, <em>per\u00f2 <\/em>mant\u00e9 una relaci\u00f3 \u00edntima amb el cinema. Neus sembla coses que s\u00f3n altres \u2013tot bo sempre\u2013 com els passa a Chamber\u00ed i Salamanca, que s\u00f3n dos districtes amb senyoriu madrileny, <em>per\u00f2 <\/em>els m\u00e9s francesos de Madrid; amb els millors habitatges de la ciutat, <em>per\u00f2 <\/em>amb pres\u00e8ncia creixent de bufets professionals i boutiques d&#039;inversi\u00f3; planificats per i per a la burgesia i l&#039;aristocr\u00e0cia madrilenyes, <em>per\u00f2 <\/em>ara ambicionats pels rics de mig m\u00f3n.<\/p>\n\n\n\n<figure class=\"wp-block-image\"><img decoding=\"async\" src=\"https:\/\/www.monapart.com\/sites\/default\/files\/styles\/scale_960x960_\/public\/mediabrowser\/plaza_de_chamberi-retocada.jpg?itok=cWncLgvd\" alt=\"Madrid \u00e9s molt Madrid: Monapart a Chamber\u00ed | Monapart \"\/><\/figure>\n\n\n\n<p>Per a Monapart \u00e9s una pujada estrenar-se en aquests dos districtes de Madrid dels quals omple d&#039;orgull dir que un viu. Perqu\u00e8, siguem sincers, dir <em>\u201cJo s\u00f3c de Chamber\u00ed\u201d<\/em> fa semblar, de moment, m\u00e9s alt i elegant\u2026<\/p>\n\n\n\n<p>Subscriu-te a la seva <a href=\"http:\/\/monapartbarcelona.us6.list-manage.com\/subscribe\/?u=296b15a3a1f04f215d76df0b1&amp;id=b4b3041680\" target=\"_blank\" rel=\"noreferrer noopener\">newsletter<\/a> per rebre totes les novetats i una primera ullada als seus habitatges bonics.<\/p>\n\n\n\n<p>Ens agrada Madrid, ia Madrid li agrada Monapart. Seguim a la ca\u00e7a dels habitatges m\u00e9s bonics de la capital i comencem l&#039;any estrenant pres\u00e8ncia a Chamber\u00ed. La fam\u00edlia Monapart creix!<\/p>","protected":false},"excerpt":{"rendered":"<p>Ens agrada Madrid ia Madrid li agrada Monapart. Seguim a la ca\u00e7a dels habitatges m\u00e9s bonics de la capital i comencem l&#039;any estrenant pres\u00e8ncia a Chamber\u00ed. Una oportunitat d&#039;or per consolidar-nos al km.0, i com realment ens agrada: sumant gent meravellosa a l&#039;equip. La fam\u00edlia Monapart creix!<\/p>","protected":false},"author":3,"featured_media":727,"comment_status":"closed","ping_status":"closed","sticky":false,"template":"","format":"standard","meta":{"_acf_changed":false,"footnotes":""},"categories":[2852,2856],"tags":[2878],"class_list":["post-726","post","type-post","status-publish","format-standard","has-post-thumbnail","hentry","category-noticias","category-buenagente","tag-madrid"],"acf":[],"_links":{"self":[{"href":"https:\/\/www.monapart.com\/magazine\/ca\/wp-json\/wp\/v2\/posts\/726","targetHints":{"allow":["GET"]}}],"collection":[{"href":"https:\/\/www.monapart.com\/magazine\/ca\/wp-json\/wp\/v2\/posts"}],"about":[{"href":"https:\/\/www.monapart.com\/magazine\/ca\/wp-json\/wp\/v2\/types\/post"}],"author":[{"embeddable":true,"href":"https:\/\/www.monapart.com\/magazine\/ca\/wp-json\/wp\/v2\/users\/3"}],"replies":[{"embeddable":true,"href":"https:\/\/www.monapart.com\/magazine\/ca\/wp-json\/wp\/v2\/comments?post=726"}],"version-history":[{"count":3,"href":"https:\/\/www.monapart.com\/magazine\/ca\/wp-json\/wp\/v2\/posts\/726\/revisions"}],"predecessor-version":[{"id":16602,"href":"https:\/\/www.monapart.com\/magazine\/ca\/wp-json\/wp\/v2\/posts\/726\/revisions\/16602"}],"wp:featuredmedia":[{"embeddable":true,"href":"https:\/\/www.monapart.com\/magazine\/ca\/wp-json\/wp\/v2\/media\/727"}],"wp:attachment":[{"href":"https:\/\/www.monapart.com\/magazine\/ca\/wp-json\/wp\/v2\/media?parent=726"}],"wp:term":[{"taxonomy":"category","embeddable":true,"href":"https:\/\/www.monapart.com\/magazine\/ca\/wp-json\/wp\/v2\/categories?post=726"},{"taxonomy":"post_tag","embeddable":true,"href":"https:\/\/www.monapart.com\/magazine\/ca\/wp-json\/wp\/v2\/tags?post=726"}],"curies":[{"name":"wp","href":"https:\/\/api.w.org\/{rel}","templated":true}]}}