{"id":712,"date":"2017-11-28T14:43:54","date_gmt":"2017-11-28T13:43:54","guid":{"rendered":"https:\/\/www.monapart.com\/magazine\/?p=712"},"modified":"2025-05-09T12:17:39","modified_gmt":"2025-05-09T10:17:39","slug":"ordre-i-amb-un-cert-missing-context-fragment-literal-translation-ordre-i-amb-un-cert-a-les-mudances-ordre-i-certa-paraula-en-les-mudancesnote-the-user-text-seems-incomplete-con-cierto","status":"publish","type":"post","link":"https:\/\/www.monapart.com\/magazine\/ca\/hogar\/orden-y-con-cierto-en-las-mudanzas","title":{"rendered":"Ordre i amb un cert criteri en les mudances"},"content":{"rendered":"<h1 class=\"wp-block-heading\">Ordre i amb un cert criteri en les mudances<\/h1>\n\n\n\n<h2 class=\"wp-block-heading\"><a href=\"\/magazine\/ca\/node\/4\/\">Monapart Alacant<\/a> entrevista a l'Ana Samper, creadora del web Orden y Con Cierto, que ens dona les claus per comen\u00e7ar amb bon peu el periple que per a tothom suposa canviar de llar.<\/h2>\n\n\n<div class='post-info'>28 de novembre de 2017 <a href='https:\/\/www.monapart.com\/magazine\/ca\/autor\/monapart'>Monapart<\/a><\/div>\n\n\n\n<p class=\"wp-block-paragraph\">Des d'un temps en\u00e7\u00e0 s'ha posat molt de moda l'ordre i la organitzaci\u00f3, tant que ens serveix per trobar un punt d'inflexi\u00f3 a la nostra vida i tamb\u00e9 l'equilibri que ens permeti treballar i viure en espais ordenats. Aquest \u00e9s el prop\u00f2sit d'Ana Samper, Personal Organizer i creadora de la p\u00e0gina web <a href=\"https:\/\/ordenyconcierto.es\/\" target=\"_blank\" rel=\"noopener\">Ordre i Amb Cert<\/a>.<\/p>\n\n\n\n<figure class=\"wp-block-image\"><img decoding=\"async\" src=\"https:\/\/www.monapart.com\/sites\/default\/files\/styles\/scale_960x960_\/public\/mediabrowser\/ana.jpg?itok=u4E1E6r0\" alt=\"Ordre i cert en les mudances | Monapart \"\/><\/figure>\n\n\n\n<h5 class=\"wp-block-heading has-medium-font-size\"><strong>Monapart: Ana, explica'ns una mica m\u00e9s sobre tu<\/strong><\/h5>\n\n\n\n<p class=\"wp-block-paragraph\">Ana: Orden y Con Cierto sorgeix l'any 2013, despr\u00e9s de la meva segona maternitat. En aquell moment vaig prendre consci\u00e8ncia que tenia una habilitat innata per ordenar ja que, durant aquell any, vaig fer diverses mudances tant de cases com d'oficines. Sempre m'ha agradat ordenar, organitzar i planificar, no de forma met\u00f2dica, sin\u00f3 de forma permanent, arm\u00f2nica i est\u00e8tica. Llavors vaig pensar que potser podia ajudar altres persones a ordenar les seves cases... Aix\u00ed que vaig buscar a Internet i... vaig descobrir un m\u00f3n!<\/p>\n\n\n\n<blockquote class=\"wp-block-quote is-layout-flow wp-block-quote-is-layout-flow\">\n<p class=\"wp-block-paragraph\">Sempre m'ha agradat ordenar, organitzar i planificar de manera permanent, harm\u00f2nica i est\u00e8tica.<\/p>\n<\/blockquote>\n\n\n\n<p class=\"wp-block-paragraph\">Vaig obrir un bloc i vaig comen\u00e7ar a escriure sobre les coses que feia a casa per ordenar. Donava consells, suggeriments... i a poc a poc la gent va comen\u00e7ar a llegir-lo. Al principi va ser nom\u00e9s una manera de compartir inquietuds, veia molt llunyana la possibilitat que alg\u00fa em crid\u00e9s per ordenar-li l'armari! Per\u00f2 realment a tot el qui li ho explicava li semblava una cosa molt interessant, aix\u00ed que dit i fet, el 2015 vaig passar el bloc a la plataforma de la revista Elle per aconseguir m\u00e9s visites. En aquell moment van passar dues coses: vaig con\u00e8ixer el sistema de les c\u00e0psules de roba de <a href=\"https:\/\/bemorewithless.com\/project-333\/\" target=\"_blank\" rel=\"noopener\">Projecte 333 <\/a>i va caure a les meves mans el llibre de <a href=\"https:\/\/ordenyconcierto.es\/exito-la-magia-del-orden\/\" target=\"_blank\" rel=\"noopener\">Marie Kondo, \u201cLa m\u00e0gia de l'ordre\u201d<\/a> &nbsp;i vaig comen\u00e7ar a posar en pr\u00e0ctica les seues t\u00e8cniques utilitzant-les com a metodologia de treball per a familiars i amics.<\/p>\n\n\n\n<p class=\"wp-block-paragraph\">La satisfacci\u00f3 que em donava fer-ho i que la gent obtenia despr\u00e9s de les meves sessions d'Orden y Con Cierto va ser el que em va emp\u00e8nyer a fer el pas de convertir el meu blog en un web a trav\u00e9s del qual donar a con\u00e8ixer no nom\u00e9s consells i t\u00e8cniques, sin\u00f3 tamb\u00e9 oferir la possibilitat d'oferir el servei de manera professional. I aix\u00ed el 2016 neix <a href=\"https:\/\/ordenyconcierto.es\/\" target=\"_blank\" rel=\"noopener\">ordenystruc.es<\/a>. A la web, a m\u00e9s dels meus serveis <em>in situ<\/em> (mudances, canvis d'armari, organitzaci\u00f3 de cases i oficines, assessorament en la cerca d'habitatge), ofereixo serveis en l\u00ednia a dist\u00e0ncia (organitzaci\u00f3 d'horaris i rutines, assessorament virtual), tallers (c\u00e0psules de roba) i estic comen\u00e7ant a impartir formaci\u00f3 per a gent interessada a dur a endavant el seu propi projecte d'ordre.<\/p>\n\n\n\n<blockquote class=\"wp-block-quote is-layout-flow wp-block-quote-is-layout-flow\">\n<p class=\"wp-block-paragraph\">Els canvis de casa s\u00f3n sempre un punt important, ja que poden ser bastant complicats i desastrosos si no es fan b\u00e9.<\/p>\n<\/blockquote>\n\n\n\n<figure class=\"wp-block-image\"><img decoding=\"async\" src=\"https:\/\/www.monapart.com\/sites\/default\/files\/styles\/scale_960x960_\/public\/mediabrowser\/dsc_5503-web.jpg?itok=8R3L2DXK\" alt=\"Ordre i amb criteri en les mudances | Monapart \"\/><\/figure>\n\n\n\n<h5 class=\"wp-block-heading has-medium-font-size\">Consells b\u00e0sics per a un bon trasllat<\/h5>\n\n\n\n<p class=\"wp-block-paragraph\">El trasllat \u00e9s aquest temut moment en el qual tota la nostra vida passa pels nostres ulls i les nostres mans. Sempre pensem que \u00e9s una oportunitat per desfer-nos de tot all\u00f2 que hem anat acumulant in\u00fatilmente i desant en qualsevol rac\u00f3 de la casa o del traster i que, amb tota probabilitat, si no fem res abans, tindr\u00e0 aquest mateix dest\u00ed a la nova casa. I al final, el que podria convertir-se en una nova vida, plena d'ordre i harmonia, es converteix en un aut\u00e8ntic caos...&nbsp;<\/p>\n\n\n\n<p class=\"wp-block-paragraph\"><strong>El 90% del caos actual a les llars es deu a un trasllat de casa mal fet.<\/strong>&nbsp;I no vull dir amb aix\u00f2 que l'empresa de mudances hagi fet mal a la seva feina, sin\u00f3 que la majoria no tenen un servei d'organitzaci\u00f3 professional. Es llimiten simplement a desar les coses tal com les has deixades i a col\u00b7locar-les a la nova casa segons tu les indiquis... i en aquell moment, portes una saturaci\u00f3 tal que probablement no ets capa\u00e7 ni de dir si el llit va a l'habitaci\u00f3... o a la cuina!<\/p>\n\n\n\n<p class=\"wp-block-paragraph\">Hi ha tres coses que considero b\u00e0siques per afrontar b\u00e9 un canvi de pis:<\/p>\n\n\n\n<ol class=\"wp-block-list\">\n<li>Planificaci\u00f3 de l'espai. \u00c9s el pas previ a tot trasllat. D'ell dep\u00e8n gran part de l'\u00e8xit d'aquest i que la nostra nova vida comenci amb una casa ordenada.<\/li>\n\n\n\n<li>Llen\u00e7ar o desfer-se de coses. Abans de fer les capses, hem de desfer-se de tot all\u00f2 que fa temps que ja no utilitzem i que tenim clar que no anirem a necessitar a la nostra nova casa.<\/li>\n\n\n\n<li>Previsi\u00f3. Hem de comen\u00e7ar com a m\u00ednim dues setmanes abans a fer les caixes, habitaci\u00f3 per habitaci\u00f3, i etiquetant-les amb l'habitaci\u00f3 de destinaci\u00f3 on aniran. Aquest pas agilitzar\u00e0 el proc\u00e9s posterior de reubicaci\u00f3.<br>\u00a0<\/li>\n<\/ol>\n\n\n\n<figure class=\"wp-block-embed is-type-video is-provider-youtube wp-block-embed-youtube wp-embed-aspect-16-9 wp-has-aspect-ratio\"><div class=\"wp-block-embed__wrapper\">\n<iframe loading=\"lazy\" title=\"Com afrontar una mudan\u00e7a | Ordre i amb certesa\" width=\"500\" height=\"281\" src=\"https:\/\/www.youtube.com\/embed\/1KJbuxQRvv0?feature=oembed\" frameborder=\"0\" allow=\"accelerometer; autoplay; clipboard-write; encrypted-media; gyroscope; picture-in-picture; web-share\" referrerpolicy=\"strict-origin-when-cross-origin\" allowfullscreen><\/iframe>\n<\/div><\/figure>\n\n\n\n<figure class=\"wp-block-embed is-type-video is-provider-youtube wp-block-embed-youtube wp-embed-aspect-16-9 wp-has-aspect-ratio\"><div class=\"wp-block-embed__wrapper\">\n<iframe loading=\"lazy\" title=\"Preparar un trasllat | Ordre i amb cert\" width=\"500\" height=\"281\" src=\"https:\/\/www.youtube.com\/embed\/Yy1EOLCwuyo?feature=oembed\" frameborder=\"0\" allow=\"accelerometer; autoplay; clipboard-write; encrypted-media; gyroscope; picture-in-picture; web-share\" referrerpolicy=\"strict-origin-when-cross-origin\" allowfullscreen><\/iframe>\n<\/div><\/figure>\n\n\n\n<h5 class=\"wp-block-heading has-medium-font-size\"><strong>Quins s\u00f3n els passos previs a la mudan\u00e7a i com organitzar-la?<\/strong><\/h5>\n\n\n\n<p class=\"wp-block-paragraph\">Primer buscar la zona on vols viure, despr\u00e9s el tipus de casa, per descomptat, el preu. En aquest pas sempre \u00e9s recomanable tenir com a aliat una bona ag\u00e8ncia immobili\u00e0ria com \u00e9s <a href=\"\/magazine\/ca\/node\/4\/\" target=\"_blank\" rel=\"noreferrer noopener\">Monapart Alacant<\/a>. Tamb\u00e9 s\u00f3n determinants altres factors que amb freq\u00fc\u00e8ncia no es valoren amb prou import\u00e0ncia i que despr\u00e9s poden portar molts maldecaps. Em refereixo per exemple a si els armaris s\u00f3n de f\u00e0cil acc\u00e9s, si a la cuina hi ha espai d'emmagatzematge per a la zona de neteja o el rebost, si l'entrada \u00e9s prou gran per poder posar-hi algun moble, o si al bany hi cabran totes les tovalloles que tens o haur\u00e0s de posar-les a l'altra punta de la casa, que \u00e9s on hi ha lloc. En definitiva, la q\u00fcesti\u00f3 organitzativa del dia a dia i que marcar\u00e0, d'altra banda, que al final ens sentim o no a gust a la nostra nova casa.<\/p>\n\n\n\n<h5 class=\"wp-block-heading has-medium-font-size\"><strong>Amb quins tipus de clients treballes?<\/strong><\/h5>\n\n\n\n<p class=\"wp-block-paragraph\">Els meus clients solen ser tant fam\u00edlies com persones de mediana edat que viuen soles. El nexe com\u00fa entre elles \u00e9s la necessitat d'afrontar un proc\u00e9s d'organitzaci\u00f3 que, per motius sovint emocionals, no es veuen capa\u00e7os de fer i que tenen molt a veure amb el seu moment vital. Acompanyar-les en aix\u00f2 i ajudar-les a veure el cam\u00ed per on comen\u00e7ar forma part de la meva feina.<\/p>\n\n\n\n<figure class=\"wp-block-image\"><img decoding=\"async\" src=\"https:\/\/www.monapart.com\/sites\/default\/files\/styles\/scale_960x960_\/public\/mediabrowser\/dsc_5500-web.jpg?itok=DAlUK8iZ\" alt=\"Ordre i amb criteri en les mudances | Monapart \"\/><\/figure>\n\n\n\n<h5 class=\"wp-block-heading has-medium-font-size\"><strong>Has col\u00b7laborat amb alguna immobili\u00e0ria? Com \u00e9s la teva relaci\u00f3 amb elles?<\/strong><\/h5>\n\n\n\n<p class=\"wp-block-paragraph\">S\u00ed, la col\u00b7laboraci\u00f3 amb les immobili\u00e0ries \u00e9s cada vegada m\u00e9s important, ja que oferim el servei de mudances com un complement m\u00e9s a la seva gesti\u00f3 de venda o lloguer dels immobles. Aix\u00f2 compr\u00e8n des del buidatge de la casa fins a la col\u00b7locaci\u00f3 dels mobles i estris al nou habitatge, passant per la cerca de pressupostos de mudances o d'immobles adequats a les necessitats dels meus clients. Aquest \u00e9s un altre dels serveis que ofereixo, sempre des d'un punt de vista organitzatiu, contemplant tots aquells aspectes que abans he esmentat i que, no obstant aix\u00f2, no solen tenir-se en compte. Visito les cases, faig fotos i preparo un informe perqu\u00e8 el meu client pugui triar amb m\u00e9s facilitat. Despr\u00e9s l'acompanyo a visitar l'habitatge si ho requereixen. L'objectiu de la meva feina \u00e9s assistir el meu client en totes les necessitats que implica un canvi d'habitatge, des del principi fins al final.<\/p>\n\n\n\n<blockquote class=\"wp-block-quote is-layout-flow wp-block-quote-is-layout-flow\">\n<p class=\"wp-block-paragraph\">L'objectiu de la meva feina \u00e9s assistir el meu client en totes les necessitats que implica un canvi d'habitatge, des del principi fins al final.<\/p>\n<\/blockquote>\n\n\n\n<p class=\"wp-block-paragraph\">Penso que triar una bona immobili\u00e0ria, i comptar amb un servei d'organitzaci\u00f3 professional far\u00e0 que estrenar casa sigui veritablement una alegria, i puguis comen\u00e7ar la teva nova vida amb ordre i harmonia.<\/p>\n\n\n\n<p class=\"wp-block-paragraph\">Nosaltres tamb\u00e9 pensem el mateix i t'aconsellem seguir molt de prop l'Ana tant al seu canal <a href=\"https:\/\/www.youtube.com\/channel\/UCCPxHQluHmAEv4ohVraVdEw\" target=\"_blank\" rel=\"noopener\">YouTube<\/a>&nbsp;com en <a href=\"https:\/\/www.pinterest.es\/ordenyconcierto\/?eq=ana%20samper&amp;etslf=NaN\" target=\"_blank\" rel=\"noopener\">Pinterest<\/a> e <a href=\"https:\/\/www.instagram.com\/ordenyconcierto\/\" target=\"_blank\" rel=\"noopener\">Instagram<\/a>. Prontorn tornarem amb un altre post perqu\u00e8 l'Ana ens parli de l'Ordre als Armari, t'ho pots perdre!<\/p>","protected":false},"excerpt":{"rendered":"<p>Monapart Alacant entrevista l'Ana Samper, creadora de la web Orden y Con Cierto, qui ens dona les claus per a comen\u00e7ar amb bon peu el periple que per a tothom suposa canviar de llar.<\/p>","protected":false},"author":3,"featured_media":713,"comment_status":"closed","ping_status":"closed","sticky":false,"template":"","format":"standard","meta":{"_acf_changed":false,"footnotes":""},"categories":[2844,2845],"tags":[2868],"class_list":["post-712","post","type-post","status-publish","format-standard","has-post-thumbnail","hentry","category-hogar","category-mi-monapart","tag-arte"],"acf":[],"_links":{"self":[{"href":"https:\/\/www.monapart.com\/magazine\/ca\/wp-json\/wp\/v2\/posts\/712","targetHints":{"allow":["GET"]}}],"collection":[{"href":"https:\/\/www.monapart.com\/magazine\/ca\/wp-json\/wp\/v2\/posts"}],"about":[{"href":"https:\/\/www.monapart.com\/magazine\/ca\/wp-json\/wp\/v2\/types\/post"}],"author":[{"embeddable":true,"href":"https:\/\/www.monapart.com\/magazine\/ca\/wp-json\/wp\/v2\/users\/3"}],"replies":[{"embeddable":true,"href":"https:\/\/www.monapart.com\/magazine\/ca\/wp-json\/wp\/v2\/comments?post=712"}],"version-history":[{"count":6,"href":"https:\/\/www.monapart.com\/magazine\/ca\/wp-json\/wp\/v2\/posts\/712\/revisions"}],"predecessor-version":[{"id":21951,"href":"https:\/\/www.monapart.com\/magazine\/ca\/wp-json\/wp\/v2\/posts\/712\/revisions\/21951"}],"wp:featuredmedia":[{"embeddable":true,"href":"https:\/\/www.monapart.com\/magazine\/ca\/wp-json\/wp\/v2\/media\/713"}],"wp:attachment":[{"href":"https:\/\/www.monapart.com\/magazine\/ca\/wp-json\/wp\/v2\/media?parent=712"}],"wp:term":[{"taxonomy":"category","embeddable":true,"href":"https:\/\/www.monapart.com\/magazine\/ca\/wp-json\/wp\/v2\/categories?post=712"},{"taxonomy":"post_tag","embeddable":true,"href":"https:\/\/www.monapart.com\/magazine\/ca\/wp-json\/wp\/v2\/tags?post=712"}],"curies":[{"name":"wp","href":"https:\/\/api.w.org\/{rel}","templated":true}]}}