{"id":710,"date":"2017-11-22T12:35:10","date_gmt":"2017-11-22T11:35:10","guid":{"rendered":"https:\/\/www.monapart.com\/magazine\/?p=710"},"modified":"2025-06-20T17:02:27","modified_gmt":"2025-06-20T15:02:27","slug":"la-boutique-de-les-cases-sinstal%c2%b7la-al-penedes","status":"publish","type":"post","link":"https:\/\/www.monapart.com\/magazine\/ca\/noticias\/la-boutique-de-las-casas-se-instala-en-el-penedes","title":{"rendered":"La &#039;boutique&#039; de les cases s&#039;instal\u00b7la al Pened\u00e8s"},"content":{"rendered":"<h1 class=\"wp-block-heading\">La &#039;boutique&#039; de les cases s&#039;instal\u00b7la al Pened\u00e8s<\/h1>\n\n\n\n<h2 class=\"wp-block-heading\">El dimecres 21 de novembre es va publicar a la secci\u00f3 d&#039;economia del <a href=\"https:\/\/www.diaridetarragona.com\/\" target=\"_blank\" rel=\"noreferrer noopener\">Diari de Tarragona<\/a> una not\u00edcia sobre la recent obertura de l&#039;ag\u00e8ncia <a href=\"\/magazine\/ca\/node\/1487\/\">Monapart Pened\u00e8s<\/a>, dirigida pel nostre company <strong>Roberto Rambaudi<\/strong>.<\/h2>\n\n\n<div class='post-info'>22 de novembre de 2017 per <a href=\"https:\/\/www.monapart.com\/magazine\/ca\/autor\/monapart\">Monapart<\/a><\/div>\n\n\n\n<p>Compartim a continuaci\u00f3 el text \u00edntegre de la not\u00edcia:<\/p>\n\n\n\n<figure class=\"wp-block-image\"><img decoding=\"async\" src=\"https:\/\/www.monapart.com\/sites\/default\/files\/styles\/scale_960x960_\/public\/mediabrowser\/main-image.png?itok=u6cmniOb\" alt=\"La &#039;boutique&#039; de les cases s&#039;instal\u00b7la al Pened\u00e8s | Monapart \"\/><\/figure>\n\n\n\n<p>Es defineix com una boutique dels pisos. Amb delegacions a Tarragona, Barcelona, Girona, Alacant, Madrid, Palma de Mallorca i Val\u00e8ncia,<strong>&nbsp;l&#039;ag\u00e8ncia immobili\u00e0ria Monapart ha obert al Pened\u00e8s. El soci \u00e9s Roberto Rambaudi i l&#039;oficina \u00e9s a Calafell.<\/strong><\/p>\n\n\n\n<p>Monapart s&#039;ha fixat al Pened\u00e8s, ent\u00e8s com el Gran Pened\u00e8s (Alt, Baix Pened\u00e8s i Garraf), perqu\u00e8 aquesta comarca entre Barcelona i Tarragona compleix el que el client busca a Monapart. <em>\u00abUna zona tranquil\u00b7la amb paisatge i qualitat de vida per\u00f2 amb r\u00e0pides connexions amb la ciutat\u00bb.<\/em><\/p>\n\n\n\n<p>M\u00e9s enll\u00e0 de qui s&#039;ha establert els \u00faltims anys a la zona, for\u00e7ats a buscar preus m\u00e9s barats de compra i lloguer que els de Barcelona, <em>\u00abtamb\u00e9 s\u00f3n cada cop m\u00e9s els que escullen el Pened\u00e8s per les seves caracter\u00edstiques per viure tot l&#039;any\u00bb.<\/em><\/p>\n\n\n\n<p>Monapart t\u00e9 a la seva cartera&nbsp;<strong>&nbsp;<em>\u00abhabitatges macos. Amb un encant de qui busca alguna cosa m\u00e9s\u00bb<\/em><\/strong>.  Rambaudi explica que Monapart no t\u00e9 una infinita borsa de pisos i cases. De fet, tampoc ag\u00e8ncies a peu de carrer. Calculeu que la cartera pot ser de 300 productes. <em>\u00abCada ag\u00e8ncia en maneja una vintena perqu\u00e8 busquem l?atenci\u00f3 detallada\u00bb.<\/em><\/p>\n\n\n\n<p>Monapart va n\u00e9ixer fa una d\u00e8cada a Barcelona i ha tingut una r\u00e0pida expansi\u00f3 amb el concepte d&#039;oferir vivendes boniques. <em>\u00abHi ha una selecci\u00f3 de producte\u00bb<\/em>, explica Rambaudi. \u200b<em>\u00ab<\/em><em>No \u00e9s una q\u00fcesti\u00f3 de preu. \u00c9s oferir la llar on es pensa on un vol viure. I el Pened\u00e8s fa uns quants anys t\u00e9 aquesta demanda per la proximitat amb Barcelona\u00bb.<\/em><\/p>\n\n\n\n<blockquote class=\"wp-block-quote is-layout-flow wp-block-quote-is-layout-flow\">\n<p>L&#039;ag\u00e8ncia immobili\u00e0ria s&#039;est\u00e9n a un territori cobejat per viure tot l&#039;any<\/p>\n<\/blockquote>\n\n\n\n<p><em>\u00abHi ha marca Pened\u00e8s\u00bb<\/em>, assenyala el soci de Monapart. <em>\u00abPaisatge, tranquil\u00b7litat, gastronomia i bones comunicacions\u00bb<\/em>. Si durant d\u00e8cades es va associar a la segona resid\u00e8ncia, avui ja \u00e9s destinaci\u00f3 per a tot l?any. Limitar el nombre dhabitatges permet una rotaci\u00f3 \u00e0mplia. Des d&#039;un apartament al costat de la platja de Calafell en un edifici del 1967 per\u00f2 on no s&#039;ha tocat res i est\u00e0 en un estil vintage, a una casa de fusta a la urbanitzaci\u00f3 Boscos a Banyeres del Pened\u00e8s.<\/p>","protected":false},"excerpt":{"rendered":"<p>Dimecres 21 de novembre es va publicar a la secci\u00f3 d&#039;economia del Diari de Tarragona una not\u00edcia sobre la recent obertura de l&#039;ag\u00e8ncia Monapart Pened\u00e8s, dirigida pel nostre company Roberto Rambaudi.<\/p>","protected":false},"author":3,"featured_media":711,"comment_status":"closed","ping_status":"closed","sticky":false,"template":"","format":"standard","meta":{"_acf_changed":false,"footnotes":""},"categories":[2852,2853],"tags":[2905],"class_list":["post-710","post","type-post","status-publish","format-standard","has-post-thumbnail","hentry","category-noticias","category-hablan-de-nosotros","tag-prensa"],"acf":[],"_links":{"self":[{"href":"https:\/\/www.monapart.com\/magazine\/ca\/wp-json\/wp\/v2\/posts\/710","targetHints":{"allow":["GET"]}}],"collection":[{"href":"https:\/\/www.monapart.com\/magazine\/ca\/wp-json\/wp\/v2\/posts"}],"about":[{"href":"https:\/\/www.monapart.com\/magazine\/ca\/wp-json\/wp\/v2\/types\/post"}],"author":[{"embeddable":true,"href":"https:\/\/www.monapart.com\/magazine\/ca\/wp-json\/wp\/v2\/users\/3"}],"replies":[{"embeddable":true,"href":"https:\/\/www.monapart.com\/magazine\/ca\/wp-json\/wp\/v2\/comments?post=710"}],"version-history":[{"count":3,"href":"https:\/\/www.monapart.com\/magazine\/ca\/wp-json\/wp\/v2\/posts\/710\/revisions"}],"predecessor-version":[{"id":16625,"href":"https:\/\/www.monapart.com\/magazine\/ca\/wp-json\/wp\/v2\/posts\/710\/revisions\/16625"}],"wp:featuredmedia":[{"embeddable":true,"href":"https:\/\/www.monapart.com\/magazine\/ca\/wp-json\/wp\/v2\/media\/711"}],"wp:attachment":[{"href":"https:\/\/www.monapart.com\/magazine\/ca\/wp-json\/wp\/v2\/media?parent=710"}],"wp:term":[{"taxonomy":"category","embeddable":true,"href":"https:\/\/www.monapart.com\/magazine\/ca\/wp-json\/wp\/v2\/categories?post=710"},{"taxonomy":"post_tag","embeddable":true,"href":"https:\/\/www.monapart.com\/magazine\/ca\/wp-json\/wp\/v2\/tags?post=710"}],"curies":[{"name":"wp","href":"https:\/\/api.w.org\/{rel}","templated":true}]}}