{"id":696,"date":"2017-10-20T16:08:13","date_gmt":"2017-10-20T14:08:13","guid":{"rendered":"https:\/\/www.monapart.com\/magazine\/?p=696"},"modified":"2025-05-09T12:30:28","modified_gmt":"2025-05-09T10:30:28","slug":"el-client-al-centre-de-lestrategia-de-marqueting","status":"publish","type":"post","link":"https:\/\/www.monapart.com\/magazine\/ca\/gente-real\/formacion-inmobiliaria\/el-cliente-en-el-centro-de-la-estrategia-de-marketing","title":{"rendered":"El client al centre de lestrat\u00e8gia de m\u00e0rqueting"},"content":{"rendered":"<h1 class=\"wp-block-heading\">El client al centre de lestrat\u00e8gia de m\u00e0rqueting<\/h1>\n\n\n\n<h2 class=\"wp-block-heading\">Per Monapart, posar el client al centre de l&#039;estrat\u00e8gia de m\u00e0rqueting passa per tres grans passos: con\u00e8ixer-lo b\u00e9, crear vincles a trav\u00e9s dels valors i mantenir viva la conversa. <\/h2>\n\n\n<div class='post-info'>20 d&#039;octubre del 2017 per <a href='https:\/\/www.monapart.com\/magazine\/ca\/autor\/monapart'>Monapart<\/a><\/div>\n\n\n\n<p>Dijous passat 5 d&#039;octubre, l&#039;auditori de la Fundaci\u00f3 Giner de los R\u00edos a Madrid, va ser el punt de trobada per a la&nbsp;<a href=\"http:\/\/blogprofesional.fotocasa.es\/fotocasa-real-estate-conference-2017-punto-encuentro-del-sector-profesional\/\" target=\"_blank\" rel=\"noreferrer noopener\"><strong>Fotocasa Real Estate Conference 2017<\/strong><\/a>, que va reunir&nbsp;<strong>m\u00e9s de 200 professionals del sector immobiliari i del m\u00e0rqueting<\/strong>, disposats a desxifrar les&nbsp;<strong>claus del mercat immobiliari<\/strong>&nbsp;actual i dels reptes a qu\u00e8 s&#039;enfronta, encara amb l&#039;allargada ombra de la bombolla de fa alguns anys a la ment de molts.<\/p>\n\n\n\n<p>Pon\u00e8ncies de&nbsp;<strong>Gonzalo Bernardos&nbsp;<\/strong>(<a href=\"https:\/\/twitter.com\/GonBernardos\" target=\"_blank\" rel=\"noreferrer noopener\">@GonBernardos<\/a>), professor d&#039;economia de la Universitat de Barcelona, i de&nbsp;<strong>Isaac Hern\u00e1ndez&nbsp;<\/strong>(<a href=\"https:\/\/twitter.com\/IsaacHernandezV\" target=\"_blank\" rel=\"noreferrer noopener\">@IsaacHernandezV<\/a>), director general de Google for Work Espanya i Portugal, van donar pas a una posterior taula de debat en qu\u00e8 vaig tenir el plaer de participar juntament amb&nbsp;<strong>David Soler&nbsp;<\/strong>(<a href=\"https:\/\/twitter.com\/dsoler\" target=\"_blank\" rel=\"noreferrer noopener\">@dsoler<\/a>) (assessor d&#039;eMarketing i eBusiness i Director del Postgrau en M\u00e0rqueting Digital a EADA) i&nbsp;<strong>Sergio Marcos<\/strong>&nbsp;(<a href=\"https:\/\/twitter.com\/fotocasaacademy\" target=\"_blank\" rel=\"noreferrer noopener\">@fotocasaacademy<\/a>) (director de formaci\u00f3 de Fotocasa Academy).<\/p>\n\n\n\n<figure class=\"wp-block-image\"><img decoding=\"async\" src=\"https:\/\/www.monapart.com\/sites\/default\/files\/styles\/scale_960x960_\/public\/mediabrowser\/02-universidad-monapart-cliente-centro-estrategia.jpg?itok=NkGTolgM\" alt=\"El client al centre de l&#039;estrat\u00e8gia de m\u00e0rqueting | Monapart \"\/><\/figure>\n\n\n\n<p>La taula de debat, moderada per la presentadora d&#039;Antena 3 M\u00f3nica Carrillo (<a href=\"https:\/\/twitter.com\/MonicaCarrillo\" target=\"_blank\" rel=\"noreferrer noopener\">@MonicaCarrillo<\/a>) va abordar, entre altres coses, la import\u00e0ncia de situar&nbsp;<strong>el client al centre de lestrat\u00e8gia de m\u00e0rqueting.&nbsp;<\/strong>B\u00e9, qu\u00e8 significa aix\u00f2 per a Monapart i com ho portem a la pr\u00e0ctica?<\/p>\n\n\n\n<figure class=\"wp-block-image\"><img decoding=\"async\" src=\"https:\/\/www.monapart.com\/sites\/default\/files\/styles\/scale_960x960_\/public\/mediabrowser\/03-universidad-monapart-cliente-centro-estrategia.jpg?itok=Jzb5FR6g\" alt=\"El client al centre de l&#039;estrat\u00e8gia de m\u00e0rqueting | Monapart \"\/><\/figure>\n\n\n\n<p>Monapart va n\u00e9ixer el 2010 precisament d&#039;aquesta inquietud:\u00a0<strong>l&#039;enfocament radical a vendes del sector immobiliari tradicional<\/strong>. Quan revisem el\u00a0<em>customer journey\u00a0<\/em>en un proc\u00e9s de compravenda, ens vam adonar que tots els punts de contacte amb el client estaven guiats \u00fanicament pel mateix esperit: tancar l?operaci\u00f3. La relaci\u00f3 amb el client se supeditava a la durada del servei, els outputs comunicatius giraven \u00fanicament entorn del \u00abproducte immobiliari\u00bb i la interpel\u00b7laci\u00f3 al client era freda, amb paraules corporatius ja desgastats, molt poc seductora i sobretot, ning\u00fa defensava una proposta de valor diferent m\u00e9s enll\u00e0 del cl\u00e0ssic binomi ag\u00e8ncies immobili\u00e0ries de lu. <\/p>\n\n\n\n<p>Vam entendre perqu\u00e8 el mercat veia les ag\u00e8ncies immobili\u00e0ries com un \u00abmal necessari\u00bb i vam decidir prendre posicions fundant una ag\u00e8ncia immobili\u00e0ria de n\u00ednxol especialitzada en habitatges amb encant, adre\u00e7ada a persones com nosaltres, \u00f2rfenes d&#039;ag\u00e8ncia immobili\u00e0ria que els parl\u00e9s de tu a tu, conscient que la venda d&#039;una casa \u00e9s una de les transaccions m\u00e9s importants. Una ag\u00e8ncia que a m\u00e9s de parlar de pisos aliment\u00e9s la conversa parlant de moltes altres coses\u2026 a trav\u00e9s d&#039;un llenguatge fresc, c\u00f2mplice, desenfadat i sempre amb un punt de pebre. I sobretot, vam entendre que\u00a0<strong>sovint, situar el client al centre de l&#039;estret\u00e0gia, de vegades implica dir-li que no.<\/strong><\/p>\n\n\n\n<blockquote class=\"wp-block-quote is-layout-flow wp-block-quote-is-layout-flow\">\n<p><em>Monapart \u00e9s considerada l&#039;\u00fanica ag\u00e8ncia immobili\u00e0ria amb f\u00e3s.<\/em><\/p>\n<\/blockquote>\n\n\n\n<p>Han passat set anys i el sector immobiliari ha patit enormes canvis, per\u00f2 ens agrada pensar, i aix\u00ed ens ho corroboren nombrosos professionals de dins i fora del sector, que la proposta diferencial de Monapart va marcar nous est\u00e0ndards i que avui dia, Monapart \u00e9s considerada l&#039;\u00fanica ag\u00e8ncia immobili\u00e0ria amb fans. Fins aqu\u00ed el punt de partida, per\u00f2\u2026 com passar a un&nbsp;<strong>customer-centric m\u00e0rqueting<\/strong>? Jo ho resumiria en aquests tres passos, consecutius i imprescindibles:<\/p>\n\n\n\n<p>* Primer, CONEIX B\u00c9 AL TEU CLIENT. Qui \u00e9s? Per on es mou? Quins h\u00e0bits de consum t\u00e9? Qu\u00e8 us interessa? Qu\u00e8 necessita? Com ho necessita i quan?, etc.&nbsp;<strong>Una an\u00e0lisi profunda del teu client \u00e9s imprescindible per saber com aportar-li valor.<\/strong><\/p>\n\n\n\n<figure class=\"wp-block-image\"><img decoding=\"async\" src=\"https:\/\/magazine.monapart.com\/sites\/default\/files\/mediabrowser\/04-universidad-monapart-cliente-centro-estrategia.png\" alt=\"El client al centre de l&#039;estrat\u00e8gia de m\u00e0rqueting | Monapart \"\/><\/figure>\n\n\n\n<p>Em segueix sorprenent la quantitat de material publicitari al sector immobiliari en qu\u00e8 \u00e9s impossible determinar a qui va dirigit el missatge. \u00c9s una ag\u00e8ncia del comprador o una ag\u00e8ncia del venedor? I si \u00e9s una ag\u00e8ncia del comprador, com \u00e9s possible que al mateix flyer s&#039;anunci\u00ef una casa de luxe a segona resid\u00e8ncia al costat de pisos de lloguer a zona metropolitana?&nbsp;<strong>L\u00b4estrat\u00e8gia \u00e9s l\u00b4art de la ren\u00fancia.<\/strong><\/p>\n\n\n\n<blockquote class=\"wp-block-quote is-layout-flow wp-block-quote-is-layout-flow\">\n<p>Una an\u00e0lisi profunda del teu client \u00e9s imprescindible per saber com aportar-li valor.<\/p>\n<\/blockquote>\n\n\n\n<p>* Segon, CONNECTA AMB EL TEU CLIENT.&nbsp;<strong>L&#039;enlla\u00e7 m\u00e9s poder\u00f3s que podeu crear amb els vostres clients \u00e9s compartint valors.<\/strong>&nbsp;I sovint, aquests s\u00f3n vehiculats a trav\u00e9s de termes desgastats i buits com a \u201cexclusivitat\u201d, \u201ctracte professional\u201d, \u201cexcel\u00b7l\u00e8ncia al servei\u201d\u2026 Nosaltres mateixos, com a potencials clients d&#039;altres empreses, qu\u00e8 sentim quan veiem aquests d\u00edptics on sempre se&#039;ns diu el mateix a trav\u00e9s d&#039;un llenguatge molt corporatiu? Poc seductor, no? I a m\u00e9s, sempre se&#039;ns explica el mateix! Tants metres quadrats, tantes habitacions, aquest preu, zzzzz.&nbsp;<strong>Al sector immobiliari en general persisteixen els mon\u00f2legs i \u00e9s important entendre que si monopolitzem la conversa, no \u00e9s conversa.<\/strong><\/p>\n\n\n\n<p>A l&#039;altre extrem, trobem empreses que a trav\u00e9s del&nbsp;<em>storytelling<\/em>&nbsp;es presenten al m\u00f3n a trav\u00e9s de les hist\u00f2ries personals dels seus fundadors, compartint la seva visi\u00f3 amb un to proper i sincer, explicant qu\u00e8 els va portar a dedicar-s&#039;hi, qu\u00e8 els aixeca del llit cada mat\u00ed\u2026 Un bon exemple \u00e9s aquest v\u00eddeo de la famosa marca de gelat nord-americana Ben &amp; Jerry&#039;s:<\/p>\n\n\n\n<figure class=\"wp-block-embed is-type-video is-provider-youtube wp-block-embed-youtube wp-embed-aspect-16-9 wp-has-aspect-ratio\"><div class=\"wp-block-embed__wrapper\">\n<iframe loading=\"lazy\" title=\"Peace, Love &amp; Ice Cream | Ben &amp; Jerry&#039;s\" width=\"500\" height=\"281\" src=\"https:\/\/www.youtube.com\/embed\/C8EDzsiN0tk?feature=oembed\" frameborder=\"0\" allow=\"accelerometer; autoplay; clipboard-write; encrypted-media; gyroscope; picture-in-picture; web-share\" referrerpolicy=\"strict-origin-when-cross-origin\" allowfullscreen><\/iframe>\n<\/div><\/figure>\n\n\n\n<p>I el mateix es pot aplicar a la comunicaci\u00f3 de producte. Hi ha un exemple que m&#039;encanta com \u00e9s de clar: Steve Jobs no va explicar l&#039;iPod d&#039;Apple compartint les seves caracter\u00edstiques f\u00edsiques (perqu\u00e8 s\u00f3n a Google a cop de clic), sin\u00f3&nbsp;<em>\u201cimagina&#039;t portant tota la m\u00fasica del m\u00f3n a la butxaca mentre passeges una tarda de primavera\u2026\u201d<\/em>&nbsp;Diferent, no? \u00c9s aix\u00ed com aconseguirem connectar amb els nostres clients, de tu a tu. No desaprofitem l&#039;oportunitat que ens brinda la seva atenci\u00f3 a informar-lo, sin\u00f3 a seduir-lo.<\/p>\n\n\n\n<blockquote class=\"wp-block-quote is-layout-flow wp-block-quote-is-layout-flow\">\n<p>La informaci\u00f3 tangible \u00e9s a Google. Per\u00f2 el patrimoni de l&#039;enlla\u00e7 amb el client continua sent de les marques.<\/p>\n<\/blockquote>\n\n\n\n<p>* Tercer, CULTIVA LA RELACI\u00d3 AMB EL TEU CLIENT. Tradicionalment i com ja he apuntat al principi, la relaci\u00f3 amb el client es limitava a la durada del servei. Ell entrava per la porta, ens donava un pis per vendre, trob\u00e0vem comprador, es venia i se signava davant de notari. Fi de la hist\u00f2ria. Per\u00f2&nbsp;<strong>el canvi de paradigma propiciat per la transformaci\u00f3 digital ha fet que com a consumidors h\u00e0gim&nbsp;<\/strong><strong>passat de comprar productes o serveis, a comprar experi\u00e8ncies.<\/strong>&nbsp;I la tecnologia est\u00e0 precisament per substituir-nos i automatitzar totes aquelles tasques que aporten poc valor perqu\u00e8 ens puguem centrar en les tasques d&#039;alt valor, aquelles que alimenten aquesta experi\u00e8ncia i fidelitzen el client cuidant la relaci\u00f3 amb ell.<\/p>\n\n\n\n<figure class=\"wp-block-image\"><img decoding=\"async\" src=\"https:\/\/magazine.monapart.com\/sites\/default\/files\/mediabrowser\/05-universidad-monapart-cliente-centro-estrategia.jpg\" alt=\"El client al centre de l&#039;estrat\u00e8gia de m\u00e0rqueting | Monapart \"\/><\/figure>\n\n\n\n<p>I com es cuida la relaci\u00f3 amb el client? Per a Monapart ha estat relativament f\u00e0cil: tractant-lo com ens agradaria que ens tractessin a nosaltres. Ell \u00e9s nosaltres. Volem que ens parlin nom\u00e9s de \u201cproducte immobiliari\u201d? No. Entenem el que vol dir \u00abtracte exclusiu\u00bb? No. Ens sedueix el llenguatge corporatiu? No. Ens creiem t\u00f2pics com a \u00abideal parelles\u00bb o \u00abper entrar a viure\u00bb? No. Creiem que l&#039;hem de buscar per on es mou i no esperar que vingui? S\u00ed. Som conscients que no parlem de metres quadrats sin\u00f3 de llars? S\u00ed. Som conscients que hem d&#039;estar a l&#039;al\u00e7ada de la responsabilitat que suposa acompanyar-lo en la decisi\u00f3 econ\u00f2mica m\u00e9s important de la seva vida? Rotundament s\u00ed.<\/p>\n\n\n\n<blockquote class=\"wp-block-quote is-layout-flow wp-block-quote-is-layout-flow\">\n<p>Els clients satisfets s\u00f3n el millor actiu de la teva empresa.<\/p>\n<\/blockquote>\n\n\n\n<p>B\u00e9, coneixem el nostre client, compartim amb ell valors\u2026 I per qu\u00e8 tants esfor\u00e7os a prolongar la relaci\u00f3 amb ell? Perqu\u00e8 ens tingui presents i afavorir aix\u00ed la seva prescripci\u00f3, una cosa especialment important al sector immobiliari, on la repetici\u00f3 \u00e9s poc freq\u00fcent, tal com ja vaig explicar en un altre post:&nbsp;<a href=\"https:\/\/www.linkedin.com\/pulse\/en-el-sector-inmobiliario-viaje-del-cliente-es-s%C3%B3lo-sala-villagrasa\/\" target=\"_blank\" rel=\"noreferrer noopener\">\u00abAl sector immobiliari, el viatge del client \u00e9s nom\u00e9s d&#039;anada\u00bb.<\/a><\/p>\n\n\n\n<figure class=\"wp-block-image\"><img decoding=\"async\" src=\"https:\/\/magazine.monapart.com\/sites\/default\/files\/mediabrowser\/06-universidad-monapart-cliente-centro-estrategia.png\" alt=\"El client al centre de l&#039;estrat\u00e8gia de m\u00e0rqueting | Monapart \"\/><\/figure>\n\n\n\n<p>Aquest \u00e9s un resum de la meva intervenci\u00f3 a la taula de detabe sobre el&nbsp;<em>customer-centric<\/em>&nbsp;m\u00e0rqueting dins del marc de la <a href=\"\/magazine\/ca\/node\/1658\/\" target=\"_blank\" rel=\"noreferrer noopener\">Fotocasa Real Estate Conference 2017<\/a>. Espero que t&#039;hagi resultat \u00fatil i no et tallis a compartir les teves opinions amb mi. L&#039;aprenentatge \u00e9s constant i si \u00e9s junts, molt millor!<\/p>","protected":false},"excerpt":{"rendered":"<p>El passat dijous 5 d&#039;octubre, l&#039;auditori de la Fundaci\u00f3 Giner dels R\u00edos a Madrid, va ser el punt de trobada per a la Fotocasa Real Estate Conference 2017, que va reunir m\u00e9s de 200 professionals del sector immobiliari i del m\u00e0rqueting, disposats a desxifrar les claus del mercat immobiliari actual i dels reptes a qu\u00e8 s&#039;enfronta, encara amb la de de molts.<\/p>","protected":false},"author":3,"featured_media":697,"comment_status":"closed","ping_status":"closed","sticky":false,"template":"","format":"standard","meta":{"_acf_changed":false,"footnotes":""},"categories":[2850,2849],"tags":[2877],"class_list":["post-696","post","type-post","status-publish","format-standard","has-post-thumbnail","hentry","category-formacion-inmobiliaria","category-gente-real","tag-marketing"],"acf":[],"_links":{"self":[{"href":"https:\/\/www.monapart.com\/magazine\/ca\/wp-json\/wp\/v2\/posts\/696","targetHints":{"allow":["GET"]}}],"collection":[{"href":"https:\/\/www.monapart.com\/magazine\/ca\/wp-json\/wp\/v2\/posts"}],"about":[{"href":"https:\/\/www.monapart.com\/magazine\/ca\/wp-json\/wp\/v2\/types\/post"}],"author":[{"embeddable":true,"href":"https:\/\/www.monapart.com\/magazine\/ca\/wp-json\/wp\/v2\/users\/3"}],"replies":[{"embeddable":true,"href":"https:\/\/www.monapart.com\/magazine\/ca\/wp-json\/wp\/v2\/comments?post=696"}],"version-history":[{"count":2,"href":"https:\/\/www.monapart.com\/magazine\/ca\/wp-json\/wp\/v2\/posts\/696\/revisions"}],"predecessor-version":[{"id":16632,"href":"https:\/\/www.monapart.com\/magazine\/ca\/wp-json\/wp\/v2\/posts\/696\/revisions\/16632"}],"wp:featuredmedia":[{"embeddable":true,"href":"https:\/\/www.monapart.com\/magazine\/ca\/wp-json\/wp\/v2\/media\/697"}],"wp:attachment":[{"href":"https:\/\/www.monapart.com\/magazine\/ca\/wp-json\/wp\/v2\/media?parent=696"}],"wp:term":[{"taxonomy":"category","embeddable":true,"href":"https:\/\/www.monapart.com\/magazine\/ca\/wp-json\/wp\/v2\/categories?post=696"},{"taxonomy":"post_tag","embeddable":true,"href":"https:\/\/www.monapart.com\/magazine\/ca\/wp-json\/wp\/v2\/tags?post=696"}],"curies":[{"name":"wp","href":"https:\/\/api.w.org\/{rel}","templated":true}]}}