{"id":678,"date":"2017-07-28T11:46:07","date_gmt":"2017-07-28T09:46:07","guid":{"rendered":"https:\/\/www.monapart.com\/magazine\/?p=678"},"modified":"2025-05-14T10:42:53","modified_gmt":"2025-05-14T08:42:53","slug":"larquitectura-dautor-i-el-seu-impacte-al-sector-immobiliari","status":"publish","type":"post","link":"https:\/\/www.monapart.com\/magazine\/ca\/gente-real\/la-arquitectura-de-autor-y-su-impacto-en-el-sector-inmobiliario","title":{"rendered":"L&#039;arquitectura d&#039;autor i el seu impacte al sector immobiliari"},"content":{"rendered":"<h1 class=\"wp-block-heading\">L&#039;arquitectura d&#039;autor i el seu impacte al sector immobiliari<\/h1>\n\n\n\n<h2 class=\"wp-block-heading\">A nivell general, es pot dir que la m\u00e0 de l&#039;arquitecte t\u00e9 efecte directe en el disseny i la millora de les qualitats d&#039;un immoble. Per\u00f2, quant m\u00e9s val un pis amb pedigr\u00ed? Per descobrir-ho, primer hem d&#039;esbrinar quins en tenen i quins no.<\/h2>\n\n\n<div class='post-info'>28 de juliol de 2017 per <a href='https:\/\/www.monapart.com\/magazine\/ca\/autor\/monapart'>Monapart<\/a><\/div>\n\n\n\n<h5 class=\"wp-block-heading has-medium-font-size\"><strong>Qu\u00e8 \u00e9s larquitectura dautor?<\/strong><\/h5>\n\n\n\n<p>La meva hip\u00f2tesi \u00e9s que al mercat immobiliari un comprador est\u00e0 disposat a pagar un preu superior per un immoble pel simple fet que hagi estat projectat per un arquitecte determinat. Segons el prestigi de l&#039;arquitecte, aquests preus augmenten el valor de mercat de l&#039;habitatge.<\/p>\n\n\n\n<blockquote class=\"wp-block-quote is-layout-flow wp-block-quote-is-layout-flow\">\n<p>S&#039;ent\u00e9n per arquitectura d&#039;autor aquella projectada per arquitectes o despatxos d&#039;arquitectes amb bagatge i reconeixement determinats.<\/p>\n<\/blockquote>\n\n\n\n<p>Actualment el concepte \u201cd&#039;autor\u201d s&#039;ha lligat al fenomen dels coneguts com <em>arquitectes estrella<\/em>, professionals recurrents en projectes majestuosos d&#039;alta implicaci\u00f3 urbana, on el disseny \u00e9s el <em>leitmotiv<\/em>.<\/p>\n\n\n\n<figure class=\"wp-block-image\"><img decoding=\"async\" src=\"https:\/\/www.monapart.com\/sites\/default\/files\/styles\/scale_960x960_\/public\/mediabrowser\/arquitectura_de_autor_y_su_impacto_en_el_sector_inmobiliario.jpg?itok=7XbbQh8H\" alt=\"L&#039;arquitectura d&#039;autor i el seu impacte al sector immobiliari | \"\/><\/figure>\n\n\n\n<h5 class=\"wp-block-heading has-medium-font-size\"><strong>Quants tipus d&#039;arquitectura d&#039;autor hi ha?<\/strong><\/h5>\n\n\n\n<p>Partim que es tracta dedificis dhabitatge amb un conjunt de qualitats que fan que siguin summament atractius visualment. Normalment aquestes finques pertanyen a arquitectes consolidats que amb la seva bona feina aporten valor afegit. A Barcelona trobem exemples a totes les \u00e8poques glorioses de l&#039;arquitectura local: el Modernisme, el Moviment Modern, l&#039;arquitectura m\u00e9s subversiva i ut\u00f2pica dels anys seixanta i setanta, tots els exemples constru\u00efts de la famosa generaci\u00f3 dels 80 que van ser els art\u00edfexs dels experiments en mat\u00e8ria residencial de la ciutat ol\u00edmpica i alguns.<\/p>\n\n\n\n<p>Si intentem classificar aquestes arquitectures ho podem fer en quatre grans grups:<\/p>\n\n\n\n<p><strong>1.- <u>Finques cl\u00e0ssiques o regies<\/u><\/strong> (important distingir <a href=\"\/magazine\/ca\/node\/846\/\" target=\"_blank\" rel=\"noreferrer noopener\">qu\u00e8 \u00e9s una finca r\u00e8gia i qu\u00e8 no ho \u00e9s<\/a>). Arquitectures de generacions passades. Tot i que molts dels seus autors siguin desconeguts, compten amb el valor afegit de l&#039;exclusivitat. Engloba des de Jujol un mestre d&#039;obres desconegut amb bon gust.<\/p>\n\n\n\n<figure class=\"wp-block-image\"><img decoding=\"async\" src=\"https:\/\/www.monapart.com\/sites\/default\/files\/styles\/scale_960x960_\/public\/mediabrowser\/finca_regia_en_barcelona.jpg?itok=72OY1BOV\" alt=\"Finca r\u00e8gia a Barcelona | Monapart \"\/><\/figure>\n\n\n\n<p><strong>2.- <\/strong><strong>Edificis amb un car\u00e0cter m\u00e9s seriat, realitzades per grans promotores amb bagatge a la construcci\u00f3<\/strong>. A la majoria, el nom de la promotora est\u00e0 per sobre del nom de l&#039;arquitecte. Aquests tipus d&#039;immobles garanteixen qualitats i confort de gamma mitjana alta i, per tant, sumen valor en forma de seguretat.<\/p>\n\n\n\n<p><strong>3.-&nbsp;<\/strong><strong>Promocions a\u00efllades en qu\u00e8 es va trobar un bon equilibri en el triangle promotor-arquitecte-client<\/strong>. El valor es troba a l&#039;afecte i l&#039;orgull de marca.<br>Habitatges d&#039;obra p\u00fablica, que des de la limitaci\u00f3 de recursos econ\u00f2mics fan bandera del seu valor experimental m\u00e9s gran.<\/p>\n\n\n\n<h5 class=\"wp-block-heading has-medium-font-size\">&nbsp;<strong>Qu\u00e8 no \u00e9s arquitectura dautor?<\/strong><\/h5>\n\n\n\n<p>Assumirem aqu\u00ed que es tracta d&#039;arquitectures an\u00f2nimes sense cap m\u00e9s intenci\u00f3 que servir els interessos empresarials d&#039;una empresa promotora, ja sigui p\u00fablica o privada i que, per descomptat, suposen la gran majoria de les finques. A Barcelona, el gruix d&#039;aquestes es construeixen durant els fluxos migratoris que pateix la ciutat, \u00e9s a dir, dels anys 40 als 70 per\u00edodes de conservacionisme econ\u00f2mic.<\/p>\n\n\n\n<figure class=\"wp-block-image\"><img decoding=\"async\" src=\"https:\/\/www.monapart.com\/sites\/default\/files\/styles\/scale_960x960_\/public\/mediabrowser\/evolucion_demografica_en_barcelona.jpg?itok=-6XAtfQH\" alt=\"Evoluci\u00f3 demogr\u00e0fica a Barcelona | \"\/><\/figure>\n\n\n\n<h5 class=\"wp-block-heading has-medium-font-size\"><strong>\u00bf Quin valor aporta l&#039;arquitectura d&#039;autor al sector immobiliari?<\/strong><\/h5>\n\n\n\n<p>En realitat, per con\u00e8ixer el valor afegit de l&#039;arquitectura al sector immobiliari hem de fer l&#039;exercici imaginari de pujar al ring dues finques de caracter\u00edstiques similars. Perqu\u00e8 la lluita sigui en igualtat de condicions, les seves caracter\u00edstiques han de ser id\u00e8ntiques, com estar localitzades al mateix carrer, proximitat al transport p\u00fablic, que tinguin ascensor o no, serveis comunitaris, la incid\u00e8ncia solar que reben, el soroll, les qualitats i per descomptat la seva distribuci\u00f3. Aix\u00f2 \u00e9s molt dif\u00edcil\u2026<\/p>\n\n\n\n<p>Per aix\u00f2, i tot i veure cada vegada m\u00e9s clar que con\u00e8ixer l&#039;impacte de l&#039;arquitectura d&#039;autor al sector immobiliari \u00e9s dif\u00edcil de concretar, em llan\u00e7ar\u00e9 a la piscina: Segons la tesi doctoral <em>L&#039;impacte de l&#039;arquitectura d&#039;autor sobre els valors immobiliaris<\/em> de <a href=\"https:\/\/www.linkedin.com\/in\/%C3%A0xel-legares-sierra-7a3235a0\/?ppe=1\" target=\"_blank\" rel=\"noreferrer noopener\">\u00c0xel Legares<\/a>, l&#039;etiqueta \u201cd&#039;autor\u201d en un habitatge en venda pot incrementar el preu un 10%, i al mercat de lloguers pot arribar fins i tot a pujar 5 punts. En aquest estudi, tamb\u00e9 es confirma que en productes de preu baix o mitj\u00e0 la difer\u00e8ncia \u00e9s m\u00e9s petita, mentre que en pisos amb car\u00e0cter de luxe el seu valor creix exponencialment.<\/p>\n\n\n\n<figure class=\"wp-block-image\"><img decoding=\"async\" src=\"https:\/\/www.monapart.com\/sites\/default\/files\/styles\/scale_960x960_\/public\/mediabrowser\/la_arquitectura_de_autor_y_el_valor_de_las_viviendas.jpg?itok=5vesOGfz\" alt=\"L&#039;arquitectura d&#039;autor i el seu impacte al sector immobiliari | Monapart \"\/><\/figure>\n\n\n\n<h5 class=\"wp-block-heading has-medium-font-size\"><strong>Haur\u00edeu de comprar un pis amb arquitectura d&#039;autor?<\/strong><\/h5>\n\n\n\n<p>Si est\u00e0s pensant a comprar un habitatge, optar per un amb nom i cognom sigui segurament una decisi\u00f3 s\u00e0via. Tot i aix\u00f2, hauries de tenir en compte els factors seg\u00fcents que afectaran tant comprador com venedor d&#039;un habitatge amb pedigr\u00ed:<\/p>\n\n\n\n<h5 class=\"wp-block-heading has-medium-font-size\"><strong>AVANTATGES:<\/strong><\/h5>\n\n\n\n<ul class=\"wp-block-list\">\n<li>Composici\u00f3 i riquesa espacial, com dobles i triples al\u00e7ades, connexions visuals, l\u00ednies que s&#039;allunyen de l&#039;angle recte, tamisat de la llum\u2026<\/li>\n\n\n\n<li>Idone\u00eftat dels materials, durada i manteniment.<\/li>\n\n\n\n<li>Sostenibilitat i efici\u00e8ncia de les instal\u00b7lacions i sistemes passius, la qual cosa comportar\u00e0 un estalvi substancial al llarg del temps.<\/li>\n\n\n\n<li>Est\u00e8tica i moda. Tot i que \u00e9s subjectiu i molt personal, est\u00e0 lligat a l&#039;exclusivitat del producte, per tant, un valor a l&#039;al\u00e7a.<\/li>\n\n\n\n<li>Prestigi o popularitat, segurament el component que m\u00e9s afecta la seva valoraci\u00f3.<\/li>\n<\/ul>\n\n\n\n<h5 class=\"wp-block-heading has-medium-font-size\"><strong>DESAVANTATGES:<\/strong><\/h5>\n\n\n\n<ul class=\"wp-block-list\">\n<li>Despeses de comunitat elevades. Habitualment, aquestes finques contemplen generosos espais comunitaris i fins i tot personal seguretat o porter.<\/li>\n\n\n\n<li>En el cas de voler fer reformes o millores a la finca, cal saber que hi ha limitacions i temps d&#039;espera de llic\u00e8ncies m\u00e9s llargs perqu\u00e8 acostumen a ser espais protegits per catalogaci\u00f3.<\/li>\n\n\n\n<li>Hordes de turistes armats c\u00e0mera en m\u00e0 desitjosos de prendre #archipics sense importar-los la privadesa dels ve\u00efns.<\/li>\n\n\n\n<li>En el pitjor dels casos, si casa teva es considera una obra mestra, \u00e9s possible que els teus hereus no hi puguin viure i es converteixi en una casa-museu. Evidentment, hi ha excepcions, recordem la pol\u00e8mica que es va aixecar fa poc l&#039;enderrocament de la casa Guzm\u00e1n, d&#039;Alexandre de la Sota.<\/li>\n<\/ul>\n\n\n\n<p>Espero que aquests consells us siguin \u00fatils si esteu pensant en comprar o vendre un habitatge amb un encant especial en el seu disseny. Si vols veure&#039;n una bona mostra, no deixis de visitar la nostra secci\u00f3 <a href=\"https:\/\/www.monapart.com\/es\/magazine\/escaparate-domestico\" target=\"_blank\" rel=\"noreferrer noopener\">Aparador dom\u00e8stic<\/a> de la web. &nbsp;<\/p>\n\n\n\n<p>Quant m\u00e9s val un pis amb pedigr\u00ed? En aquest post analitzem qu\u00e8 \u00e9s larquitectura dautor i com impacta en el sector immobiliari. Q\u00fcestions importants si t&#039;est\u00e0s plantejant la compra d&#039;un habitatge amb nom i cognom.<\/p>","protected":false},"excerpt":{"rendered":"<p>A nivell general, es pot dir que la m\u00e0 de l&#039;arquitecte t\u00e9 efecte directe en el disseny i la millora de les qualitats d&#039;un immoble. Per\u00f2, quant m\u00e9s val un pis amb pedigr\u00ed? Per descobrir-ho, primer hem d&#039;esbrinar quins en tenen i quins no.<\/p>","protected":false},"author":3,"featured_media":679,"comment_status":"closed","ping_status":"closed","sticky":false,"template":"","format":"standard","meta":{"_acf_changed":false,"footnotes":""},"categories":[2849,2850],"tags":[2885],"class_list":["post-678","post","type-post","status-publish","format-standard","has-post-thumbnail","hentry","category-gente-real","category-formacion-inmobiliaria","tag-arquitectura"],"acf":[],"_links":{"self":[{"href":"https:\/\/www.monapart.com\/magazine\/ca\/wp-json\/wp\/v2\/posts\/678","targetHints":{"allow":["GET"]}}],"collection":[{"href":"https:\/\/www.monapart.com\/magazine\/ca\/wp-json\/wp\/v2\/posts"}],"about":[{"href":"https:\/\/www.monapart.com\/magazine\/ca\/wp-json\/wp\/v2\/types\/post"}],"author":[{"embeddable":true,"href":"https:\/\/www.monapart.com\/magazine\/ca\/wp-json\/wp\/v2\/users\/3"}],"replies":[{"embeddable":true,"href":"https:\/\/www.monapart.com\/magazine\/ca\/wp-json\/wp\/v2\/comments?post=678"}],"version-history":[{"count":2,"href":"https:\/\/www.monapart.com\/magazine\/ca\/wp-json\/wp\/v2\/posts\/678\/revisions"}],"predecessor-version":[{"id":16671,"href":"https:\/\/www.monapart.com\/magazine\/ca\/wp-json\/wp\/v2\/posts\/678\/revisions\/16671"}],"wp:featuredmedia":[{"embeddable":true,"href":"https:\/\/www.monapart.com\/magazine\/ca\/wp-json\/wp\/v2\/media\/679"}],"wp:attachment":[{"href":"https:\/\/www.monapart.com\/magazine\/ca\/wp-json\/wp\/v2\/media?parent=678"}],"wp:term":[{"taxonomy":"category","embeddable":true,"href":"https:\/\/www.monapart.com\/magazine\/ca\/wp-json\/wp\/v2\/categories?post=678"},{"taxonomy":"post_tag","embeddable":true,"href":"https:\/\/www.monapart.com\/magazine\/ca\/wp-json\/wp\/v2\/tags?post=678"}],"curies":[{"name":"wp","href":"https:\/\/api.w.org\/{rel}","templated":true}]}}