{"id":672,"date":"2017-08-05T16:17:33","date_gmt":"2017-08-05T14:17:33","guid":{"rendered":"https:\/\/www.monapart.com\/magazine\/?p=672"},"modified":"2025-10-10T13:25:47","modified_gmt":"2025-10-10T11:25:47","slug":"de-botigues-per-alacant-amb-el-decorador-colom-amo","status":"publish","type":"post","link":"https:\/\/www.monapart.com\/magazine\/ca\/hogar\/de-tiendas-por-alicante-con-la-decoradora-paloma-amo","title":{"rendered":"De botigues per Alacant amb la decoradora Paloma Amo"},"content":{"rendered":"<h1 class=\"wp-block-heading\">De botigues per Alacant amb la decoradora Paloma Amo<\/h1>\n\n\n\n<h2 class=\"wp-block-heading\">Ens aconsella sobre les darreres tend\u00e8ncies en decoraci\u00f3 de la llar i els diferents estils que podem donar a cadascuna de les estances.<\/h2>\n\n\n<div class='post-info'>5 d&#039;agost del 2017 per <a href='https:\/\/www.monapart.com\/magazine\/ca\/autor\/monapart'>Monapart<\/a><\/div>\n\n\n\n<p><\/p>\n\n\n\n<p><a href=\"\/magazine\/ca\/node\/4\/\">Monapart Alacant<\/a> et convida a una <strong>ruta de botigues per Alacant amb <a href=\"https:\/\/www.facebook.com\/palomaamointeriorismo\/\" target=\"_blank\" rel=\"noreferrer noopener\">Coloma Amo<\/a>, la decoradora alacantina m\u00e9s capdavantera del moment<\/strong>.<\/p>\n\n\n\n<p>Presentacions primer\u2026 <\/p>\n\n\n\n<h5 class=\"wp-block-heading has-medium-font-size\">Qui \u00e9s Paloma Amo?<\/h5>\n\n\n\n<p>Paloma Amo Ball \u00e9s decoradora d&#039;interiors, blocaire de moda i <em>community manager<\/em> especialitzada en temes de moda i decoraci\u00f3. Es va formar a l&#039;Escola d&#039;Art d&#039;Alacant en l&#039;especialitat de disseny i projecci\u00f3-direcci\u00f3 d&#039;obra. Va iniciar el seu cam\u00ed al m\u00f3n de la decoraci\u00f3 col\u00b7laborant amb <a href=\"https:\/\/es.linkedin.com\/company\/-ngel-cremades-arquitectura-de-interiores-\" target=\"_blank\" rel=\"noreferrer noopener\">\u00c0ngel Cremades<\/a>, conegut interiorista alacant\u00ed, fins que va comen\u00e7ar a tenir la seva pr\u00f2pia cartera de clients. <\/p>\n\n\n\n<p>Amb l&#039;aturada de la crisi i donant resposta al seu esperit inquiet, Paloma va aprofitar per continuar aprenent i endinsar-se al fascinant m\u00f3n de les xarxes socials i els blocs, obrint el seu propi: <a href=\"http:\/\/palomaamo.blogspot.com.es\/\" target=\"_blank\" rel=\"noreferrer noopener\">El collaret de boles roses<\/a>\u00a0i cuidant una comunitat de prop de 20.000 seguidors al seu compte a <a href=\"https:\/\/www.instagram.com\/palomamobaile\/\" target=\"_blank\" rel=\"noreferrer noopener\">Instagram<\/a>. Arran del projecte de decoraci\u00f3 \u201cIdehadas\u201d que va iniciar amb la seva amiga Celia Mira, Paloma va diversificar la seva activitat dedicant-se tamb\u00e9 a la gesti\u00f3 de xarxes socials en temes de moda i decoraci\u00f3.<\/p>\n\n\n\n<p>Conec Paloma des de fa uns quants anys i he tingut el plaer de veure-la \u201cmans a l&#039;obra\u201d triant els materials que donen forma a les seves idees. La nostra darrera col\u00b7laboraci\u00f3 va ser cosa del dest\u00ed, ja que la <a href=\"\/magazine\/ca\/node\/1527\/\" target=\"_blank\" rel=\"noreferrer noopener\">habitatge en venda al carrer Argensola<\/a> que ens va arribar a Monapart Alicante venia amb un projecte de reforma i interiorisme signat per ella. \u00c9s clar, i entre altres coses, gr\u00e0cies al seu bonic projecte, aquest habitatge es va vendre en una setmana! I va tenir molta difusi\u00f3 a les xarxes socials.<\/p>\n\n\n\n<figure class=\"wp-block-image\"><img decoding=\"async\" src=\"https:\/\/www.monapart.com\/sites\/default\/files\/styles\/scale_960x960_\/public\/mediabrowser\/render-piso-venta-calle_argensola-casco_historico-alicante_2_0.jpg?itok=To-HJMYj\" alt=\"Projecte decoraci\u00f3 Paloma Amo al carrer Argensola, Alacant | Monapart \"\/><\/figure>\n\n\n\n<p>Presentacions fetes, hem proposat a Paloma que ens porti de botigues per Alacant per donar algunes idees de decoraci\u00f3 als Monaparters alacantins. V\u00e9ns?<\/p>\n\n\n\n<h5 class=\"wp-block-heading has-medium-font-size\">Cuimeu. Cuines de la Mediterr\u00e0nia<\/h5>\n\n\n\n<figure class=\"wp-block-image\"><img decoding=\"async\" src=\"https:\/\/www.monapart.com\/sites\/default\/files\/styles\/scale_960x960_\/public\/mediabrowser\/1_de_tiendas_por_alicante_con_la_decoradora_paloma_amo_cocimed_0.jpg?itok=imlLLiOC\" alt=\"De botigues per Alacant amb la decoradora Paloma Amo | Monapart\"\/><\/figure>\n\n\n\n<p>Amb 20 anys de traject\u00f2ria, <a href=\"http:\/\/www.cocimed.com\/\" target=\"_blank\" rel=\"noreferrer noopener\">Cuimeu<\/a> es dedica a l&#039;estudi i l&#039;elaboraci\u00f3 de projectes de cuina adaptats a l&#039;estil de cada client, sense renunciar al car\u00e0cter funcional i pr\u00e0ctic que ha d&#039;imperar en aquesta estada de la casa. Segons Paloma: <em>&quot;La meva botiga preferida a l&#039;hora de trobar la cuina perfecta per als meus clients. A m\u00e9s de tenir una exposici\u00f3 magn\u00edfica i molt ben ambientada, s\u00f3n els distribu\u00efdors oficials a Alacant de la marca Santos, i saben el que no est\u00e0 escrit en q\u00fcesti\u00f3 de cuines Mai fallen!&quot;&nbsp;<\/em><em>Estan a la darrera en disseny, materials i tecnologia. Sempre que vaig em deixo assessorar tranquil\u00b7lament per Miguel \u00c1ngel i el seu equip, \u00e9s un veritable plaer escoltar-los parlar de les caracter\u00edstiques del seu producte, es noten que estimen la seva feina i han fet del \u201cm\u00f3n cuina\u201d el seu estil de vida.\u201c<\/em><\/p>\n\n\n\n<figure class=\"wp-block-image\"><img decoding=\"async\" src=\"https:\/\/www.monapart.com\/sites\/default\/files\/styles\/scale_960x960_\/public\/mediabrowser\/2_de_tiendas_por_alicante_con_la_decoradora_paloma_amo_cocimed.jpg?itok=CujxOvd2\" alt=\"De botigues per Alacant amb la decoradora Paloma Amo | Monapart\"\/><\/figure>\n\n\n\n<p>On? c\/ Garc\u00eda Morato 9 \u00b7 Alacant<\/p>\n\n\n\n<h5 class=\"wp-block-heading has-medium-font-size\">MD Toiles Natur<\/h5>\n\n\n\n<figure class=\"wp-block-image\"><img decoding=\"async\" src=\"https:\/\/www.monapart.com\/sites\/default\/files\/styles\/scale_960x960_\/public\/mediabrowser\/3_de_tiendas_por_alicante_con_la_decoradora_paloma_amo_tolies_natur.jpg?itok=Vt9WaF25\" alt=\"De botigues per Alacant amb la decoradora Paloma Amo | Monapart\"\/><\/figure>\n\n\n\n<figure class=\"wp-block-image\"><img decoding=\"async\" src=\"https:\/\/www.monapart.com\/sites\/default\/files\/styles\/scale_960x960_\/public\/mediabrowser\/4_de_tiendas_por_alicante_con_la_decoradora_paloma_amo_tolies_natur.jpg?itok=igjBYSux\" alt=\"De botigues per Alacant amb la decoradora Paloma Amo | Monapart\"\/><\/figure>\n\n\n\n<p>Ubicada al centre, <a href=\"http:\/\/mdtoilesnatur.com\/\" target=\"_blank\" rel=\"noreferrer noopener\">Toiles Natur<\/a> ofereix un ventall decoratiu \u00fanic, amb marques de renom i elements exclusius que la converteixen a la botiga de refer\u00e8ncia per a la decoraci\u00f3 de la llar a Alacant. Paloma va aqu\u00ed per triar els detalls finals, per\u00f2 no menys importants, que fan que una llar tingui estil.<\/p>\n\n\n\n<p><em>&quot;Entrar en aquesta botiga \u00e9s perdre&#039;s entre un munt d&#039;objectes i petits mobles auxiliars amb encant seleccionats amb molt de gust. La vista es perd i distreu amb tanta cosa bonica que et provoca una mena de feli\u00e7 tr\u00e0nsit. Aqu\u00ed les opcions d&#039;omplir la casa amb aquests petits detalls que ens deixaran una casa de revista es multipliquen per mil. Al. l\u00e0mpades meravelloses, catifes amb estampats hipn\u00f2tics, sof\u00e0s suaus de vellut\u2026 T&#039;ho emportaries tot a casa!\u201d<\/em><\/p>\n\n\n\n<figure class=\"wp-block-image\"><img decoding=\"async\" src=\"https:\/\/www.monapart.com\/sites\/default\/files\/styles\/scale_960x960_\/public\/mediabrowser\/5_de_tiendas_por_alicante_con_la_decoradora_paloma_amo_toiles_natur.jpg?itok=H9UYci2U\" alt=\"De botigues per Alacant amb la decoradora Paloma Amo | Monapart\"\/><\/figure>\n\n\n\n<p>On? c\/ Teatre 32 \u00b7 Alacant<\/p>\n\n\n\n<h5 class=\"wp-block-heading has-medium-font-size\">Intramurs<\/h5>\n\n\n\n<figure class=\"wp-block-image\"><img decoding=\"async\" src=\"https:\/\/www.monapart.com\/sites\/default\/files\/styles\/scale_960x960_\/public\/mediabrowser\/9_de_tiendas_por_alicante_con_la_decoradora_paloma_amo_intramuros.jpg?itok=fOAXDUdM\" alt=\"De botigues per Alacant amb la decoradora Paloma Amo | Monapart\"\/><\/figure>\n\n\n\n<figure class=\"wp-block-image\"><img decoding=\"async\" src=\"https:\/\/www.monapart.com\/sites\/default\/files\/styles\/scale_960x960_\/public\/mediabrowser\/7_de_tiendas_por_alicante_con_la_decoradora_paloma_amo_intramuros.jpg?itok=612uKLoX\" alt=\"De botigues per Alacant amb la decoradora Paloma Amo | Monapart\"\/><\/figure>\n\n\n\n<figure class=\"wp-block-image\"><img decoding=\"async\" src=\"https:\/\/www.monapart.com\/sites\/default\/files\/styles\/scale_960x960_\/public\/mediabrowser\/8_de_tiendas_por_alicante_con_la_decoradora_paloma_amo_intramuros.jpg?itok=PvZ6nNFf\" alt=\"De botigues per Alacant amb la decoradora Paloma Amo | Monapart\"\/><\/figure>\n\n\n\n<p>Botiga incre\u00efble de recent obertura que ja \u00e9s una visita obligada quan parlem d&#039;interiorisme. Amb tan sols 6 mesos a Alacant, ofereix una infinitat de possibilitats, tant per al client particular que busca un objecte per al seu sal\u00f3, com per al professional, arquitecte o interiorista, a qui fins i tot els ofereix la seva exposici\u00f3 com a punt de reuni\u00f3 amb els seus clients. Paloma encara no havia tingut ocasi\u00f3 per visitar aquesta botiga, i aquesta ruta ha estat l&#039;excusa perfecta per fer-ho. A <a href=\"https:\/\/es-es.facebook.com\/intramuros.store\/\" target=\"_blank\" rel=\"noreferrer noopener\">Intramurs<\/a> ens van atendre de meravella ensenyant-nos tota l&#039;exposici\u00f3. Com a punt final despr\u00e9s de la visita, Paloma va dir: <em>&quot;M&#039;ha flipat el concepte botiga-espai d&#039;esdeveniments. Estan a l&#039;\u00faltima! I a m\u00e9s tot l&#039;equip \u00e9s un encant.&quot;<\/em><\/p>\n\n\n\n<figure class=\"wp-block-image\"><img decoding=\"async\" src=\"https:\/\/www.monapart.com\/sites\/default\/files\/styles\/scale_960x960_\/public\/mediabrowser\/6_de_tiendas_por_alicante_con_la_decoradora_paloma_amo_intramuros.jpg?itok=1A_SS9en\" alt=\"De botigues per Alacant amb la decoradora Paloma Amo | Monapart\"\/><\/figure>\n\n\n\n<p>On? Av. Ramon i Cajal 13 \u00b7 Alacant<\/p>\n\n\n\n<h5 class=\"wp-block-heading has-medium-font-size\">L&#039;Armari de les Teles<\/h5>\n\n\n\n<p>Aquesta petita botiga situada a Sant Joan d\u00b4Alacant t\u00e9 una varietat incre\u00efble de teles, i gr\u00e0cies a l\u00b4atenci\u00f3 personalitzada que ofereixen, \u00e9s el lloc on trobar la tela perfecta per a cada rac\u00f3 de casa nostra. Aix\u00ed ho diu Paloma: <em>\u201cVaig descobrir <a href=\"http:\/\/elarmariodelastelas.wixsite.com\/elarmariodelastelas\" target=\"_blank\" rel=\"noreferrer noopener\">L&#039;Armari de les Teles<\/a> gr\u00e0cies a una clienta i ja no he deixat d&#039;anar-hi, \u00e9s un veritable tresor amagat en un encantador local de Sant Joan Poble. Al seu interior pots trobar totes les teles del m\u00f3n als alts penjadors fins al sostre, \u00e9s una veritable gaudi perdre&#039;s entre el seu gran assortiment de preciosos teixits, i \u00e9s que aquest toc final en cortines i entapissats de qualsevol projecte \u00e9s la clau de l&#039;\u00e8xit.\u201d<\/em><\/p>\n\n\n\n<figure class=\"wp-block-image\"><img decoding=\"async\" src=\"https:\/\/www.monapart.com\/sites\/default\/files\/styles\/scale_960x960_\/public\/mediabrowser\/10_de_tiendas_por_alicante_con_la_decoradora_paloma_amo_el_armario_de_las_telas.jpg?itok=eSdw65M4\" alt=\"De botigues per Alacant amb la decoradora Paloma Amo | Monapart\"\/><\/figure>\n\n\n\n<figure class=\"wp-block-image\"><img decoding=\"async\" src=\"https:\/\/www.monapart.com\/sites\/default\/files\/styles\/scale_960x960_\/public\/mediabrowser\/11_de_tiendas_por_alicante_con_la_decoradora_paloma_amo_el_armario_de_las_telas.jpg?itok=RvHs5r7F\" alt=\"De botigues per Alacant amb la decoradora Paloma Amo | Monapart\"\/><\/figure>\n\n\n\n<p>On? c\/ Doctor Pedro Herrero 8 \u00b7 Sant Joan d&#039;Alacant<\/p>\n\n\n\n<h5 class=\"wp-block-heading has-medium-font-size\"><strong>Rakoda<\/strong><\/h5>\n\n\n\n<p>Ubicada a Mutxamel, <a href=\"http:\/\/www.rakoda.es\/\" target=\"_blank\" rel=\"noreferrer noopener\">Rakoda<\/a> sorpr\u00e8n per molt\u00edssims motius, entre els quals Paloma destaca els seg\u00fcents: <em>\u201cNo et deixis enganyar per aquest gran magatzem de mobles a peu de carretera a Mutxamel, encara que el seu aspecte exterior no t&#039;atregui gaire, dins segur que trobar\u00e0s la soluci\u00f3 a alguns dels teus problemes decoratius a casa. boja en aquest concepte de botiga en pla rastre, on les peces amuntegades amb gr\u00e0cia faran les del\u00edcies dels amants de la decoraci\u00f3 i les gangues.\u201d<\/em><\/p>\n\n\n\n<figure class=\"wp-block-image\"><img decoding=\"async\" src=\"https:\/\/www.monapart.com\/sites\/default\/files\/styles\/scale_960x960_\/public\/mediabrowser\/12_de_tiendas_por_alicante_con_la_decoradora_paloma_amo_rajoda.jpg?itok=WxTtB2nq\" alt=\"De botigues per Alacant amb la decoradora Paloma Amo | Monapart\"\/><\/figure>\n\n\n\n<figure class=\"wp-block-image\"><img decoding=\"async\" src=\"https:\/\/www.monapart.com\/sites\/default\/files\/styles\/scale_960x960_\/public\/mediabrowser\/13_de_tiendas_por_alicante_con_la_decoradora_paloma_amo_rakoda.jpg?itok=z43U7zJS\" alt=\"De botigues per Alacant amb la decoradora Paloma Amo | Monapart\"\/><\/figure>\n\n\n\n<p>On? c\/ Alfons XII 85, Mutxamel \u00b7 Alacant<\/p>\n\n\n\n<p>Amb els consells de Paloma Amo i el seu ull expert, hem descobert espais plens d&#039;inspiraci\u00f3 i tend\u00e8ncies, des de cuines de somni fins a petits detalls que marquen la difer\u00e8ncia. Ara, nom\u00e9s queda deixar volar la imaginaci\u00f3 i aplicar tot all\u00f2 apr\u00e8s per fer de la nostra llar un lloc \u00fanic i acollidor.<\/p>","protected":false},"excerpt":{"rendered":"<p>Paloma Amo ens aconsella sobre les darreres tend\u00e8ncies en decoraci\u00f3 de la llar i els diferents estils que podem donar a cadascuna de les estances.<\/p>","protected":false},"author":3,"featured_media":673,"comment_status":"closed","ping_status":"closed","sticky":false,"template":"","format":"standard","meta":{"_acf_changed":false,"footnotes":""},"categories":[2844,2847],"tags":[2950],"class_list":["post-672","post","type-post","status-publish","format-standard","has-post-thumbnail","hentry","category-hogar","category-vida-de-barrio","tag-alicante"],"acf":[],"_links":{"self":[{"href":"https:\/\/www.monapart.com\/magazine\/ca\/wp-json\/wp\/v2\/posts\/672","targetHints":{"allow":["GET"]}}],"collection":[{"href":"https:\/\/www.monapart.com\/magazine\/ca\/wp-json\/wp\/v2\/posts"}],"about":[{"href":"https:\/\/www.monapart.com\/magazine\/ca\/wp-json\/wp\/v2\/types\/post"}],"author":[{"embeddable":true,"href":"https:\/\/www.monapart.com\/magazine\/ca\/wp-json\/wp\/v2\/users\/3"}],"replies":[{"embeddable":true,"href":"https:\/\/www.monapart.com\/magazine\/ca\/wp-json\/wp\/v2\/comments?post=672"}],"version-history":[{"count":1,"href":"https:\/\/www.monapart.com\/magazine\/ca\/wp-json\/wp\/v2\/posts\/672\/revisions"}],"predecessor-version":[{"id":19684,"href":"https:\/\/www.monapart.com\/magazine\/ca\/wp-json\/wp\/v2\/posts\/672\/revisions\/19684"}],"wp:featuredmedia":[{"embeddable":true,"href":"https:\/\/www.monapart.com\/magazine\/ca\/wp-json\/wp\/v2\/media\/673"}],"wp:attachment":[{"href":"https:\/\/www.monapart.com\/magazine\/ca\/wp-json\/wp\/v2\/media?parent=672"}],"wp:term":[{"taxonomy":"category","embeddable":true,"href":"https:\/\/www.monapart.com\/magazine\/ca\/wp-json\/wp\/v2\/categories?post=672"},{"taxonomy":"post_tag","embeddable":true,"href":"https:\/\/www.monapart.com\/magazine\/ca\/wp-json\/wp\/v2\/tags?post=672"}],"curies":[{"name":"wp","href":"https:\/\/api.w.org\/{rel}","templated":true}]}}