{"id":670,"date":"2017-07-26T10:11:29","date_gmt":"2017-07-26T08:11:29","guid":{"rendered":"https:\/\/www.monapart.com\/magazine\/?p=670"},"modified":"2025-06-20T16:37:09","modified_gmt":"2025-06-20T14:37:09","slug":"lhome-styling-segons-gidloof","status":"publish","type":"post","link":"https:\/\/www.monapart.com\/magazine\/ca\/hogar\/el-home-styling-segun-gidloof","title":{"rendered":"El Home Styling segons Gidl\u00f6\u00f6f"},"content":{"rendered":"<h1 class=\"wp-block-heading\">El Home Styling segons Gidl\u00f6\u00f6f<\/h1>\n\n\n\n<h2 class=\"wp-block-heading\">Entrevistem l\u00b4equip de Gidl\u00f6\u00f6f, una botiga de decoraci\u00f3 d\u00b4estil vintage n\u00f2rdic situada al Born de Barcelona, especialitzada tamb\u00e9 en realitzar projectes de Home Styling.<\/h2>\n\n\n<div class='post-info'>26 de juliol de 2017 per <a href='https:\/\/www.monapart.com\/magazine\/ca\/autor\/monapart'>Monapart<\/a><\/div>\n\n\n\n<h3 class=\"wp-block-heading\">El <em>Home Styling<\/em> consisteix a decorar un habitatge i fer-lo atractiu per al possible comprador. La primera impressi\u00f3 \u00e9s fonamental perqu\u00e8 el client es pugui imaginar vivint en aquell espai, i en aquesta percepci\u00f3 hi intervenen tots els sentits. La missi\u00f3 de Gidl\u00f6\u00f6f rau a fer que la m\u00e0gia succeeixi.<\/h3>\n\n\n\n<p>A Espanya aquest proc\u00e9s se&#039;l coneix m\u00e9s com <a href=\"\/magazine\/ca\/node\/1226\/\" target=\"_blank\" rel=\"noreferrer noopener\"><em>Home Staging<\/em><\/a> que fa refer\u00e8ncia a \u00abposada en escena\u00bb, per\u00f2 a Gidl\u00f6\u00f6f preferim definir el nostre treball com a <em>Home Styling<\/em> perqu\u00e8 li afegeix un plus que fa refer\u00e8ncia a un cert estil, que en el nostre cas \u00e9s el <em>vintage<\/em> n\u00f2rdic. A m\u00e9s, la idea d&#039;oferir aquest servei ve de Sofia, que \u00e9s sueca, i \u00e9s m\u00e9s conegut sota aquesta denominaci\u00f3.<\/p>\n\n\n\n<figure class=\"wp-block-image\"><img decoding=\"async\" src=\"https:\/\/www.monapart.com\/sites\/default\/files\/styles\/scale_960x960_\/public\/mediabrowser\/home_styling_proyecto_gidloof_1.jpg?itok=liBhE4VN\" alt=\"Home Styling Gidloof | Monapart \"\/><\/figure>\n\n\n\n<figure class=\"wp-block-image\"><img decoding=\"async\" src=\"https:\/\/www.monapart.com\/sites\/default\/files\/styles\/scale_960x960_\/public\/mediabrowser\/home_styling_proyecto_gidloof_2.jpg?itok=MyHl-4mN\" alt=\"Home Styling Gidloof | Monapart \"\/><\/figure>\n\n\n\n<figure class=\"wp-block-image\"><img decoding=\"async\" src=\"https:\/\/www.monapart.com\/sites\/default\/files\/styles\/scale_960x960_\/public\/mediabrowser\/home_styling_proyecto_gidloof_3.jpg?itok=Nj-N83ez\" alt=\"Home Styling Gidloof | Monapart \"\/><\/figure>\n\n\n\n<h5 class=\"wp-block-heading has-medium-font-size\"><strong>En qu\u00e8 es diferencia el vostre servei d&#039;altres empreses de <em>Home Staging<\/em>?<\/strong><\/h5>\n\n\n\n<p>El factor fonamental que ens diferencia d&#039;altres empreses que es dediquen al <em>Home Staging<\/em>, \u00e9s que a Gidl\u00f6\u00f6f partim de l&#039;exist\u00e8ncia pr\u00e8via de la nostra botiga f\u00edsica al barri del Born. Una botiga que t\u00e9 un estil propi i que \u00e9s precisament el que intentem traslladar als nostres projectes de decoraci\u00f3, afegint-hi un plus de personalitat, amb elements \u00fanics. En aquest tipus de projectes, hi ha la tend\u00e8ncia de rec\u00f3rrer als mateixos recursos de forma redundant ia Gidl\u00f6\u00f6f volem evitar-ho. El fet de disposar d&#039;un estoc propi de mobles i objectes de decoraci\u00f3 ens facilita molt les coses i ens permet aportar un toc diferencial a cadascun dels nostres projectes.<\/p>\n\n\n\n<h5 class=\"wp-block-heading has-medium-font-size\"><strong>Hi hauria d&#039;haver un servei de <em>Home Styling<\/em> previ a la venda de tots els habitatges?<\/strong><\/h5>\n\n\n\n<p>Per descomptat que s\u00ed, encara que fos en la m\u00ednima expressi\u00f3. \u00c9s incre\u00efble que en els temps en qu\u00e8 vivim, on la comunicaci\u00f3 visual \u00e9s tan important, hi hagi encara immobili\u00e0ries o propietaris que intentin vendre els seus immobles sense tenir cura de la seva aparen\u00e7a o mostrant-los amb imatges de mala qualitat. A Espanya encara no est\u00e0 arrelada la creen\u00e7a que invertint una mica al meu pis el m\u00e9s probable \u00e9s que pugui vendre&#039;l a un millor preu i m\u00e9s r\u00e0pid. A la resta d&#039;Europa \u00e9s una pr\u00e0ctica assentada que ja ni es q\u00fcestiona.<\/p>\n\n\n\n<figure class=\"wp-block-image\"><img decoding=\"async\" src=\"https:\/\/www.monapart.com\/sites\/default\/files\/styles\/scale_960x960_\/public\/mediabrowser\/home_styling_proyecto_gidloof_4.jpg?itok=mnaA-ZSq\" alt=\"Home Styling Gidloof | Monapart \"\/><\/figure>\n\n\n\n<p><a href=\"https:\/\/www.gidloofhomestyling.com\/\" target=\"_blank\" rel=\"noreferrer noopener\">Gidl\u00f6\u00f6f Home Styling<\/a> \u00e9s una <em>spin off <\/em>d\u00b4una botiga de mobles escandinaus vintage. <\/p>\n\n\n\n<h5 class=\"wp-block-heading has-medium-font-size\"><strong>Qui compra moble n\u00f2rdic a una ciutat mediterr\u00e0nia?<\/strong><\/h5>\n\n\n\n<p>Et sorprendries de com n&#039;\u00e9s de heterog\u00e8nia la nostra clientela. Potser pot fer la impressi\u00f3 que tenim un p\u00fablic jove, per\u00f2 la veritat \u00e9s que tenim una mica de tot. De fet, moltes vegades comentem la bona acollida que tenim entre la gent gran, que valora molt el moble antic\u2026 Si hagu\u00e9ssim de destacar un tipus de clientela, destacar\u00edem la bona acollida que tenen els nostres mobles entre estrangers que han decidit venir a viure a Barcelona, o b\u00e9 que aqu\u00ed s&#039;han comprat una segona resid\u00e8ncia. De fet, creiem que <strong>l&#039;estil escandinau fa un maridatge perfecte amb l&#039;est\u00e8tica dels pisos antics de Barcelona de sostres alts i rajola hidr\u00e0ulica<\/strong>, i aquesta combinaci\u00f3 s&#039;aprecia molt. D&#039;altra banda, molts dels ve\u00efns del barri tamb\u00e9 s\u00f3n clients habituals.<\/p>\n\n\n\n<h5 class=\"wp-block-heading has-medium-font-size\"><strong>Hi ha res que les cases d&#039;aqu\u00ed poden aprendre de les d&#039;all\u00e0?&nbsp;<\/strong><\/h5>\n\n\n\n<p>Les cases d&#039;aqu\u00ed haurien d&#039;aprendre de les n\u00f2rdiques a tenir m\u00e9s cura dels petits detalls que aporten calidesa i confort. Un element que es t\u00e9 molt en compte \u00e9s la il\u00b7luminaci\u00f3. Aix\u00ed, per exemple, a l&#039;hora de sopar, \u00e9s fonamental crear una atmosfera especial, amb poca llum general per\u00f2 refor\u00e7ada amb la llum de les espelmes de diversos canelobres que es distribueixen per tota l&#039;estada. Menjar a la llum de les espelmes \u00e9s molt t\u00edpic als pa\u00efsos n\u00f2rdics. Un altre element destacable s\u00f3n les flors fresques. No solen faltar a cap casa i \u00e9s un regal molt com\u00fa per portar l&#039;amfitri\u00f3 quan et convida a casa seva. Finalment, i m\u00e9s relacionat amb el mobiliari, \u00e9s molt curi\u00f3s per a un n\u00f2rdic el concepte de \u201cmoble a mida\u201d, una cosa tan comuna aqu\u00ed i que all\u00e0 gaireb\u00e9 ning\u00fa no coneix, ja que el moble n\u00f2rdic ha estat tradicionalment molt funcional i flexible, i \u00e9s per aix\u00f2 que ha resistit tan b\u00e9 el pas del temps.<\/p>\n\n\n\n<h5 class=\"wp-block-heading has-medium-font-size\"><strong>Recentment heu estrenat <a href=\"http:\/\/www.gidloof.com\/\" target=\"_blank\" rel=\"noreferrer noopener\">Gidl\u00f6\u00f6f <em>on-line<\/em><\/a>. Quins s\u00f3n els vostres <em>best-seller<\/em>?<\/strong><\/h5>\n\n\n\n<p>Fa tan poc que l&#039;hem obert que resulta dif\u00edcil parlar de best-sellers\u2026 Si a m\u00e9s tenim en compte que la majoria dels productes en venda s\u00f3n \u00fanics, encara es complica m\u00e9s\u2026 S\u00ed que podem dir, per\u00f2, que el que m\u00e9s s&#039;ha venut fins ara s\u00f3n mobles auxiliars petits i canelobres. Tamb\u00e9 es venen molt b\u00e9 els productes per a nens il\u00b7lustrats per <a href=\"http:\/\/www.ingelaparrhenius.com\/\" target=\"_blank\" rel=\"noreferrer noopener\">Ingela P. Arrhenius<\/a>, una dissenyadora sueca molt reconeguda a nivell mundial.<\/p>\n\n\n\n<figure class=\"wp-block-image\"><img decoding=\"async\" src=\"https:\/\/www.monapart.com\/sites\/default\/files\/styles\/scale_960x960_\/public\/mediabrowser\/gidloof_tienda_online.jpg?itok=QuJi73TN\" alt=\"Gidloof botiga en l\u00ednia | Monapart \"\/><\/figure>\n\n\n\n<p>Tamb\u00e9 veneu una l\u00ednia de mobles de disseny propi, <a href=\"http:\/\/www.gidloof.com\/gidloof\/8_gidloof-originals\" target=\"_blank\" rel=\"noreferrer noopener\">Gidl\u00f6\u00f6f Originals<\/a>, que s\u00f3n funcionals (no ho dubtem), naturals (tampoc) i sostenibles. <strong>Qu\u00e8 \u00e9s la sostenibilitat associada al mobiliari?<\/strong><\/p>\n\n\n\n<p>La sostenibilitat, quan parlem de mobiliari, est\u00e0 associada al tipus de materials que es fan servir per produir-lo i tamb\u00e9 als productes que s&#039;utilitzen per tractar-los. \u00c9s a dir, si s&#039;han fet servir tints o vernissos t\u00f2xics a l&#039;hora de donar-li un acabat a la fusta oa les teles. En el nostre cas per exemple, les fustes que s&#039;utilitzen als nostres mobles estan tractades \u00fanicament amb cera d&#039;abelles i les teles usades per a tapisseria s\u00f3n 100% lli natural.<\/p>\n\n\n\n<h5 class=\"wp-block-heading has-medium-font-size\"><strong>Qui \u00e9s darrere de Gidl\u00f6\u00f6f?<\/strong>  <\/h5>\n\n\n\n<p>Darrere de Gidl\u00f6\u00f6f hi ha una petita empresa formada, actualment, per quatre socis. La botiga del Born va ser creada per Sofia Gidl\u00f6\u00f6f i Guim Costa. Sofia \u00e9s sueca i \u00e9s l&#039;\u00e0nima mater de la botiga, que s&#039;encarrega de marcar l&#039;estil i dirigir les compres. Ning\u00fa com ella sap trobar els objectes m\u00e9s sorprenents al millor preu i combinar-los de manera gaireb\u00e9 m\u00e0gica. Guim \u00e9s un reconegut arquitecte enamorat del disseny escandinau que gaudeix tamb\u00e9 localitzant peces \u00faniques. De la seva passi\u00f3 pel mobiliari va sorgir la idea de dissenyar una l\u00ednia de mobles amb inspiraci\u00f3 escandinava sota el segell de Gidl\u00f6\u00f6f Originals. Tamb\u00e9 s&#039;hi han incorporat Aurelie Coup\u00e9, una belga establerta a Barcelona que un bon dia va proposar ampliar la marca Gidl\u00f6\u00f6f al p\u00fablic infantil, i Ester Delgado, fot\u00f2grafa que plasma en imatges l&#039;estil Gidl\u00f6\u00f6f. A tots ens uneix la passi\u00f3 per l\u00b4interiorisme i els objectes especials.<\/p>\n\n\n\n<figure class=\"wp-block-image\"><img decoding=\"async\" src=\"https:\/\/www.monapart.com\/sites\/default\/files\/styles\/scale_960x960_\/public\/mediabrowser\/guim_costa_de_gidloof.jpg?itok=98lzgudg\" alt=\"Guim Costa de Gidloof | Monapart \"\/><\/figure>\n\n\n\n<figure class=\"wp-block-image\"><img decoding=\"async\" src=\"https:\/\/www.monapart.com\/sites\/default\/files\/styles\/scale_960x960_\/public\/mediabrowser\/equipo_gidloof.jpg?itok=HA3L_MER\" alt=\"Equip Gidloof | Monapart \"\/><\/figure>","protected":false},"excerpt":{"rendered":"<p>Entrevistem l\u00b4equip de Gidl\u00f6\u00f6f, una botiga de decoraci\u00f3 d\u00b4estil vintage n\u00f2rdic situada al Born de Barcelona, especialitzada tamb\u00e9 en realitzar projectes de Home Styling.<\/p>","protected":false},"author":3,"featured_media":671,"comment_status":"closed","ping_status":"closed","sticky":false,"template":"","format":"standard","meta":{"_acf_changed":false,"footnotes":""},"categories":[2844,2845],"tags":[2881,2893],"class_list":["post-670","post","type-post","status-publish","format-standard","has-post-thumbnail","hentry","category-hogar","category-mi-monapart","tag-mobiliario","tag-homestaging"],"acf":[],"_links":{"self":[{"href":"https:\/\/www.monapart.com\/magazine\/ca\/wp-json\/wp\/v2\/posts\/670","targetHints":{"allow":["GET"]}}],"collection":[{"href":"https:\/\/www.monapart.com\/magazine\/ca\/wp-json\/wp\/v2\/posts"}],"about":[{"href":"https:\/\/www.monapart.com\/magazine\/ca\/wp-json\/wp\/v2\/types\/post"}],"author":[{"embeddable":true,"href":"https:\/\/www.monapart.com\/magazine\/ca\/wp-json\/wp\/v2\/users\/3"}],"replies":[{"embeddable":true,"href":"https:\/\/www.monapart.com\/magazine\/ca\/wp-json\/wp\/v2\/comments?post=670"}],"version-history":[{"count":1,"href":"https:\/\/www.monapart.com\/magazine\/ca\/wp-json\/wp\/v2\/posts\/670\/revisions"}],"predecessor-version":[{"id":16678,"href":"https:\/\/www.monapart.com\/magazine\/ca\/wp-json\/wp\/v2\/posts\/670\/revisions\/16678"}],"wp:featuredmedia":[{"embeddable":true,"href":"https:\/\/www.monapart.com\/magazine\/ca\/wp-json\/wp\/v2\/media\/671"}],"wp:attachment":[{"href":"https:\/\/www.monapart.com\/magazine\/ca\/wp-json\/wp\/v2\/media?parent=670"}],"wp:term":[{"taxonomy":"category","embeddable":true,"href":"https:\/\/www.monapart.com\/magazine\/ca\/wp-json\/wp\/v2\/categories?post=670"},{"taxonomy":"post_tag","embeddable":true,"href":"https:\/\/www.monapart.com\/magazine\/ca\/wp-json\/wp\/v2\/tags?post=670"}],"curies":[{"name":"wp","href":"https:\/\/api.w.org\/{rel}","templated":true}]}}