{"id":664,"date":"2017-04-15T17:52:00","date_gmt":"2017-04-15T15:52:00","guid":{"rendered":"https:\/\/www.monapart.com\/magazine\/?p=664"},"modified":"2025-06-19T19:39:19","modified_gmt":"2025-06-19T17:39:19","slug":"habitatges-sans","status":"publish","type":"post","link":"https:\/\/www.monapart.com\/magazine\/ca\/hogar\/viviendas-sanas","title":{"rendered":"Habitatges sans"},"content":{"rendered":"<h1 class=\"wp-block-heading\">Habitatges sans<\/h1>\n\n\n\n<h2 class=\"wp-block-heading\">Un habitatge sa, amb llum, airejat, silenci\u00f3s i amb una distribuci\u00f3 d&#039;espais fluida \u00e9s el primer pas per garantir una vida sana, amb llum, airejada, silenciosa i fluida. <\/h2>\n\n\n<div class='post-info'>15 d&#039;abril del 2017 per <a href='https:\/\/www.monapart.com\/magazine\/ca\/autor\/monapart'>Monapart<\/a><\/div>\n\n\n\n<figure class=\"wp-block-image\"><img decoding=\"async\" src=\"https:\/\/www.monapart.com\/sites\/default\/files\/styles\/scale_960x960_\/public\/mediabrowser\/gloria_vilalta_1.jpg?itok=cF21SS9M\" alt=\"Habitatges sans | Monapart \"\/><\/figure>\n\n\n\n<p>Quan se&#039;ns pregunta a Monapart qu\u00e8 fa que un habitatge bonic sigui \u00abun dels nostres\u00bb, tenim clar que els criteris est\u00e8tics s\u00f3n importants, per\u00f2 sempre van darrere de la llum, de la qualitat de l&#039;espai, de l&#039;entorn\u2026 Les tipologies s\u00f3n infinites, per\u00f2 tenim clar que un habitatge bonic sempre ha de ser un espai apte per a la felicitat.<\/p>\n\n\n\n<p>Hi ha ocasions en qu\u00e8 la felicitat ve de s\u00e8rie, espais on sense saber b\u00e9 per qu\u00e8, i on cadasc\u00fa exposaria raons diferents, l&#039;aprovaci\u00f3 \u00e9s un\u00e0nime. Per\u00f2 en altres, i lluny de supersticions i creences, es fa evident que lespai est\u00e0 malalt. Radiacions electromagn\u00e8tiques i naturals, corrents d&#039;aigua subterr\u00e0nies, humitats, pintures t\u00f2xiques, a\u00efllament t\u00e8rmic i ac\u00fastic deficients, etc. s\u00f3n alguns dels factors que afecten els habitatges i els seus ocupants; i nens, ancians i persones sensibles s\u00f3n els m\u00e9s exposats a aquestes \u201cmalalties invisibles\u201d. Com detectar-les?<\/p>\n\n\n\n<p>A aix\u00f2 es dedica <a href=\"http:\/\/www.gloriavilalta.cat\/\" target=\"_blank\" rel=\"noreferrer noopener\">Gl\u00f2ria Vilalta<\/a> (<a href=\"https:\/\/twitter.com\/gloriavilalta\" target=\"_blank\" rel=\"noreferrer noopener\">@gloriavilalta<\/a>), a \u00abguarir\u00bb les persones ajudant-los a tenir una vida m\u00e9s sana i equilibrada a trav\u00e9s d&#039;actuar sobre els espais on viuen. De vegades intervenint a fons en la configuraci\u00f3 dels espais, i d&#039;altres fent petites millores (canviar els colors de les parets, alguns acabats, posar plantes, canviar la distribuci\u00f3 de les estances o fins i tot l&#039;orientaci\u00f3 del llit\u2026) que poden significar un gran canvi per a qui habita aquest espai.<\/p>\n\n\n\n<figure class=\"wp-block-image\"><img decoding=\"async\" src=\"https:\/\/www.monapart.com\/sites\/default\/files\/styles\/scale_960x960_\/public\/mediabrowser\/gloria_vilalta.jpg?itok=yAkTBR9y\" alt=\"Gl\u00f2ria Vilalta | Monapart \"\/><\/figure>\n\n\n\n<p>Gloria \u00e9s enginyera de professi\u00f3 i m\u00e8dica de vocaci\u00f3, i amb una traject\u00f2ria com a enginyera al sector de l&#039;automoci\u00f3 i posteriorment com a consultora energ\u00e8tica per a diferents equipaments p\u00fablics, avui t\u00e9 la seva pr\u00f2pia consultora des de la qual ajuda a la selecci\u00f3 de l&#039;espai energ\u00e8ticament m\u00e9s favorable; assessora en la millor distribuci\u00f3 de les estances i tamb\u00e9 a triar les pintures i els materials m\u00e9s saludables seguint les pautes de la bioconstrucci\u00f3. A m\u00e9s, Gloria tamb\u00e9 fa an\u00e0lisis d&#039;energia tel\u00b7l\u00farica, energia electromagn\u00e8tica, energia emocional, estudis d&#039;estructura i geometria, de potenciaci\u00f3 de la llum natural, del color i les seves propietats, d&#039;imatges i de simbologia de la decoraci\u00f3, d&#039;elements naturals, de Feng Shui\u2026 Consulta&#039;n el complet <a href=\"http:\/\/www.gloriavilalta.cat\/que-faig\/\" target=\"_blank\" rel=\"noreferrer noopener\">portfoli de serveis<\/a>.<\/p>\n\n\n\n<blockquote class=\"wp-block-quote alignright is-layout-flow wp-block-quote-is-layout-flow\">\n<p>Escollir b\u00e9 un espai \u00e9s de vital import\u00e0ncia i no sempre se li presta la deguda atenci\u00f3.<\/p>\n<\/blockquote>\n\n\n\n<p>Hi acudeixen persones que pateixen d&#039;insomni, amb migranyes, fatiga excessiva, depressi\u00f3 i tristesa o amb alguna altra malaltia \/ intoler\u00e0ncia que no s&#039;acaba de curar\u2026 I sovint, moltes d&#039;aquestes malalties i preocupacions es poden curar tractant l&#039;origen de la causa i no nom\u00e9s pal\u00b7liant-ne els efectes. En alguns casos, les conseq\u00fc\u00e8ncies de la malaltia dels habitatges deriven en malalties cr\u00f2niques que degeneren en greus problemes de salut, baralles freq\u00fcents, divorcis o baix rendiment als estudis, per exemple. Triar b\u00e9 un espai \u00e9s de vital import\u00e0ncia i no sempre se li presta l&#039;atenci\u00f3 deguda\u2026 Fins i tot, a nivell p\u00fablic, la legislaci\u00f3 avui dia segueix permetent la construcci\u00f3 d&#039;habitatges juntament amb transformadors, l\u00ednies d&#039;alta tensi\u00f3 o antenes de telefonia m\u00f2bil, quan ja s&#039;ha demostrat que resulten una amena\u00e7a constant les 24 hores del dia per a les persones que estan en el seu \u00e0mbit d&#039;influ\u00e8ncia. A nivell laboral, hi ha hagut casos molt greus patits pels treballadors d&#039;edificis malalts constru\u00efts amb materials t\u00f2xics com els amiants, encara als tribunals\u2026<\/p>\n\n\n\n<figure class=\"wp-block-image is-resized\"><img decoding=\"async\" src=\"https:\/\/www.monapart.com\/sites\/default\/files\/styles\/scale_960x960_\/public\/mediabrowser\/contaminacion-electromagnetica.jpg?itok=ghRG2LpL\" alt=\"Contaminaci\u00f3 electromagn\u00e8tica | Monapart \" style=\"width:520px;height:auto\"\/><\/figure>\n\n\n\n<p>Com hem apuntat anteriorment, nens, ancians i persones sensibles s\u00f3n els m\u00e9s exposats a aquestes \u201cmalalties invisibles\u201d. En aquesta l\u00ednia, el diari brit\u00e0nic <em>The Telegraph <\/em>va publicar un article a finals del 2016 que va donar molt a parlar: <a href=\"http:\/\/www.telegraph.co.uk\/health-fitness\/body\/wifi-internet-family-dangerous-health\/\" target=\"_blank\" rel=\"noreferrer noopener\"><em>Is Wi-Fi making your child ill?<\/em><\/a> (El Wi-Fi est\u00e0 afectant la salut del teu fill?) on va exposar les recents investigacions de la doctora Erica Mallery-Blythe sobre la radiaci\u00f3 electromagn\u00e8tica a qu\u00e8 estaven exposats els nens a les escoles ia casa seva. Despr\u00e9s d&#039;haver analitzat centenars de casos, la doctora Mallery-Blythe afirma: <em>&quot;La majoria dels professors ni tan sols saben que les radiacions electromagn\u00e8tiques estan actualment classificades per l&#039;Ag\u00e8ncia Internacional sobre el C\u00e0ncer (IARC) com un carcinogen Grup 2B, que significa que \u00e9s una possible causa de c\u00e0ncer en \u00e9ssers humans.&quot;<\/em> A pa\u00efsos com Fran\u00e7a o Alemanya, ja s&#039;ha limitat l&#039;exposici\u00f3 dels nens a aquestes radiacions a escoles bressol i escoles d&#039;educaci\u00f3 prim\u00e0ria, a m\u00e9s d&#039;aconsellar tota la poblaci\u00f3 sobre un \u00fas responsable dels dispositius sense fil.<\/p>\n\n\n\n<p>Potser tot aix\u00f2 et sembla exagerat, creus que \u00e9s un assumpte que ens queda lluny i t&#039;acontentes d&#039;escollir aquests <a href=\"\/magazine\/ca\/node\/538\/\" target=\"_blank\" rel=\"noreferrer noopener\">ambientadors naturals<\/a>. La veritat \u00e9s que ning\u00fa sap les conseq\u00fc\u00e8ncies reals de tanta ona al nostre entorn. Si \u00e9s un tema que et preocupa, aixeca la m\u00e0! Per\u00f2 sobretot, no se t&#039;acudeixi enviar-nos un whatsapp\u2026&nbsp;<\/p>","protected":false},"excerpt":{"rendered":"<p>Una vivienda sana, con luz, aireada, silenciosa y con una distribuci\u00f3n de espacios fluida es el primer paso para garantizar una vida sana, con luz, aireada, silenciosa y fluida. Cuando se nos pregunta en Monapart qu\u00e9 hace que una vivienda bonita sea \u00abuna de las nuestras\u00bb, tenemos claro que los criterios est\u00e9ticos son importantes, pero siempre van por detr\u00e1s de la luz, de la calidad del espacio, del entorno&#8230; Las tipolog\u00edas son infinitas, pero tenemos claro que una vivienda bonita siempre debe ser un espacio apto para la felicidad.<\/p>","protected":false},"author":3,"featured_media":665,"comment_status":"closed","ping_status":"closed","sticky":false,"template":"","format":"standard","meta":{"_acf_changed":false,"footnotes":""},"categories":[2844,2848],"tags":[2906],"class_list":["post-664","post","type-post","status-publish","format-standard","has-post-thumbnail","hentry","category-hogar","category-hogar-eco","tag-consumo-responsable"],"acf":[],"_links":{"self":[{"href":"https:\/\/www.monapart.com\/magazine\/ca\/wp-json\/wp\/v2\/posts\/664","targetHints":{"allow":["GET"]}}],"collection":[{"href":"https:\/\/www.monapart.com\/magazine\/ca\/wp-json\/wp\/v2\/posts"}],"about":[{"href":"https:\/\/www.monapart.com\/magazine\/ca\/wp-json\/wp\/v2\/types\/post"}],"author":[{"embeddable":true,"href":"https:\/\/www.monapart.com\/magazine\/ca\/wp-json\/wp\/v2\/users\/3"}],"replies":[{"embeddable":true,"href":"https:\/\/www.monapart.com\/magazine\/ca\/wp-json\/wp\/v2\/comments?post=664"}],"version-history":[{"count":2,"href":"https:\/\/www.monapart.com\/magazine\/ca\/wp-json\/wp\/v2\/posts\/664\/revisions"}],"predecessor-version":[{"id":16700,"href":"https:\/\/www.monapart.com\/magazine\/ca\/wp-json\/wp\/v2\/posts\/664\/revisions\/16700"}],"wp:featuredmedia":[{"embeddable":true,"href":"https:\/\/www.monapart.com\/magazine\/ca\/wp-json\/wp\/v2\/media\/665"}],"wp:attachment":[{"href":"https:\/\/www.monapart.com\/magazine\/ca\/wp-json\/wp\/v2\/media?parent=664"}],"wp:term":[{"taxonomy":"category","embeddable":true,"href":"https:\/\/www.monapart.com\/magazine\/ca\/wp-json\/wp\/v2\/categories?post=664"},{"taxonomy":"post_tag","embeddable":true,"href":"https:\/\/www.monapart.com\/magazine\/ca\/wp-json\/wp\/v2\/tags?post=664"}],"curies":[{"name":"wp","href":"https:\/\/api.w.org\/{rel}","templated":true}]}}