{"id":648,"date":"2017-04-24T16:56:07","date_gmt":"2017-04-24T14:56:07","guid":{"rendered":"https:\/\/www.monapart.com\/magazine\/?p=648"},"modified":"2025-06-20T17:06:32","modified_gmt":"2025-06-20T15:06:32","slug":"vella-obra-nova-converses-arriscades-sobre-vivenda","status":"publish","type":"post","link":"https:\/\/www.monapart.com\/magazine\/ca\/noticias\/vieja-obra-nueva-conversaciones-arriesgadas-sobre-vivienda","title":{"rendered":"Vieja obra nueva &#8211; Conversaciones arriesgadas sobre vivienda"},"content":{"rendered":"<h1 class=\"wp-block-heading\">Vella obra nova \u00b7 Converses arriscades sobre habitatge<\/h1>\n\n\n\n<h2 class=\"wp-block-heading\">Barcelona viu un proc\u00e9s transformador de \u201cmanhattanitzaci\u00f3\u201d: aflu\u00e8ncia creixent de visitants i residents del m\u00f3n; encariment del s\u00f2l a les zones centrals; gentrificaci\u00f3 dels barris amb m\u00e9s inter\u00e8s\u2026<\/h2>\n\n\n<div class='post-info'>24 d&#039;abril de 2017 per <a href='https:\/\/www.monapart.com\/magazine\/ca\/autor\/monapart'>Monapart<\/a><\/div>\n\n\n\n<p>Des del punt de vista residencial, assistim al despla\u00e7ament de la poblaci\u00f3 local a la perif\u00e8ria \u2014centrifugaci\u00f3\u2014; la colonitzaci\u00f3 del centre per part del resident i inversor estranger; la consolidaci\u00f3 d&#039;un segment residencial d&#039;standing alt\u00edssim i, simult\u00e0niament, a <a href=\"https:\/\/www.linkedin.com\/pulse\/existe-tal-cosa-como-una-burbuja-de-alquiler-jos%C3%A9-luis-echeverr%C3%ADa\" target=\"_blank\" rel=\"noreferrer noopener\">la bogeria del lloguer<\/a> per habitacions \u2014amb un desequilibri hist\u00f2ric entre oferta i demanda\u2014 que afecta els m\u00e9s joves i els ja no tant.<\/p>\n\n\n\n<p>En un extrem, alguns nous entrants exploren amb \u00e8xit solucions de \u201cpromoci\u00f3 de guerrilla\u201d (<a href=\"https:\/\/fhaus.co\/\" target=\"_blank\" rel=\"noreferrer noopener\">FHAUS<\/a>, <a href=\"http:\/\/www.lacasaporeltejado.eu\" target=\"_blank\" rel=\"noreferrer noopener\">La Casa per la Teulada<\/a>); a l&#039;oposat, altres projecten habitatge cooperatiu en r\u00e8gim de cessi\u00f3 d&#039;\u00fas (<a href=\"http:\/\/www.canbatllo.org\" target=\"_blank\" rel=\"noreferrer noopener\">Can Batll\u00f3<\/a>) o promocions d&#039;habitatge compartit per llogar per habitacions (Roombeo). Entremig, les promotores de sempre.<\/p>\n\n\n\n<figure class=\"wp-block-image\"><img decoding=\"async\" src=\"https:\/\/www.monapart.com\/sites\/default\/files\/styles\/scale_960x960_\/public\/mediabrowser\/can_batllo.png?itok=iem6jkSd\" alt=\"Can Batll\u00f3 \u00b7 Speakeasy | Monapart \"\/><\/figure>\n\n\n\n<p>A Monapart volem contribuir a aquesta reflexi\u00f3 d&#039;una manera creativa i provocadora, per a aix\u00f2 hem concebut una s\u00e8rie de debats amb el t\u00edtol de <strong>Speakeasy: Converses arriscades sobre habitatge <\/strong>espec\u00edficament plantejats per al col\u00b7lectiu de promotors, arquitectes i altres professionals vinculats al m\u00f3n de l&#039;habitatge, la primera edici\u00f3 del qual se celebra a Barcelona, amb la previsi\u00f3 que es pugui repetir a totes les ciutats on Monapart \u00e9s present: Alacant, Girona, Madrid, Palma, Tarragona i Val\u00e8ncia.<\/p>\n\n\n\n<figure class=\"wp-block-image\"><img decoding=\"async\" src=\"https:\/\/www.monapart.com\/sites\/default\/files\/styles\/scale_960x960_\/public\/mediabrowser\/speakeasy_logo_2000x1000.jpg?itok=g8QYu3mj\" alt=\"Speakeasy | Monapart  \"\/><\/figure>\n\n\n\n<p>En aquest punt, resulta \u00fatil una breu interrupci\u00f3 aclaridora: Un speakeasy era \u201cun establiment que venia de manera il\u00b7legal begudes alcoh\u00f2liques durant el per\u00edode hist\u00f2ric dels Estats Units (i Canad\u00e0) conegut com a Prohibici\u00f3 (1920\u20131932, m\u00e9s temps en alguns estats). paraula refereix a la manera com un client habitual demanava una beguda alcoh\u00f2lica sense aixecar sospites: els cambrers dirien als clients habituals que estiguessin callats i \u201cparlessin baix\u201d (en angl\u00e8s \u201cspeak easy\u201d); o potser a l&#039;habilitat dels clients habituals per parlar sobre l&#039;alcohol sense t\u00e9mer que policies governamentals estiguessin escoltant.\u201d (Wikip\u00e8dia)<\/p>\n\n\n\n<figure class=\"wp-block-image\"><img decoding=\"async\" src=\"https:\/\/www.monapart.com\/sites\/default\/files\/styles\/scale_960x960_\/public\/mediabrowser\/we_want_beer.jpg?itok=SwMA4E1A\" alt=\"Speakeasy | Monapart \"\/><\/figure>\n\n\n\n<figure class=\"wp-block-image\"><img decoding=\"async\" src=\"https:\/\/www.monapart.com\/sites\/default\/files\/styles\/scale_960x960_\/public\/mediabrowser\/we_drink_beer.jpg?itok=BxVYg3Ct\" alt=\"Speakeasy | Monapart \"\/><\/figure>\n\n\n\n<p>Es proposa, per tant, un debat en relaci\u00f3 amb una ciutat (Barcelona), un moment hist\u00f2ric, un client nou i l&#039;habitatge que hi ha de donar resposta.<\/p>\n\n\n\n<p>Algunes preguntes que poden ajudar a entendre millor l&#039;ambici\u00f3 i l&#039;abast del debat podrien ser les seg\u00fcents:<\/p>\n\n\n\n<ul class=\"wp-block-list\">\n<li>Viu Barcelona un moment de canvi extraordinari?<\/li>\n\n\n\n<li>Promotores, consultores, arquitectes\u2026 saben qu\u00e8 cerca l&#039;actual resident\/comprador d&#039;habitatge? \u00c9s \u201call\u00f2 de sempre\u201d?<\/li>\n\n\n\n<li>Quins arquetips de resident urb\u00e0 hi ha (m\u00e9s enll\u00e0 de singles-parelles-fam\u00edlies)?<\/li>\n\n\n\n<li>Amb quines eines compten les promotores per conceptualitzar les promocions i adequar-les el m\u00e0xim possible a la demanda?<\/li>\n\n\n\n<li>Qu\u00e8 pot aprendre el m\u00f3n de la promoci\u00f3 del m\u00f3n del retail a l&#039;hora de concebre espais?<\/li>\n\n\n\n<li>Per qu\u00e8 les promotores no fan estudis del consumidor m\u00e9s sofisticats?<\/li>\n\n\n\n<li>Quina influ\u00e8ncia est\u00e0 exercint la demanda estrangera als projectes de promoci\u00f3?<\/li>\n\n\n\n<li>AirBnB, el lloguer per habitacions o l&#039;intercanvi de casa (vacacional) ens ha de fer pensar l&#039;habitatge de manera diferent?<\/li>\n\n\n\n<li>Quines tend\u00e8ncies en mat\u00e8ria de disseny i arquitectura dom\u00e8stica s&#039;estan detectant?<\/li>\n\n\n\n<li>La normativa d&#039;habitabilitat \u00e9s una limitaci\u00f3 o una coartada?<\/li>\n\n\n\n<li>Per qu\u00e8 s&#039;innova m\u00e9s en vivenda p\u00fablica que en promoci\u00f3 privada?<\/li>\n\n\n\n<li>Les promotores haurien de tenir un departament d&#039;innovaci\u00f3? Podrien ser els arquitectes? Qu\u00e8 haurien de fer aquests de manera diferent per recuperar la legitimitat i prestigi professionals perduts?<\/li>\n\n\n\n<li>Els arquitectes innoven (des del rigor) o inventen (des de l&#039;originalitat)?<\/li>\n\n\n\n<li>Tothom t\u00e9 clar que la vivenda \u00e9s un producte?<\/li>\n\n\n\n<li>Cap on apunta l&#039;habitatge a Barcelona?<\/li>\n\n\n\n<li>\u2026<\/li>\n<\/ul>\n\n\n\n<p>En aquesta primera edici\u00f3, i amb l&#039;objectiu de cercar <em>estranys companys de llit<\/em> sense per aix\u00f2 desvirtuar l&#039;objectiu del debat, ens acompanyaran <a href=\"https:\/\/www.linkedin.com\/in\/borja-mart%C3%ADn-4176b13\/\" target=\"_blank\" rel=\"noreferrer noopener\">Borja Mart\u00edn<\/a> (<a href=\"https:\/\/twitter.com\/borjamart\" target=\"_blank\" rel=\"noreferrer noopener\">@borjamart<\/a>), director general de Salvetti &amp; Llombart, consultoria estrat\u00e8gica internacional especialitzada en investigaci\u00f3 de mercats; Ferran Mars\u00e0, conseller delegat de <a href=\"http:\/\/www.lallavedeoro.com\/\" target=\"_blank\" rel=\"noreferrer noopener\">La Clau d&#039;Or<\/a>, empresa promotora de refer\u00e8ncia a Catalunya des del 1945; <a href=\"https:\/\/www.linkedin.com\/in\/gracia-cardona-41434618\/\" target=\"_blank\" rel=\"noreferrer noopener\">Gr\u00e0cia Cardona<\/a>, presidenta de <a href=\"http:\/\/fad.cat\/adi\/blog\/es\/\" target=\"_blank\" rel=\"noreferrer noopener\">ADIFAD<\/a> i propiet\u00e0ria fundadora de <a href=\"http:\/\/diariodesign.com\/\" target=\"_blank\" rel=\"noreferrer noopener\">DiariDesign<\/a>, possiblement el magazine on-line de disseny, interiorisme i arquitectura m\u00e9s rellevant del pa\u00eds; i Luc\u00eda Ferrater, s\u00f2cia co-fundadora de <a href=\"http:\/\/ferrater.com\/\" target=\"_blank\" rel=\"noreferrer noopener\">OAB-Office of Architecture in Barcelona<\/a>, un dels despatxos d&#039;arquitectura amb m\u00e9s projecci\u00f3 internacional i \u00e0mplia experi\u00e8ncia en projectes residencials per al sector privat.<\/p>\n\n\n\n<figure class=\"wp-block-image\"><img decoding=\"async\" src=\"https:\/\/www.monapart.com\/sites\/default\/files\/styles\/scale_960x960_\/public\/mediabrowser\/ponentes_speakeasy_vieja_obra_nueva.jpg?itok=rviepmfX\" alt=\"Speakeasy | Monapart \"\/><\/figure>\n\n\n\n<p>Deixarem que, per una vegada, els ponents habituals que monopolitzen \u2014sense ser culpables\u2014 el debat immobiliari assisteixin d&#039;espectadors si aix\u00ed ho desitgen o es quedin a casa si no suporten la idea de no poder <em>al\u00e7ar la veu<\/em>\u2026<\/p>\n\n\n\n<p>* Si ets promotor, consulta el nostre servei de <a href=\"\/magazine\/ca\/node\/3067\/\">Consultoria d&#039;Obra Nova<\/a> i sabr\u00e0s com podem ajudar-te a treure la m\u00e0xima rendibilitat a les promocions.<\/p>\n\n\n\n<p>Monapart Barcelona estrena la primera edici\u00f3 de Speakeasy, una s\u00e8rie de converses arriscades sobre habitatge, on convoca arquitectes, promotors, inversors i altres experts vinculats al m\u00f3n de l&#039;habitatge, per parlar dels enormes reptes immobiliaris a qu\u00e8 s&#039;enfronta Barcelona. Estem preparats?<\/p>","protected":false},"excerpt":{"rendered":"<p>Barcelona viu un proc\u00e9s transformador de \u201cmanhattanitzaci\u00f3\u201d: aflu\u00e8ncia creixent de visitants i residents del m\u00f3n; encariment del s\u00f2l a les zones centrals; gentrificaci\u00f3 dels barris amb m\u00e9s inter\u00e8s\u2026<\/p>","protected":false},"author":3,"featured_media":649,"comment_status":"closed","ping_status":"closed","sticky":false,"template":"","format":"standard","meta":{"_acf_changed":false,"footnotes":""},"categories":[2852,2854],"tags":[3245,2885,2967,2872],"class_list":["post-648","post","type-post","status-publish","format-standard","has-post-thumbnail","hentry","category-noticias","category-actualidad","tag-obra-nueva","tag-arquitectura","tag-eventos","tag-barcelona"],"acf":[],"_links":{"self":[{"href":"https:\/\/www.monapart.com\/magazine\/ca\/wp-json\/wp\/v2\/posts\/648","targetHints":{"allow":["GET"]}}],"collection":[{"href":"https:\/\/www.monapart.com\/magazine\/ca\/wp-json\/wp\/v2\/posts"}],"about":[{"href":"https:\/\/www.monapart.com\/magazine\/ca\/wp-json\/wp\/v2\/types\/post"}],"author":[{"embeddable":true,"href":"https:\/\/www.monapart.com\/magazine\/ca\/wp-json\/wp\/v2\/users\/3"}],"replies":[{"embeddable":true,"href":"https:\/\/www.monapart.com\/magazine\/ca\/wp-json\/wp\/v2\/comments?post=648"}],"version-history":[{"count":3,"href":"https:\/\/www.monapart.com\/magazine\/ca\/wp-json\/wp\/v2\/posts\/648\/revisions"}],"predecessor-version":[{"id":16869,"href":"https:\/\/www.monapart.com\/magazine\/ca\/wp-json\/wp\/v2\/posts\/648\/revisions\/16869"}],"wp:featuredmedia":[{"embeddable":true,"href":"https:\/\/www.monapart.com\/magazine\/ca\/wp-json\/wp\/v2\/media\/649"}],"wp:attachment":[{"href":"https:\/\/www.monapart.com\/magazine\/ca\/wp-json\/wp\/v2\/media?parent=648"}],"wp:term":[{"taxonomy":"category","embeddable":true,"href":"https:\/\/www.monapart.com\/magazine\/ca\/wp-json\/wp\/v2\/categories?post=648"},{"taxonomy":"post_tag","embeddable":true,"href":"https:\/\/www.monapart.com\/magazine\/ca\/wp-json\/wp\/v2\/tags?post=648"}],"curies":[{"name":"wp","href":"https:\/\/api.w.org\/{rel}","templated":true}]}}