{"id":642,"date":"2017-03-28T18:30:49","date_gmt":"2017-03-28T16:30:49","guid":{"rendered":"https:\/\/www.monapart.com\/magazine\/?p=642"},"modified":"2025-05-14T13:14:08","modified_gmt":"2025-05-14T11:14:08","slug":"luxe-contingut-en-la-reforma-duna-casa-a-torredembarra","status":"publish","type":"post","link":"https:\/\/www.monapart.com\/magazine\/ca\/hogar\/lujo-contenido-en-la-reforma-de-una-casa-en-torredembarra","title":{"rendered":"Luxe contingut a la reforma d&#039;una casa a Torredembarra"},"content":{"rendered":"<h1 class=\"wp-block-heading\">Luxe contingut a la reforma d&#039;una casa a Torredembarra<\/h1>\n\n\n\n<h2 class=\"wp-block-heading\">La reforma d\u00b4aquesta casa a Torredembarra destil\u00b7la l\u00ednies personals, s\u00f2bries i luxe contingut, premisses que defineixen l\u00b4estil d\u00b4Ekis Arquitectura Global, l\u00b4estudi d\u00b4arquitectura i interiorisme que l\u00b4ha dut a terme.<\/h2>\n\n\n<div class='post-info'>28 de mar\u00e7 de 2017 per <a href='https:\/\/www.monapart.com\/magazine\/ca\/autor\/monapart'>Monapart<\/a><\/div>\n\n\n\n<p>Es va obrir la porta d&#039;aquesta casa en venda a <a href=\"\/magazine\/ca\/node\/1120\/\">Monapart Tarragona<\/a>&nbsp;i vaig saber que all\u00f2 m&#039;agradaria\u2026 S\u00f3c arquitecta, aix\u00ed que l&#039;olor de serradures, pintura fresca i mobles acabats de desembalar, \u00e9s una cosa que m&#039;emociona.<\/p>\n\n\n\n<p>M&#039;explica MA, el propietari, que va encarregar la reforma a <a href=\"http:\/\/www.ekis.cat\/\" target=\"_blank\" rel=\"noreferrer noopener\">Ekis Arquitectura Global<\/a>, un estudi d&#039;arquitectura i interiorisme a cavall entre Barcelona i Lleida, fundat per Kiko Solsona fa 35 anys sota la premissa de l\u00ednies personals, s\u00f2bries i el luxe de tra\u00e7os austers. I justament aix\u00f2 \u00e9s el que emana d&#039;aquesta reforma, el luxe contingut amb qu\u00e8 aquests arquitectes es defineixen. una atmosfera elegant i sense excessos en aquesta <a href=\"\/magazine\/ca\/node\/1298\/\" target=\"_blank\" rel=\"noreferrer noopener\">habitatge bonic a Torredembarra<\/a>.<\/p>\n\n\n\n<blockquote class=\"wp-block-quote is-layout-flow wp-block-quote-is-layout-flow\">\n<p>La reforma d\u00b4aquesta casa a Torredembarra destil\u00b7la l\u00ednies personals, s\u00f2bries i luxe contingut, premisses que defineixen l\u00b4estil d\u00b4Ekis Arquitectura Global, l\u00b4estudi d\u00b4arquitectura i interiorisme que l\u00b4ha dut a terme.<\/p>\n<\/blockquote>\n\n\n\n<p>A la planta baixa, on avui hi ha l&#039;acc\u00e9s a l&#039;habitatge, abans hi havia una gran sala amb xemeneia, un dormitori, un bany i un safareig. I all\u00f2 que era la gran sala, l&#039;espai principal, \u00e9s avui una sala polivalent. Es projecta tamb\u00e9 un safareig nou i modern, un bany de cortesia i una habitaci\u00f3 doble amb bany. L&#039;escala passa de ser un mer fi a ser l&#039;element principal de la casa, que cus les tres plantes.<\/p>\n\n\n\n<figure class=\"wp-block-image\"><img decoding=\"async\" src=\"https:\/\/magazine.monapart.com\/sites\/default\/files\/mediabrowser\/reforma-en-torredembarra_planta-baja_sala_0.png\" alt=\"Luxe contingut a la reforma d&#039;una casa a Torredembarra | Monapart\"\/><\/figure>\n\n\n\n<figure class=\"wp-block-image\"><img decoding=\"async\" src=\"https:\/\/magazine.monapart.com\/sites\/default\/files\/mediabrowser\/reforma-en-torredembarra_planta-baja_dormitorio.png\" alt=\"Luxe contingut a la reforma d&#039;una casa a Torredembarra | Monapart\"\/><\/figure>\n\n\n\n<figure class=\"wp-block-image\"><img decoding=\"async\" src=\"https:\/\/www.monapart.com\/sites\/default\/files\/styles\/scale_960x960_\/public\/mediabrowser\/reforma-en-torredembarra_planta-baja_escalera.png?itok=4j2zHtXX\" alt=\"Luxe contingut a la reforma d&#039;una casa a Torredembarra | Monapart\"\/><\/figure>\n\n\n\n<p>A la planta primera, s&#039;enderroquen els sostres, s&#039;elimina l&#039;env\u00e0 de la cuina, es d\u00f3na transpar\u00e8ncia a l&#039;escala, es modifiquen els buits de les fa\u00e7anes i es reforma la terrassa. Aquesta planta es converteix en un espai di\u00e0fan, amb l&#039;escala, de nou, com a element separador.<\/p>\n\n\n\n<figure class=\"wp-block-image\"><img decoding=\"async\" src=\"https:\/\/magazine.monapart.com\/sites\/default\/files\/mediabrowser\/reforma-en-torredembarra_planta-primera_cocina_sala.png\" alt=\"Luxe contingut a la reforma d&#039;una casa a Torredembarra | Monapart\"\/><\/figure>\n\n\n\n<figure class=\"wp-block-image\"><img decoding=\"async\" src=\"https:\/\/magazine.monapart.com\/sites\/default\/files\/mediabrowser\/reforma-en-torredembarra_planta-primera_terraza.png\" alt=\"Luxe contingut a la reforma d&#039;una casa a Torredembarra | Monapart\"\/><\/figure>\n\n\n\n<figure class=\"wp-block-image\"><img decoding=\"async\" src=\"https:\/\/www.monapart.com\/sites\/default\/files\/styles\/scale_960x960_\/public\/mediabrowser\/reforma-en-torredembarra_planta-primera_escalera.png?itok=feo-IK_o\" alt=\"Luxe contingut a la reforma d&#039;una casa a Torredembarra | Monapart\"\/><\/figure>\n\n\n\n<p>A la planta segona, on hi havia 3 habitacions (2 individuals que compartien un bany i una habitaci\u00f3 doble tipus suite) avui hi ha 2 habitacions individuals en una habitaci\u00f3 doble amb armaris encastats i bany, i es reforma completament l&#039;habitaci\u00f3 principal.<\/p>\n\n\n\n<figure class=\"wp-block-image\"><img decoding=\"async\" src=\"https:\/\/www.monapart.com\/sites\/default\/files\/styles\/scale_960x960_\/public\/mediabrowser\/reforma-en-torredembarra_planta-segunda_bano_dormitorio.png?itok=8eQ0sgDU\" alt=\"Luxe contingut a la reforma d&#039;una casa a Torredembarra | Monapart\"\/><\/figure>\n\n\n\n<figure class=\"wp-block-image\"><img decoding=\"async\" src=\"https:\/\/magazine.monapart.com\/sites\/default\/files\/mediabrowser\/reforma-en-torredembarra_planta-segunda_dormitorio.png\" alt=\"Luxe contingut a la reforma d&#039;una casa a Torredembarra | Monapart\"\/><\/figure>\n\n\n\n<figure class=\"wp-block-image\"><img decoding=\"async\" src=\"https:\/\/www.monapart.com\/sites\/default\/files\/styles\/scale_960x960_\/public\/mediabrowser\/reforma-en-torredembarra_planta-segunda_dormitorio_principal.png?itok=5GWZakMS\" alt=\"Luxe contingut a la reforma d&#039;una casa a Torredembarra | Monapart\"\/><\/figure>\n\n\n\n<figure class=\"wp-block-image\"><img decoding=\"async\" src=\"https:\/\/www.monapart.com\/sites\/default\/files\/styles\/scale_960x960_\/public\/mediabrowser\/reforma-en-torredembarra_planta-segunda_bano_ok.png?itok=95fE55eP\" alt=\"Luxe contingut a la reforma d&#039;una casa a Torredembarra | Monapart\"\/><\/figure>","protected":false},"excerpt":{"rendered":"<p>La reforma d\u00b4aquesta casa a Torredembarra destil\u00b7la l\u00ednies personals, s\u00f2bries i luxe contingut, premisses que defineixen l\u00b4estil d\u00b4Ekis Arquitectura Global, l\u00b4estudi d\u00b4arquitectura i interiorisme que l\u00b4ha dut a terme.<\/p>","protected":false},"author":3,"featured_media":643,"comment_status":"closed","ping_status":"closed","sticky":false,"template":"","format":"standard","meta":{"_acf_changed":false,"footnotes":""},"categories":[2844,2846],"tags":[2884,2871],"class_list":["post-642","post","type-post","status-publish","format-standard","has-post-thumbnail","hentry","category-hogar","category-espacios-y-vida","tag-especiesdeespacios","tag-interiorismo"],"acf":[],"_links":{"self":[{"href":"https:\/\/www.monapart.com\/magazine\/ca\/wp-json\/wp\/v2\/posts\/642","targetHints":{"allow":["GET"]}}],"collection":[{"href":"https:\/\/www.monapart.com\/magazine\/ca\/wp-json\/wp\/v2\/posts"}],"about":[{"href":"https:\/\/www.monapart.com\/magazine\/ca\/wp-json\/wp\/v2\/types\/post"}],"author":[{"embeddable":true,"href":"https:\/\/www.monapart.com\/magazine\/ca\/wp-json\/wp\/v2\/users\/3"}],"replies":[{"embeddable":true,"href":"https:\/\/www.monapart.com\/magazine\/ca\/wp-json\/wp\/v2\/comments?post=642"}],"version-history":[{"count":3,"href":"https:\/\/www.monapart.com\/magazine\/ca\/wp-json\/wp\/v2\/posts\/642\/revisions"}],"predecessor-version":[{"id":16708,"href":"https:\/\/www.monapart.com\/magazine\/ca\/wp-json\/wp\/v2\/posts\/642\/revisions\/16708"}],"wp:featuredmedia":[{"embeddable":true,"href":"https:\/\/www.monapart.com\/magazine\/ca\/wp-json\/wp\/v2\/media\/643"}],"wp:attachment":[{"href":"https:\/\/www.monapart.com\/magazine\/ca\/wp-json\/wp\/v2\/media?parent=642"}],"wp:term":[{"taxonomy":"category","embeddable":true,"href":"https:\/\/www.monapart.com\/magazine\/ca\/wp-json\/wp\/v2\/categories?post=642"},{"taxonomy":"post_tag","embeddable":true,"href":"https:\/\/www.monapart.com\/magazine\/ca\/wp-json\/wp\/v2\/tags?post=642"}],"curies":[{"name":"wp","href":"https:\/\/api.w.org\/{rel}","templated":true}]}}