{"id":636,"date":"2017-03-01T14:19:09","date_gmt":"2017-03-01T13:19:09","guid":{"rendered":"https:\/\/www.monapart.com\/magazine\/?p=636"},"modified":"2025-06-20T17:02:42","modified_gmt":"2025-06-20T15:02:42","slug":"darrere-dun-nordic-que-compra-hi-ha-un-mallorqui-que-ven-entrevista-diariament","status":"publish","type":"post","link":"https:\/\/www.monapart.com\/magazine\/ca\/noticias\/detras-de-un-nordico-que-compra-hay-un-mallorquin-que-vende-entrevista-en-diario","title":{"rendered":"Darrere d&#039;un n\u00f2rdic que compra, hi ha un mallorqu\u00ed que ven \u00b7 Entrevista a Diario de Mallorca"},"content":{"rendered":"\n<h1 class=\"wp-block-heading\">Detr\u00e1s de un n\u00f3rdico que compra, hay un mallorqu\u00edn que vende \u00b7 Entrevista en Diario de Mallorca<\/h1>\n\n\n\n<h2 class=\"wp-block-heading\">El 26 de febrero, nuestra socia en Palma, Tete Cresp\u00ed, fue entrevistada en el Diario de Mallorca para hablar sobre la situaci\u00f3n del sector inmobiliario en general y de las particularidades dentro de su ciudad.<\/h2>\n\n\n<div class='post-info'>1 de mar\u00e7 de 2017 por <a href='https:\/\/www.monapart.com\/magazine\/ca\/autor\/monapart'>Monapart<\/a><\/div>\n\n\n\n<p>En unas cuantas preguntas, Tete hace un acertad\u00edsimo an\u00e1lisis del presente y el futuro del mercado inmobiliario en la isla, poniendo el centro de atenci\u00f3n de Monapart&nbsp;en aquellas personas que quieren sentirse bien asesoradas y acompa\u00f1adas durante el proceso de venta de su vivienda.<\/p>\n\n\n\n<figure class=\"wp-block-image\"><img decoding=\"async\" src=\"https:\/\/www.monapart.com\/sites\/default\/files\/styles\/scale_960x960_\/public\/mediabrowser\/tete_crespi_en_el_diario_de_mallorca.png?itok=2Xl48EYw\" alt=\"Tete Cresp\u00ed entrevistada en el Diario de Mallorca \u00b7 febrero 2017 | Monapart \"\/><\/figure>\n\n\n\n<p>[Pregunta]&nbsp;<strong>\u00bfQu\u00e9 diferencia (Monapart) de otras agencias inmobiliarias?<\/strong><br>[Respuesta] La venta de una casa es la transacci\u00f3n m\u00e1s importante en la vida de una persona, por ello es muy importante el rigor y la honestidad. Ofrecer una casa a precio de mercado, bien valorada, bien presentada, por un equipo de profesionales es fundamental. (&#8230;)&nbsp;En Monapart vendemos un estilo de vida, somos adem\u00e1s una agencia local, cuidamos al mallorqu\u00edn, y filtramos mucho, trabajamos en exclusiva.<\/p>\n\n\n\n<p>[Pregunta]&nbsp;<strong>\u00bfEst\u00e1 insinuando que las inmobiliarias dan gato por liebre?<\/strong><br>[Respuesta] En absoluto, no me atrever\u00eda a afirmar algo as\u00ed, pero sin querer hablar mal s\u00ed que pienso que a algunas les falta rigor. El precio es muy variable, el sector vende por aproximaci\u00f3n. Nosotros trabajamos con valoraciones reales. Un ejemplo: no es lo mismo vender una casa en la zona de la catedral que en sa Gerreria, y algunas agencias, ofertan estas viviendas igual. Una calle lo cambia todo.&nbsp; No puede tener el mismo precio una casa en Palau Reial que en una calle m\u00e1s peque\u00f1a, lateral&#8230;<\/p>\n\n\n\n<p>[Pregunta]&nbsp;<strong>\u00bfEst\u00e1 agotado el mercado en Palma, una ciudad que parece estar en venta y\/o en alquiler?<\/strong><br>[Respuesta]&nbsp;Vivimos un momento muy ca\u00f3tico. Hay una gran demanda, se ha vuelto a la ciudad y el extranjero ha puesto en valor zonas como el centro hist\u00f3rico, el Portixol, que el mallorqu\u00edn abandon\u00f3 o no cuid\u00f3 porque no le dio valor. Ante un n\u00f3rdico que compra, hay un mallorqu\u00edn que vende, pero ojo, que muchos locales creen que los suecos son tontos. Ellos pagan caro si el producto es bueno. El cliente que piensa que puede enriquecerse por el boom n\u00f3rdico no nos interesa. El que ofrece su casa a un mont\u00f3n de inmobiliarias desvirtua el mercado, pierde valor, porque acaba dando un precio incorrecto. En Monapart nos interesa vender a un precio ajustado al valor real de la vivienda.<\/p>\n\n\n\n<blockquote class=\"wp-block-quote alignright is-layout-flow wp-block-quote-is-layout-flow\">\n<p>\u00abEl alquiler vacacional ha sido positivo pero la codicia est\u00e1 provocando situaciones inadmisibles.\u201d<\/p>\n<\/blockquote>\n\n\n\n<p>[Pregunta] <strong>\u00bfEst\u00e1n hinchados los precios en Palma, especialmente en zonas como el centro hist\u00f3rico, Santa Catalina, Son Espanyolet?<\/strong><br>[Respuesta]&nbsp;Aunque no nos movemos en el terreno de palacetes, creo que en l\u00edneas generales se est\u00e1n vendiendo casas por un precio que no corresponde. En mi opini\u00f3n el problema es la baja calidad del producto. Hay poca vivienda en zonas de gran demanda, y algunos quieren hacer su agosto, hinchan precios. \u00a1Pedir 10.000 euros por metro cuadrado en sa Gerreria frente a un comedor social eso es absurdo! Prefiero al propietario sin expectativas absurdas, pero repito, ese no es nuestro cliente.<\/p>\n\n\n\n<p>[Pregunta] <strong>La realidad es que muchos propietarios han invertido para lucrarse con el alquiler vacacional, provocando la marcha forzosa del inquilino local con menor poder adquisitivo. \u00bfQu\u00e9 opini\u00f3n le merece la normativa, a\u00fan sin aprobar, del Govern balear?<\/strong><br>[Respuesta]&nbsp;Es evidente que debe regularse, dicho eso, tambi\u00e9n me parece l\u00f3gico que el mallorqu\u00edn que tenga muchas propiedades se les de la posibilidad de alquilar porque eso da trabajo, fomenta el crecimiento econ\u00f3mico, es positivo. Dicho esto, el que el cliente local no pueda alquilar a precios razonables y tenga que marcharse es terrible. Al final, la codicia puede. La ley, en l\u00edneas generales, me parece bastante estricta, pero a la vez debe haber l\u00edmites. Otra consecuencia es que los barrios acabar\u00e1n perdiendo autenticidad.<\/p>\n\n\n\n<p>[Pregunta]&nbsp;<strong>Palma est\u00e1 de moda pero por deinici\u00f3n, las modas son pasajeras.<\/strong><br>[Respuesta]Todo son ciclos, y va a haber resaca, pero mi opini\u00f3n es que en Palma, todo se mantendr\u00e1.<\/p>\n\n\n\n<blockquote class=\"wp-block-quote alignright is-layout-flow wp-block-quote-is-layout-flow\">\n<p>\u00abNo quisiera hablar mal de las inmobiliarias pero creo que a muchas de ellas les falta rigor, venden por aproximaci\u00f3n y con precios variables.\u201d<\/p>\n<\/blockquote>\n\n\n\n<p>[Pregunta] <strong>\u00bfD\u00f3nde crecer\u00e1 Palma?<\/strong><br>[Respuesta]<strong>&nbsp;<\/strong>No lo s\u00e9, detectar la inversi\u00f3n de futuro no es mi funci\u00f3n aunque es evidente que la zona del pol\u00edgono de Llevant, La Soledat. El centro est\u00e1 agotado, Santa Catalina, tambi\u00e9n. La ciudad crecer\u00e1 en anillos, en las zonas perif\u00e9ricas. A nosotros nos interesan zonas como Blanquerna, Arxiduc y tambi\u00e9n apostamos por casas en los pueblos con buenas comunicaciones. Palma como la puerta de entrada a la isla.<\/p>\n\n\n\n<p>[Pregunta] <strong>\u00bfLa saturaci\u00f3n tur\u00edstica liquidar\u00e1 Mallorca?<\/strong><br>[Respuesta]<strong>&nbsp;<\/strong>No tengo cultura de la queja. L\u00edmites s\u00ed, pero con cabeza. Con la crisis encima, los precios no bajaron.&nbsp;<\/p>\n","protected":false},"excerpt":{"rendered":"<p>El passat diumenge 26 de febrer, la nostra companya i s\u00f2cia a Palma, Tete Cresp\u00ed, va ser entrevistada per Lourdes Duran al Diario de Mallorca per parlar sobre la situaci\u00f3 del #sectorinme en general i de les particularitats dins de la seva ciutat.<\/p>","protected":false},"author":3,"featured_media":637,"comment_status":"closed","ping_status":"closed","sticky":false,"template":"","format":"standard","meta":{"_acf_changed":false,"footnotes":""},"categories":[2852,2853],"tags":[3246,2905],"class_list":["post-636","post","type-post","status-publish","format-standard","has-post-thumbnail","hentry","category-noticias","category-hablan-de-nosotros","tag-palma-de-mallorca","tag-prensa"],"acf":[],"_links":{"self":[{"href":"https:\/\/www.monapart.com\/magazine\/ca\/wp-json\/wp\/v2\/posts\/636","targetHints":{"allow":["GET"]}}],"collection":[{"href":"https:\/\/www.monapart.com\/magazine\/ca\/wp-json\/wp\/v2\/posts"}],"about":[{"href":"https:\/\/www.monapart.com\/magazine\/ca\/wp-json\/wp\/v2\/types\/post"}],"author":[{"embeddable":true,"href":"https:\/\/www.monapart.com\/magazine\/ca\/wp-json\/wp\/v2\/users\/3"}],"replies":[{"embeddable":true,"href":"https:\/\/www.monapart.com\/magazine\/ca\/wp-json\/wp\/v2\/comments?post=636"}],"version-history":[{"count":4,"href":"https:\/\/www.monapart.com\/magazine\/ca\/wp-json\/wp\/v2\/posts\/636\/revisions"}],"predecessor-version":[{"id":16725,"href":"https:\/\/www.monapart.com\/magazine\/ca\/wp-json\/wp\/v2\/posts\/636\/revisions\/16725"}],"wp:featuredmedia":[{"embeddable":true,"href":"https:\/\/www.monapart.com\/magazine\/ca\/wp-json\/wp\/v2\/media\/637"}],"wp:attachment":[{"href":"https:\/\/www.monapart.com\/magazine\/ca\/wp-json\/wp\/v2\/media?parent=636"}],"wp:term":[{"taxonomy":"category","embeddable":true,"href":"https:\/\/www.monapart.com\/magazine\/ca\/wp-json\/wp\/v2\/categories?post=636"},{"taxonomy":"post_tag","embeddable":true,"href":"https:\/\/www.monapart.com\/magazine\/ca\/wp-json\/wp\/v2\/tags?post=636"}],"curies":[{"name":"wp","href":"https:\/\/api.w.org\/{rel}","templated":true}]}}