{"id":632,"date":"2017-02-23T19:56:40","date_gmt":"2017-02-23T18:56:40","guid":{"rendered":"https:\/\/www.monapart.com\/magazine\/?p=632"},"modified":"2025-06-20T16:28:09","modified_gmt":"2025-06-20T14:28:09","slug":"aic17-enter-lesdeveniment-immobiliari-mes-canero-del-pais","status":"publish","type":"post","link":"https:\/\/www.monapart.com\/magazine\/ca\/noticias\/aic17-enter-el-evento-inmobiliario-mas-canero-del-pais","title":{"rendered":"AIC17 | ENTER, l\u00b4esdeveniment immobiliari m\u00e9s canyer del pa\u00eds"},"content":{"rendered":"<h1 class=\"wp-block-heading\">AIC17 | ENTER, l\u00b4esdeveniment immobiliari m\u00e9s canyer del pa\u00eds<\/h1>\n\n\n\n<h2 class=\"wp-block-heading\">Divendres que ve 3 de mar\u00e7, prop de 400 agents immobiliaris, es despla\u00e7aran al petit poble de la costa tarragonina, Calafell, per assistir a un dels esdeveniments sectorials m\u00e9s canyers del pa\u00eds: AIC17.<\/h2>\n\n\n<div class='post-info'>23 de febrer de 2017 per <a href='https:\/\/www.monapart.com\/magazine\/ca\/autor\/monapart'>Monapart<\/a><\/div>\n\n\n\n<p>Aquesta ja \u00e9s la sisena edici\u00f3 d&#039;un esdeveniment que, a poc a poc i amb bona lletra, s&#039;ha anat posicionant com a cita indispensable per a tots els agents immobiliaris amb inquietuds, ganes d&#039;aprendre, compartir i millorar.<\/p>\n\n\n\n<blockquote class=\"wp-block-quote is-layout-flow wp-block-quote-is-layout-flow\">\n<p>#AIC17 \u00e9s una cita obligada per als immobiliaris m\u00e9s exigents.<\/p>\n<\/blockquote>\n\n\n\n<p>#AIC17 \u00e9s una cita obligada per als immobiliaris que volen anar una mica m\u00e9s enll\u00e0 d&#039;escoltar immobiliaris parlant per a immobiliaris. \u00c9s per a aquells agents que volen cr\u00e9ixer i avan\u00e7ar i que saben que per aix\u00f2 han d&#039;obrir molt els ulls i la ment i aprendre sobre qu\u00e8 fan professionals d&#039;altres \u00e0mbits per arribar a l&#039;excel\u00b7l\u00e8ncia.<\/p>\n\n\n\n<figure class=\"wp-block-image\"><img decoding=\"async\" src=\"https:\/\/www.monapart.com\/sites\/default\/files\/styles\/scale_960x960_\/public\/mediabrowser\/foto_aic16.jpg?itok=Hr6QxEau\" alt=\"Agents immobiliaris AIC16, Calafell | Monapart \"\/><\/figure>\n\n\n\n<p>Cada any hi ha hagut un tema central que ha vehiculat aquesta trobada. S&#039;ha parlat del canvi, de com decidim, de la intel\u00b7lig\u00e8ncia col\u00b7lectiva, de la creativitat, de la passi\u00f3, i aquest any el tema central no \u00e9s un, sin\u00f3 dos: <strong>el lideratge i la tecnologia aplicada al sector immobiliari.<\/strong><\/p>\n\n\n\n<p>Sergi Verge (@carbasses), \u00e9s l&#039;\u00e0nima mater del projecte, i aquest any Monapart (@monapart), com a ag\u00e8ncia immobili\u00e0ria amb un posicionament i m\u00e0rqueting innovadors, s&#039;ha encarregat de la coordinaci\u00f3 de la programaci\u00f3 del mat\u00ed, dedicada precisament a aquest darrer tema: la tecnologia aplicada al sector immobiliari ia la que hem batejat com a ENTER.<\/p>\n\n\n\n<p>I com hem arribat fins aqu\u00ed? Tot va comen\u00e7ar amb una trobada (s\u00ed, a Calafell) entre Jos\u00e9 Luis Echeverr\u00eda (@jl_echeverria), soci de Monapart, i Sergi Verge, a finals de mar\u00e7 de l&#039;any passat. Per con\u00e8ixer els detalls de com va sorgir l&#039;espurna entre ells, llegeix aquest post <a href=\"https:\/\/www.linkedin.com\/pulse\/can-pilis-jos%C3%A9-luis-echeverr%C3%ADa\" target=\"_blank\" rel=\"noopener\">A Can Pilis<\/a>.<\/p>\n\n\n\n<figure class=\"wp-block-image\"><img decoding=\"async\" src=\"https:\/\/www.monapart.com\/sites\/default\/files\/styles\/scale_960x960_\/public\/mediabrowser\/jose_luis_echeverria_y_sergi_verge_aic17.jpg?itok=1clqKbDo\" alt=\"Jos\u00e9 Luis Echeverr\u00eda i Sergi Verge, gestant ENTER | Monapart\"\/><\/figure>\n\n\n\n<p>I per qu\u00e8? Perqu\u00e8 a Monapart fa anys que seguim amb atenci\u00f3 l&#039;evoluci\u00f3 de l&#039;ecosistema immobiliari nord-americ\u00e0, especialment el seu vessant m\u00e9s tecnol\u00f2gic. Pensem que un congr\u00e9s com Inman Tech Connect tamb\u00e9 hauria d&#039;existir al nostre pa\u00eds, tant per incentivar i comunicar l&#039;aparici\u00f3 de noves iniciatives sectorials de tall tecnol\u00f2gic com per promoure&#039;n l&#039;adopci\u00f3 per part del col\u00b7lectiu d&#039;agents immobiliaris quan es tracti d&#039;eines. Doncs <strong>a Espanya, moltes ag\u00e8ncies immobili\u00e0ries encara consideren que estar al dia es redueix a disposar d&#039;un web immobiliari, i <a href=\"\/magazine\/ca\/node\/1341\/\">la web de l&#039;ag\u00e8ncia immobili\u00e0ria no \u00e9s suficient<\/a>.<\/strong><\/p>\n\n\n\n<figure class=\"wp-block-image\"><img decoding=\"async\" src=\"https:\/\/www.monapart.com\/sites\/default\/files\/styles\/scale_960x960_\/public\/mediabrowser\/sector_inmobiliario_en_espana_0.jpg?itok=qZKG6hwx\" alt=\"Tecnologia al sector immobiliari a Espanya | Monapart \"\/><\/figure>\n\n\n\n<p>Despr\u00e9s de la confer\u00e8ncia d&#039;Eva Collado (@evacolladoduran), consultora estrat\u00e8gica de capital hum\u00e0, titulada <em>Les compet\u00e8ncies del professional del s. XXI<\/em>, Jos\u00e9 Luis Echeverr\u00eda inaugurar\u00e0 el bloc tecnol\u00f2gic ENTER amb la xerrada <em>El futur va ser ahir<\/em>. Seguidament s&#039;obre una sessi\u00f3 de breus intervencions de 10 minuts cadascuna, a mode de bits tecnol\u00f2gics, on responsables al capdavant de tecnologies de big data com <a href=\"http:\/\/www.inatlas.com\/\" target=\"_blank\" rel=\"noreferrer noopener\">In Atles<\/a> (@inatlas), nous models de negoci com Cliventa (@cliventa), tecnologies orientades a la productivitat com <a href=\"https:\/\/www.signaturit.com\/es\" target=\"_blank\" rel=\"noreferrer noopener\">Signaturit<\/a> (@signaturit) i tecnologies de realitat virtual com <a href=\"https:\/\/floorfy.es\/\" target=\"_blank\" rel=\"noreferrer noopener\">Floorfy<\/a> (@floorfycom), ens mostraran com aquestes eines poden ajudar a empoderar l&#039;agent i adaptar-se al nou consumidor a l&#039;era digital.<\/p>\n\n\n\n<p>A continuaci\u00f3, Olga Sala (@olgasala_) entrevistar\u00e0 Pablo \u00c1lvarez Cascos (@cascos), CTO de <a href=\"https:\/\/www.idealista.com\" target=\"_blank\" rel=\"noreferrer noopener\">Idealista<\/a>, on xerraran sobre tota aquesta mir\u00edada d&#039;aplicacions tecnol\u00f2giques, aix\u00ed com aplicacions d&#039;intel\u00b7lig\u00e8ncia artificial, blockchain i altres disrupcions tecnol\u00f2giques que ja estan canviant els est\u00e0ndards sectorials i les expectatives dels usuaris. Per acabar, Iban Sol\u00e9 (@ibansole), expert en venda digital, mostrar\u00e0 als agents immobiliaris com poden adoptar algunes t\u00e8cniques de venda digital al seu dia a dia per prospectar.<\/p>\n\n\n\n<p>A la tarda, i sota el paraigua tem\u00e0tic del lideratge, podrem gaudir de les confer\u00e8ncies de Sor Luc\u00eda Caram <em>(Lideratge i transformaci\u00f3 social. Creant xarxes pel b\u00e9 com\u00fa),<\/em> els periodistes Mart\u00ed Perarnau i Joaquin Luna <em>(Si jo em relaxo, l&#039;equip es relaxa: el lideratge de Pep Guardiola),<\/em> Marc Castellnou <em>(Decidir en temps d&#039;incertesa)<\/em> i Nacho Dean <em>(Tornada al m\u00f3n a peu: la conquesta d&#039;un somni).<\/em><\/p>\n\n\n\n<p>A la sisena edici\u00f3 d&#039;AIC17, un dels esdeveniments immobiliaris m\u00e9s canyers del pa\u00eds, Monapart coordina el bloc ENTER, dedicat a la tecnologia aplicada al sector immobiliari. Perqu\u00e8 el futur, agent, va ser ahir. Renovar-se o morir!<\/p>","protected":false},"excerpt":{"rendered":"<p>Divendres que ve 3 de mar\u00e7, prop de 400 agents immobiliaris, es despla\u00e7aran al petit poble de la costa tarragonina, Calafell, per assistir a un dels esdeveniments sectorials m\u00e9s canyers del pa\u00eds: AIC17.<\/p>","protected":false},"author":3,"featured_media":633,"comment_status":"closed","ping_status":"closed","sticky":false,"template":"","format":"standard","meta":{"_acf_changed":false,"footnotes":""},"categories":[2852,2854],"tags":[3230,2967,2925],"class_list":["post-632","post","type-post","status-publish","format-standard","has-post-thumbnail","hentry","category-noticias","category-actualidad","tag-sector-inmobiliario-2","tag-eventos","tag-aic"],"acf":[],"_links":{"self":[{"href":"https:\/\/www.monapart.com\/magazine\/ca\/wp-json\/wp\/v2\/posts\/632","targetHints":{"allow":["GET"]}}],"collection":[{"href":"https:\/\/www.monapart.com\/magazine\/ca\/wp-json\/wp\/v2\/posts"}],"about":[{"href":"https:\/\/www.monapart.com\/magazine\/ca\/wp-json\/wp\/v2\/types\/post"}],"author":[{"embeddable":true,"href":"https:\/\/www.monapart.com\/magazine\/ca\/wp-json\/wp\/v2\/users\/3"}],"replies":[{"embeddable":true,"href":"https:\/\/www.monapart.com\/magazine\/ca\/wp-json\/wp\/v2\/comments?post=632"}],"version-history":[{"count":3,"href":"https:\/\/www.monapart.com\/magazine\/ca\/wp-json\/wp\/v2\/posts\/632\/revisions"}],"predecessor-version":[{"id":16782,"href":"https:\/\/www.monapart.com\/magazine\/ca\/wp-json\/wp\/v2\/posts\/632\/revisions\/16782"}],"wp:featuredmedia":[{"embeddable":true,"href":"https:\/\/www.monapart.com\/magazine\/ca\/wp-json\/wp\/v2\/media\/633"}],"wp:attachment":[{"href":"https:\/\/www.monapart.com\/magazine\/ca\/wp-json\/wp\/v2\/media?parent=632"}],"wp:term":[{"taxonomy":"category","embeddable":true,"href":"https:\/\/www.monapart.com\/magazine\/ca\/wp-json\/wp\/v2\/categories?post=632"},{"taxonomy":"post_tag","embeddable":true,"href":"https:\/\/www.monapart.com\/magazine\/ca\/wp-json\/wp\/v2\/tags?post=632"}],"curies":[{"name":"wp","href":"https:\/\/api.w.org\/{rel}","templated":true}]}}