{"id":630,"date":"2017-01-03T19:09:28","date_gmt":"2017-01-03T18:09:28","guid":{"rendered":"https:\/\/www.monapart.com\/magazine\/?p=630"},"modified":"2025-06-20T17:02:54","modified_gmt":"2025-06-20T15:02:54","slug":"la-immobiliaria-dels-pisos-amb-encant-arriba-a-tarragona","status":"publish","type":"post","link":"https:\/\/www.monapart.com\/magazine\/ca\/noticias\/la-inmobiliaria-de-los-pisos-con-encanto-llega-a-tarragona","title":{"rendered":"La immobili\u00e0ria dels pisos amb encant arriba a Tarragona"},"content":{"rendered":"<h1 class=\"wp-block-heading\">La immobili\u00e0ria dels pisos amb encant arriba a Tarragona<\/h1>\n\n\n\n<h2 class=\"wp-block-heading\">El diumenge 11 de desembre va clarejar amb aquesta not\u00edcia al <a href=\"http:\/\/www.diaridetarragona.com\/\" target=\"_blank\" rel=\"noreferrer noopener\">Diari de Tarragona<\/a> on es feia ress\u00f2 de l&#039;obertura a la ciutat uns mesos enrere de l&#039;ag\u00e8ncia <a href=\"https:\/\/www.monapart.com\/es\/agencias\/tarragona\">Monapart Tarragona<\/a>, liderada per l&#039;arquitecta <a href=\"https:\/\/www.monapart.com\/es\/quienes-somos#agency-1120\">Vict\u00f2ria Mart\u00ed<\/a>.<\/h2>\n\n\n<div class='post-info'>3 de gener de 2017 per <a href=\"https:\/\/www.monapart.com\/magazine\/ca\/autor\/monapart\">Monapart<\/a><\/div>\n\n\n\n<p>A continuaci\u00f3 reprodu\u00efm l&#039;article:<\/p>\n\n\n\n<p>La xarxa d&#039;ag\u00e8ncies immobili\u00e0ries <a href=\"https:\/\/www.monapart.com\/es\">Monapart<\/a>, especialitzada en la intermediaci\u00f3 de vivendes amb encant, arriba a Tarragona. Amb aquesta obertura, juntament amb les ag\u00e8ncies d&#039;Alacant, Barcelona, Girona, Palma i Val\u00e8ncia, la xarxa Monapart continua el creixement i es consolida a l&#039;arc mediterrani.<\/p>\n\n\n\n<p>Monapart va iniciar la seva activitat a Barcelona el 2010 amb un posicionament innovador dins del sector immobiliari basat en estil de vida. Monapart d\u00f3na resposta a les necessitats espec\u00edfiques dels propietaris d&#039;habitatges amb encant, oferint-los un servei proper i honest.<\/p>\n\n\n\n<blockquote class=\"wp-block-quote is-layout-flow wp-block-quote-is-layout-flow\">\n<p>Segons l&#039;ag\u00e8ncia, Tarragona t\u00e9 un percentatge elevat d&#039;aquests habitatges especials i amb valor arquitect\u00f2nic, des de Cambrils fins a Torredembarra, passant per Reus.<\/p>\n<\/blockquote>\n\n\n\n<p>L&#039;arquitecta Vict\u00f2ria Mart\u00ed, al capdavant de Monapart Tarragona, considera que estem en una etapa de <a href=\"https:\/\/www.monapart.com\/es\/magazine\/sector-inmobiliario\/optiminmo-u-optimismo-inmobiliario\">optimisme immobiliari<\/a>. A la prov\u00edncia de Tarragona, del 2013 al 2015, les compravendes d&#039;habitatges han crescut un 12,7% segons dades de l&#039;Institut Nacional d&#039;Estad\u00edstica. Amb aquesta dada, Mart\u00ed afirma: <em>\u00abEl mercat immobiliari es recupera, per\u00f2 cada cop \u00e9s m\u00e9s exigent. La frase \u201ctot es ven\u201d forma part del passat. Ara el mercat demana habitatges de qualitat, per\u00f2 no a qualsevol preu, sin\u00f3 a preu just.\u00bb&nbsp;<\/em><\/p>\n\n\n\n<figure class=\"wp-block-image\"><img decoding=\"async\" src=\"https:\/\/www.monapart.com\/sites\/default\/files\/styles\/scale_960x960_\/public\/mediabrowser\/monapart_tarragona_en_el_diari_de_tarragona.png?itok=n4oOzcad\" alt=\"Monapart Tarragona al Diari de Tarragona | Monapart \" title=\"Monapart Tarragona al Diari de Tarragona\"\/><\/figure>","protected":false},"excerpt":{"rendered":"<p>Diumenge 11 de desembre va clarejar amb aquesta not\u00edcia al Diari de Tarragona on es feia ress\u00f2 de l&#039;obertura a la ciutat uns mesos enrere de l&#039;ag\u00e8ncia Monapart Tarragona, liderada per l&#039;arquitecta Vict\u00f2ria Mart\u00ed.<\/p>","protected":false},"author":3,"featured_media":631,"comment_status":"closed","ping_status":"closed","sticky":false,"template":"","format":"standard","meta":{"_acf_changed":false,"footnotes":""},"categories":[2852,2853],"tags":[2905,3071],"class_list":["post-630","post","type-post","status-publish","format-standard","has-post-thumbnail","hentry","category-noticias","category-hablan-de-nosotros","tag-prensa","tag-tarragona"],"acf":[],"_links":{"self":[{"href":"https:\/\/www.monapart.com\/magazine\/ca\/wp-json\/wp\/v2\/posts\/630","targetHints":{"allow":["GET"]}}],"collection":[{"href":"https:\/\/www.monapart.com\/magazine\/ca\/wp-json\/wp\/v2\/posts"}],"about":[{"href":"https:\/\/www.monapart.com\/magazine\/ca\/wp-json\/wp\/v2\/types\/post"}],"author":[{"embeddable":true,"href":"https:\/\/www.monapart.com\/magazine\/ca\/wp-json\/wp\/v2\/users\/3"}],"replies":[{"embeddable":true,"href":"https:\/\/www.monapart.com\/magazine\/ca\/wp-json\/wp\/v2\/comments?post=630"}],"version-history":[{"count":2,"href":"https:\/\/www.monapart.com\/magazine\/ca\/wp-json\/wp\/v2\/posts\/630\/revisions"}],"predecessor-version":[{"id":16792,"href":"https:\/\/www.monapart.com\/magazine\/ca\/wp-json\/wp\/v2\/posts\/630\/revisions\/16792"}],"wp:featuredmedia":[{"embeddable":true,"href":"https:\/\/www.monapart.com\/magazine\/ca\/wp-json\/wp\/v2\/media\/631"}],"wp:attachment":[{"href":"https:\/\/www.monapart.com\/magazine\/ca\/wp-json\/wp\/v2\/media?parent=630"}],"wp:term":[{"taxonomy":"category","embeddable":true,"href":"https:\/\/www.monapart.com\/magazine\/ca\/wp-json\/wp\/v2\/categories?post=630"},{"taxonomy":"post_tag","embeddable":true,"href":"https:\/\/www.monapart.com\/magazine\/ca\/wp-json\/wp\/v2\/tags?post=630"}],"curies":[{"name":"wp","href":"https:\/\/api.w.org\/{rel}","templated":true}]}}