{"id":628,"date":"2017-02-03T14:07:59","date_gmt":"2017-02-03T13:07:59","guid":{"rendered":"https:\/\/www.monapart.com\/magazine\/?p=628"},"modified":"2025-05-29T11:40:31","modified_gmt":"2025-05-29T09:40:31","slug":"porta-oberta-vei-que-entra","status":"publish","type":"post","link":"https:\/\/www.monapart.com\/magazine\/ca\/hogar\/puerta-abierta-vecino-que-entra","title":{"rendered":"Porta oberta, ve\u00ed que entra"},"content":{"rendered":"<h1 class=\"wp-block-heading\">Porta oberta, ve\u00ed que entra<\/h1>\n\n\n\n<h2 class=\"wp-block-heading\">Amb aquest lema, Cayetana i Cec\u00edlia van obrir Botons, un espai multidisciplinar a Sa Gerreria, on pots tallar-te els cabells, comprar bonics productes per a la llar, visitar una exposici\u00f3, menjar un brunch o prendre un caf\u00e8.<\/h2>\n\n\n<div class='post-info'>3 de febrer de 2017 per <a href='https:\/\/www.monapart.com\/magazine\/ca\/autor\/monapart'>Monapart<\/a><\/div>\n\n\n\n<p>Definir <a href=\"https:\/\/www.instagram.com\/botonspalma\/\" target=\"_blank\" rel=\"noreferrer noopener\">Botons<\/a> no \u00e9s f\u00e0cil. \u00c9s tantes coses que \u00e9s impossible d&#039;explicar en una sola frase: \u00c9s una perruqueria, un centre d&#039;est\u00e8tica, una botiga de decoraci\u00f3 i una cafeteria. Tamb\u00e9 \u00e9s un dinamitzador clau al barri de Sa Gerreria a Palma, ja que la seva intensa agenda d&#039;activitats inclou exposicions d&#039;art, brunchs o fins i tot intercanvis de roba. I tot aix\u00f2, emmarcat en un espai amable, que convida el qui entra a quedar-s&#039;hi, perqu\u00e8 tot recorda molt a casa.<\/p>\n\n\n\n<figure class=\"wp-block-image\"><img decoding=\"async\" src=\"https:\/\/www.monapart.com\/sites\/default\/files\/styles\/scale_960x960_\/public\/mediabrowser\/botons_en_sa_gerreria_palma-1.jpg?itok=jSHs_Lkz\" alt=\"Botons a Sa Guerreria, Palma | Monapart\" title=\"Botons a Sa Gerreria, Palma\"\/><\/figure>\n\n\n\n<blockquote class=\"wp-block-quote is-layout-flow wp-block-quote-is-layout-flow\">\n<p>Porta oberta, ve\u00ed que hi entra.<\/p>\n<\/blockquote>\n\n\n\n<p>Cecilia Meireles va obrir el primer Botons l&#039;any 2011 al barri de La Calatrava, un dels nuclis antics m\u00e9s bonics del m\u00f3n, sota el lema \u201cPorta oberta, ve\u00ed que entra\u201d. La seva il\u00b7lusi\u00f3 era obrir una perruqueria de barri, per\u00f2 aix\u00f2 nom\u00e9s era el principi\u2026 I per aix\u00f2 el local i el concepte aviat se li van quedar petits. Va ser llavors quan amb Cayetana va decidir comen\u00e7ar una nova etapa per\u00f2 mantenint-se fidel a la seva idea original: el nou Botons no podia perdre la seva connexi\u00f3 especial amb el barri. I quin millor entorn que la Pla\u00e7a Flassaders, ja que la pla\u00e7a podia de vegades ser una extensi\u00f3 del local per al gaudi dels ve\u00efns.<\/p>\n\n\n\n<figure class=\"wp-block-image\"><img decoding=\"async\" src=\"https:\/\/www.monapart.com\/sites\/default\/files\/styles\/scale_960x960_\/public\/mediabrowser\/botons_en_sa_gerreria_palma-35.jpg?itok=1m2zUR6G\" alt=\"Botons a Sa Guerreria, Palma | Monapart\" title=\"Botons a Sa Gerreria, Palma\"\/><\/figure>\n\n\n\n<p><strong>Botons \u00e9s com ser a casa.<\/strong> En un mateix espai di\u00e0fan, hi ha una cuina vista, un sal\u00f3 i un espai per a nens. Tot respira confort. Aquesta va ser precisament la premissa per a la reforma: que es cre\u00e9s un entorn casol\u00e0 que acoll\u00eds qualsevol que entr\u00e9s.<\/p>\n\n\n\n<figure class=\"wp-block-image\"><img decoding=\"async\" src=\"https:\/\/www.monapart.com\/sites\/default\/files\/styles\/scale_960x960_\/public\/mediabrowser\/botons_en_sa_gerreria_palma-13.jpg?itok=3pJ7uYFI\" alt=\"Botons a Sa Guerreria, Palma | Monapart\" title=\"Botons a Sa Gerreria, Palma\"\/><\/figure>\n\n\n\n<p>A m\u00e9s dels serveis de perruqueria i est\u00e8tica, Botons t\u00e9 a la venda una selecci\u00f3 exquisida de productes per a la llar: cer\u00e0miques, t\u00e8xtil, objectes de decoraci\u00f3, etc. I a les parets hi llueixen boniques obres d&#039;art que tamb\u00e9 es poden comprar, ja que Botons organitza exposicions temporals en col\u00b7laboraci\u00f3 amb artistes locals i estrangers.<\/p>\n\n\n\n<figure class=\"wp-block-image\"><img decoding=\"async\" src=\"https:\/\/www.monapart.com\/sites\/default\/files\/styles\/scale_960x960_\/public\/mediabrowser\/botons_en_sa_gerreria_palma-18.jpg?itok=Vtl4N7Et\" alt=\"Botons a Sa Guerreria, Palma | Monapart\" title=\"Botons a Sa Gerreria, Palma\"\/><\/figure>\n\n\n\n<p>Cecilia i Cayetana sempre s\u00f3n a la ca\u00e7a de productes especials, tant els de bellesa per a la perruqueria i el centre d&#039;est\u00e8tica com la selecci\u00f3 de productes per a la llar. La seva aposta s\u00f3n els productes fets a m\u00e0, ecol\u00f2gics i \u00e8tics i, per aix\u00f2, contacten amb diferents artistes i artesans locals que elaboren petites produccions amb molta cura, atenci\u00f3 al detall i respecte pel medi ambient. Com elles mateixes afirmen, si la felicitat \u00e9s feta a casa, aquesta filosofia tamb\u00e9 s&#039;ha de transmetre a trav\u00e9s dels productes que ofereixen.<\/p>\n\n\n\n<p>Botons parteix del tradicional per\u00f2 s&#039;adapta al consumidor actual, permetent comprar uns regals, aprofitar per fer-se un massatge o tallar-se els cabells, descobrir un artista local o quedar amb alg\u00fa per menjar un brunch. Amb aquesta oferta, sens dubte \u00e9s un lloc on entrar i quedar-se una bona estona.<\/p>\n\n\n\n<figure class=\"wp-block-image\"><img decoding=\"async\" src=\"https:\/\/www.monapart.com\/sites\/default\/files\/styles\/scale_960x960_\/public\/mediabrowser\/botons_en_sa_gerreria_palma-20.jpg?itok=KVebh29C\" alt=\"Botons a Sa Guerreria, Palma | Monapart\" title=\"Botons a Sa Gerreria, Palma\"\/><\/figure>\n\n\n\n<figure class=\"wp-block-image\"><img decoding=\"async\" src=\"https:\/\/www.monapart.com\/sites\/default\/files\/styles\/scale_960x960_\/public\/mediabrowser\/botons_en_sa_gerreria_palma-23.jpg?itok=PTjhziPn\" alt=\"Botons a Sa Guerreria, Palma | Monapart\" title=\"Botons a Sa Gerreria, Palma\"\/><\/figure>\n\n\n\n<p>A m\u00e9s, aquesta oferta variada \u00e9s atractiva per a p\u00fablics molt diversos: joves o grans, nens, fam\u00edlies\u2026 i aix\u00f2 converteix a Botons en un important centre de connexi\u00f3 i dinamitzaci\u00f3 al barri, afavorint sinergies tals com que els clients es converteixin en fans dels artistes exposats, o fins i tot, inclus\u00edssim, que una professional del m\u00f3n de l&#039;art anomenada Maria les acabi treballant entra i no es vol sortir) anomenada Monapart Palma.&nbsp;<\/p>","protected":false},"excerpt":{"rendered":"<p>Amb aquest lema, Cayetana i Cec\u00edlia van obrir Botons, un espai multidisciplinar a Sa Gerreria, on pots tallar-te els cabells, comprar bonics productes per a la llar, visitar una exposici\u00f3, menjar un brunch o prendre un caf\u00e8.<\/p>","protected":false},"author":3,"featured_media":629,"comment_status":"closed","ping_status":"closed","sticky":false,"template":"","format":"standard","meta":{"_acf_changed":false,"footnotes":""},"categories":[2844,2846],"tags":[2881,2870,2871],"class_list":["post-628","post","type-post","status-publish","format-standard","has-post-thumbnail","hentry","category-hogar","category-espacios-y-vida","tag-mobiliario","tag-diseno","tag-interiorismo"],"acf":[],"_links":{"self":[{"href":"https:\/\/www.monapart.com\/magazine\/ca\/wp-json\/wp\/v2\/posts\/628","targetHints":{"allow":["GET"]}}],"collection":[{"href":"https:\/\/www.monapart.com\/magazine\/ca\/wp-json\/wp\/v2\/posts"}],"about":[{"href":"https:\/\/www.monapart.com\/magazine\/ca\/wp-json\/wp\/v2\/types\/post"}],"author":[{"embeddable":true,"href":"https:\/\/www.monapart.com\/magazine\/ca\/wp-json\/wp\/v2\/users\/3"}],"replies":[{"embeddable":true,"href":"https:\/\/www.monapart.com\/magazine\/ca\/wp-json\/wp\/v2\/comments?post=628"}],"version-history":[{"count":2,"href":"https:\/\/www.monapart.com\/magazine\/ca\/wp-json\/wp\/v2\/posts\/628\/revisions"}],"predecessor-version":[{"id":16785,"href":"https:\/\/www.monapart.com\/magazine\/ca\/wp-json\/wp\/v2\/posts\/628\/revisions\/16785"}],"wp:featuredmedia":[{"embeddable":true,"href":"https:\/\/www.monapart.com\/magazine\/ca\/wp-json\/wp\/v2\/media\/629"}],"wp:attachment":[{"href":"https:\/\/www.monapart.com\/magazine\/ca\/wp-json\/wp\/v2\/media?parent=628"}],"wp:term":[{"taxonomy":"category","embeddable":true,"href":"https:\/\/www.monapart.com\/magazine\/ca\/wp-json\/wp\/v2\/categories?post=628"},{"taxonomy":"post_tag","embeddable":true,"href":"https:\/\/www.monapart.com\/magazine\/ca\/wp-json\/wp\/v2\/tags?post=628"}],"curies":[{"name":"wp","href":"https:\/\/api.w.org\/{rel}","templated":true}]}}