{"id":604,"date":"2016-09-07T17:28:36","date_gmt":"2016-09-07T15:28:36","guid":{"rendered":"https:\/\/www.monapart.com\/magazine\/?p=604"},"modified":"2025-05-29T12:52:58","modified_gmt":"2025-05-29T10:52:58","slug":"time-out-y-monapart-barcelona-una-pareja-de-techo-bien-avenida","status":"publish","type":"post","link":"https:\/\/www.monapart.com\/magazine\/ca\/noticias\/time-out-y-monapart-barcelona-una-pareja-de-techo-bien-avenida","title":{"rendered":"Time Out y Monapart Barcelona: Una pareja de techo bien avenida"},"content":{"rendered":"<h1 class=\"wp-block-heading\">Time Out y Monapart Barcelona: Una pareja de techo bien avenida<\/h1>\n\n\n\n<h2 class=\"wp-block-heading\">Queridos Monaparters, os informamos que a partir de ya, <a href=\"http:\/\/www.timeout.es\/barcelona\/es\/casa-y-hogar\/casa-y-hogar\" target=\"_blank\" rel=\"noreferrer noopener\">Monapart Barcelona tiene una secci\u00f3n en la web de Time Out Barcelona<\/a> donde compartir\u00e1 contenidos sobre el hogar como hemos venido compartiendo con vosotros desde que empezamos nuestra andadura.<\/h2>\n\n\n<div class='post-info'>7 de setembre de 2016 por <a href=\"https:\/\/www.monapart.com\/magazine\/ca\/autor\/monapart\">Monapart<\/a><\/div>\n\n\n\n<p>\u00a0<\/p>\n\n\n\n<figure class=\"wp-block-image\"><img decoding=\"async\" src=\"https:\/\/www.monapart.com\/sites\/default\/files\/styles\/scale_960x960_\/public\/mediabrowser\/time_out_y_monapart_barcelona.png?itok=eCcIGcwL\" alt=\"Time Out y Monapart Barcelona, nueva colaboraci\u00f3n | Monapart \"\/><\/figure>\n\n\n\n<p>\u00bfC\u00f3mo puedo sacar m\u00e1s partido de un piso peque\u00f1o? \u00bfQu\u00e9 debo hacer para vender la casa m\u00e1s r\u00e1pido? \u00bfEn qu\u00e9 debo fijarme a la hora de alquilar una vivienda? \u00bfCu\u00e1les son los gastos que debe asumir el inquilino? \u00bfC\u00f3mo puedo hacer para ganar espacio? Toda la informaci\u00f3n que hay que saber para mejorar la casa que ya tienes o para conseguir una excepcional. Y tambi\u00e9n curiosidades y an\u00e9cdotas divertidas sobre el mundo inmobiliario.<\/p>\n\n\n\n<p>Anunciar una colaboraci\u00f3n como \u00e9sta no pasa todos los d\u00edas. Es un hito, un subid\u00f3n. Y s\u00f3lo nos preguntamos una cosa: \u00bfc\u00f3mo no empez\u00f3 antes? De hecho, tirando de hemeroteca, sabemos que el idilio empez\u00f3 hace mucho&#8230; \u00a1Esta noticia es de mayo del 2012!&nbsp;<\/p>\n\n\n\n<figure class=\"wp-block-image\"><img decoding=\"async\" src=\"https:\/\/www.monapart.com\/sites\/default\/files\/styles\/scale_960x960_\/public\/mediabrowser\/la-immobiliaria-del-futur-barcelona-creativa-timeout-portada_0.jpg?itok=um6rw9sB\" alt=\"Time Out y Monapart Barcelona, nueva colaboraci\u00f3n | Monapart \"\/><\/figure>\n\n\n\n<p>Time Out aterriz\u00f3 en Barcelona hace 8 a\u00f1os para convertirse en la gu\u00eda por excelencia de locales y eventos de la ciudad condal, los tesoros de Barcelona que se ven. Monapart Barcelona inici\u00f3 su andadura hace 6 a\u00f1os para comercializar sus viviendas m\u00e1s bonitas, los tesoros ocultos que toda ciudad tiene puertas adentro\u2026 Bien pensado, si Monapart fuera una revista, \u00a1podr\u00eda llamarse Time In! Somos una pareja de techo bien avenida. ;D<\/p>\n\n\n\n<p>Adem\u00e1s, sabemos monaparter que eres muy fan de Time Out, que te apuntas los restaurantes que recomienda, las exposiciones, los festivales que no quieres perderte\u2026 Y ahora, tambi\u00e9n podr\u00e1s encontrar soluciones a tus inquietudes m\u00e1s dom\u00e9sticas. Time Out y Time In. \u00bfNos vemos all\u00ed?<\/p>","protected":false},"excerpt":{"rendered":"<p>Queridos Monaparters, os informamos que a partir de ya, Monapart Barcelona tiene una secci\u00f3n en la web de Time Out Barcelona donde compartir\u00e1 contenidos sobre el hogar como hemos venido compartiendo con vosotros desde que empezamos nuestra andadura.\u00a0<\/p>","protected":false},"author":3,"featured_media":605,"comment_status":"closed","ping_status":"closed","sticky":false,"template":"","format":"standard","meta":{"_acf_changed":false,"footnotes":""},"categories":[2852,2853],"tags":[2872],"class_list":["post-604","post","type-post","status-publish","format-standard","has-post-thumbnail","hentry","category-noticias","category-hablan-de-nosotros","tag-barcelona"],"acf":[],"_links":{"self":[{"href":"https:\/\/www.monapart.com\/magazine\/ca\/wp-json\/wp\/v2\/posts\/604","targetHints":{"allow":["GET"]}}],"collection":[{"href":"https:\/\/www.monapart.com\/magazine\/ca\/wp-json\/wp\/v2\/posts"}],"about":[{"href":"https:\/\/www.monapart.com\/magazine\/ca\/wp-json\/wp\/v2\/types\/post"}],"author":[{"embeddable":true,"href":"https:\/\/www.monapart.com\/magazine\/ca\/wp-json\/wp\/v2\/users\/3"}],"replies":[{"embeddable":true,"href":"https:\/\/www.monapart.com\/magazine\/ca\/wp-json\/wp\/v2\/comments?post=604"}],"version-history":[{"count":3,"href":"https:\/\/www.monapart.com\/magazine\/ca\/wp-json\/wp\/v2\/posts\/604\/revisions"}],"predecessor-version":[{"id":16801,"href":"https:\/\/www.monapart.com\/magazine\/ca\/wp-json\/wp\/v2\/posts\/604\/revisions\/16801"}],"wp:featuredmedia":[{"embeddable":true,"href":"https:\/\/www.monapart.com\/magazine\/ca\/wp-json\/wp\/v2\/media\/605"}],"wp:attachment":[{"href":"https:\/\/www.monapart.com\/magazine\/ca\/wp-json\/wp\/v2\/media?parent=604"}],"wp:term":[{"taxonomy":"category","embeddable":true,"href":"https:\/\/www.monapart.com\/magazine\/ca\/wp-json\/wp\/v2\/categories?post=604"},{"taxonomy":"post_tag","embeddable":true,"href":"https:\/\/www.monapart.com\/magazine\/ca\/wp-json\/wp\/v2\/tags?post=604"}],"curies":[{"name":"wp","href":"https:\/\/api.w.org\/{rel}","templated":true}]}}