{"id":588,"date":"2016-08-25T00:00:00","date_gmt":"2016-08-24T22:00:00","guid":{"rendered":"https:\/\/www.monapart.com\/magazine\/?p=588"},"modified":"2025-06-19T18:54:26","modified_gmt":"2025-06-19T16:54:26","slug":"monapart-obre-agencia-a-girona","status":"publish","type":"post","link":"https:\/\/www.monapart.com\/magazine\/ca\/noticias\/monapart-abre-agencia-en-girona","title":{"rendered":"Monapart obre ag\u00e8ncia a Girona"},"content":{"rendered":"<h1 class=\"wp-block-heading\">Monapart obre ag\u00e8ncia a Girona<\/h1>\n\n\n\n<h2 class=\"wp-block-heading\">Que Monapart no fos present en una de les ciutats m\u00e9s boniques \u2014potser la m\u00e9s bonica!\u2014 de Catalunya, era una cosa que ens treia el somni. Per\u00f2 sovint les coses bones es fan esperar.<\/h2>\n\n\n<div class='post-info'>25 d&#039;agost de 2016 per <a href='https:\/\/www.monapart.com\/magazine\/ca\/autor\/monapart'>Monapart<\/a><\/div>\n\n\n\n<p>Quan vam con\u00e8ixer Josep Maria, ell ja ens coneixia i potser \u2014potser\u2014 visualitzava <a href=\"\/magazine\/ca\/node\/1010\/\">Monapart Girona<\/a> com el complement ideal per <a href=\"http:\/\/incovi.com\/\" target=\"_blank\" rel=\"noreferrer noopener\">Incovi<\/a>, l&#039;empresa creadora de projectes d&#039;habitatges sostenibles de qu\u00e8 \u00e9s soci fundador.<\/p>\n\n\n\n<figure class=\"wp-block-image\"><img decoding=\"async\" src=\"https:\/\/www.monapart.com\/sites\/default\/files\/styles\/scale_960x960_\/public\/mediabrowser\/captura_de_pantalla_2016-06-23_a_las_1.58.47.png?itok=6b6Ub9WF\" alt=\"Equip Monapart Girona | Monapart \"\/><\/figure>\n\n\n\n<p>Amb un equip de 3 persones, Monapart Girona suma molta experi\u00e8ncia al sector de l&#039;habitatge. El seu soci fundador i director Josep Maria Coll \u00e9s arquitecte i m\u00e0ster en estudis immobiliaris. Porta a la sang la passi\u00f3 pels habitatges sostenibles, eficients ia mida del client, ia ells ha dedicat una llarga traject\u00f2ria professional des de la seva pr\u00f2pia empresa Incovi, i ara tamb\u00e9 des de Monapart Girona. Cristina Zurut\u00fazar va estudiar empresarials i administraci\u00f3 i coneix tots els secrets del sector immobiliari, al qual s&#039;ha dedicat durant m\u00e9s de 20 anys de carrera. I M\u00edriam Vidal, llicenciada en arquitectura per l&#039;ETSAB i amb un postgrau en arquitectura i sostenibilitat, ha dedicat gran part de la seva traject\u00f2ria professional a satisfer enc\u00e0rrecs dins del sector residencial per a clients particulars. Aix\u00ed que sap escoltar, entendre, donar resposta i satisfer les expectatives de les persones, molt altes quan afecten l&#039;escenari de la seva vida. Ho ha fet durant molts anys des del seu estudi d&#039;arquitectura i ara Monapart Girona tamb\u00e9 t\u00e9 la sort de comptar amb ella.<\/p>\n\n\n\n<figure class=\"wp-block-image\"><img decoding=\"async\" src=\"https:\/\/www.monapart.com\/sites\/default\/files\/styles\/scale_960x960_\/public\/mediabrowser\/2016_campana_de_lanzamiento_gir_1.jpg?itok=ZWjbBUqJ\" alt=\"Monapart Girona | Monapart \"\/><\/figure>\n\n\n\n<p>* (Les ciutats m\u00e9s boniques mereixen un Monapart)<\/p>\n\n\n\n<p>Avui Monapart Girona ja \u00e9s una realitat, i no podem imaginar una destinaci\u00f3 natural millor per als seus tresors ocults, els habitatges m\u00e9s bonics i especials que Girona amaga. En vols veure algunes? Clica aquest enlla\u00e7: <a href=\"https:\/\/www.monapart.com\/es\/viviendas-girona\" target=\"_blank\" rel=\"noreferrer noopener\">https:\/\/www.monapart.com\/es\/viviendas-girona<\/a>. I si no vols perdre&#039;t detalls, subscriu-te al seu newsletter des del nostre home (a dalt a la dreta ;D)<\/p>\n\n\n\n<p>Girona \u00e9s una ciutat preciosa per fora, per\u00f2 tamb\u00e9 per dins. Amaga molt\u00edssims habitatges bonics que necessiten ser entesos, apreciats, valorats i, sovint, venuts. Si aquest \u00e9s el teu cas, ets de sort perqu\u00e8 Monapart Girona \u00e9s la destinaci\u00f3 natural als habitatges m\u00e9s bonics d&#039;aquesta ciutat.<\/p>","protected":false},"excerpt":{"rendered":"<p>Que Monapart no fos present en una de les ciutats m\u00e9s boniques \u2014potser la m\u00e9s bonica!\u2014 de Catalunya, era una cosa que ens treia el somni. Per\u00f2 sovint les coses bones es fan esperar.<\/p>","protected":false},"author":3,"featured_media":589,"comment_status":"closed","ping_status":"closed","sticky":false,"template":"","format":"standard","meta":{"_acf_changed":false,"footnotes":""},"categories":[2852,2856],"tags":[3076,2910],"class_list":["post-588","post","type-post","status-publish","format-standard","has-post-thumbnail","hentry","category-noticias","category-buenagente","tag-girona","tag-buenagente"],"acf":[],"_links":{"self":[{"href":"https:\/\/www.monapart.com\/magazine\/ca\/wp-json\/wp\/v2\/posts\/588","targetHints":{"allow":["GET"]}}],"collection":[{"href":"https:\/\/www.monapart.com\/magazine\/ca\/wp-json\/wp\/v2\/posts"}],"about":[{"href":"https:\/\/www.monapart.com\/magazine\/ca\/wp-json\/wp\/v2\/types\/post"}],"author":[{"embeddable":true,"href":"https:\/\/www.monapart.com\/magazine\/ca\/wp-json\/wp\/v2\/users\/3"}],"replies":[{"embeddable":true,"href":"https:\/\/www.monapart.com\/magazine\/ca\/wp-json\/wp\/v2\/comments?post=588"}],"version-history":[{"count":1,"href":"https:\/\/www.monapart.com\/magazine\/ca\/wp-json\/wp\/v2\/posts\/588\/revisions"}],"predecessor-version":[{"id":16803,"href":"https:\/\/www.monapart.com\/magazine\/ca\/wp-json\/wp\/v2\/posts\/588\/revisions\/16803"}],"wp:featuredmedia":[{"embeddable":true,"href":"https:\/\/www.monapart.com\/magazine\/ca\/wp-json\/wp\/v2\/media\/589"}],"wp:attachment":[{"href":"https:\/\/www.monapart.com\/magazine\/ca\/wp-json\/wp\/v2\/media?parent=588"}],"wp:term":[{"taxonomy":"category","embeddable":true,"href":"https:\/\/www.monapart.com\/magazine\/ca\/wp-json\/wp\/v2\/categories?post=588"},{"taxonomy":"post_tag","embeddable":true,"href":"https:\/\/www.monapart.com\/magazine\/ca\/wp-json\/wp\/v2\/tags?post=588"}],"curies":[{"name":"wp","href":"https:\/\/api.w.org\/{rel}","templated":true}]}}