{"id":576,"date":"2016-04-28T15:02:21","date_gmt":"2016-04-28T13:02:21","guid":{"rendered":"https:\/\/www.monapart.com\/magazine\/?p=576"},"modified":"2025-07-02T16:18:34","modified_gmt":"2025-07-02T14:18:34","slug":"monaparty-2016","status":"publish","type":"post","link":"https:\/\/www.monapart.com\/magazine\/ca\/noticias\/monaparty-2016","title":{"rendered":"Monaparty 2016"},"content":{"rendered":"<h1 class=\"wp-block-heading\">Monaparty 2016<\/h1>\n\n\n\n<h2 class=\"wp-block-heading\">El 31 de mar\u00e7 de 2010, a les 23:59 de la nit, entre caixes de pizza i molts desvetllaments, vam pr\u00e9mer l&#039;Intro d&#039;un vell ordinador que posava en marxa la nostra web. Despr\u00e9s del que serien nou mesos de gestaci\u00f3 (m\u00e9s o menys), Monapart veia la llum.<\/h2>\n\n\n<div class='post-info'>28 d&#039;abril de 2016 per <a href='https:\/\/www.monapart.com\/magazine\/ca\/autor\/monapart'>Monapart<\/a><\/div>\n\n\n\n<p><\/p>\n\n\n\n<p>La fam\u00edlia i els amics no acabaven d&#039;entendre la nostra bogeria. Com pod\u00edem deixar enrere les nostres traject\u00f2ries professionals per fundar una immobili\u00e0ria. Puja! El pitjor, i al pitjor moment, a m\u00e9s. La pitjor crisi immobili\u00e0ria de la hist\u00f2ria, un sector estigmatitzat per males praxis, caspa i casta arreu... Per\u00f2 nosaltres nom\u00e9s v\u00e8iem l&#039;oportunitat de millora. Tantes coses per fer! <\/p>\n\n\n\n<p>Monapart seria la bestiola rara,<strong> la rara avis de les immobili\u00e0ries<\/strong>. Per aix\u00f2 vam triar el colibr\u00ed com a imatge. Mig ocell-mitj\u00e0 insecte, que vola cap endavant i cap enrere a un ritme fren\u00e8tic, a la recerca del n\u00e8ctar m\u00e9s dol\u00e7 de les flors m\u00e9s boniques\u2026 Voil\u00e0! Les flors del colibr\u00ed serien les nostres #viviendasbonitas. Ell nom\u00e9s tria les m\u00e9s dolces, nosaltres nom\u00e9s triar\u00edem habitatges especials, amb encant, \u00fanics a la seva esp\u00e8cie. En fi, encara que tot aix\u00f2 soni una mica a batalleta, alguns recordareu el nostre lema al principi: \u00abla comunitat per a realistes que demanen all\u00f2 impossible\u00bb\u2026\u00a0<\/p>\n\n\n\n<figure class=\"wp-block-image\"><img decoding=\"async\" src=\"https:\/\/www.monapart.com\/sites\/default\/files\/styles\/scale_960x960_\/public\/mediabrowser\/monapart_homepage_2012.jpg?itok=TYtakg3f\" alt=\"Monaparty 2016 | Monapart \"\/><\/figure>\n\n\n\n<p>El que \u00e9s impossible\u2026 Com descriure un lloc on pots comprar una casa, aprendre a preparar un Negroni, visitar el bany de Leonor Watling o con\u00e8ixer l&#039;opini\u00f3 de gent com tu sobre les cuines d&#039;Ikea o els mobles escandinaus dels anys 50? L&#039;elevator pitch era clar: <strong>Monapart \u00e9s una mirada radicalment nova sobre l&#039;univers dom\u00e8stic.&nbsp;<\/strong>I ens qued\u00e0vem tan amples. Per\u00f2 era veritat! I quan el nostre interlocutor ens aguantava la mirada sense arrugar el nas, sab\u00edem que all\u00e0 davant ten\u00edem un #monaparter, alg\u00fa amb qui ens uneixen dues coses: la voluntat de viure en aquells espais extraordinaris, \u00fanics, especials, infreq\u00fcents, diferents, al\u00b7lucinants i indescriptibles que sap que l&#039;altra \u00e9s, per una banda, i per una part, un sostre sota el qual dormir, doncs s\u00f3n les persones, records, colors, sabors, can\u00e7ons, objectes i veus que parlen de tu i per tu. Que parlen del teu m\u00f3n al m\u00f3n.<\/p>\n\n\n\n<p><strong>Durant aquests 6 anys hem anat teixint complicitats amb molts monaparters, primer de Barcelona, ara ja a Palma, Alacant, Val\u00e8ncia, Girona\u2026<\/strong> La xarxa d&#039;ag\u00e8ncies continua creixent, cosa que confirma que no est\u00e0vem bojos, i que si no hagu\u00e9ssim inventat nosaltres Monapart, alg\u00fa ho hagu\u00e9s fet.&nbsp;<\/p>\n\n\n\n<figure class=\"wp-block-image\"><img decoding=\"async\" src=\"https:\/\/www.monapart.com\/sites\/default\/files\/styles\/scale_960x960_\/public\/mediabrowser\/mapa_de_agencias_monapart.jpg?itok=JVNX_Q-D\" alt=\"Monaparty 2016 | Monapart \"\/><\/figure>\n\n\n\n<p>Fem <em>fast forward<\/em> i ens plantem al dijous 31 de mar\u00e7 de 2016, dia en qu\u00e8 Monapart fa 6 anys. S\u00ed, el m\u00e9s l\u00f2gic hauria estat celebrar el 5\u00e8 aniversari, com tothom. Per\u00f2 mira, som rarets fins per als aniversaris\u2026 Aix\u00f2 b\u00e9 mereixia una festa, la primera #monaparty de la hist\u00f2ria (perqu\u00e8 n&#039;hi haur\u00e0 m\u00e9s, of course) i vol\u00edem celebrar-ho amb tu, amb els 550 clients que han passat per Monapart i tamb\u00e9 amb els nostres familiars, amics, col\u00b7laboradors i Monaparters que heu estat al nostre costat tot aquest temps posar-se a c\u00f3rrer davant d&#039;una ag\u00e8ncia immobili\u00e0ria.&nbsp;<\/p>\n\n\n\n<figure class=\"wp-block-image\"><img decoding=\"async\" src=\"https:\/\/www.monapart.com\/sites\/default\/files\/styles\/scale_960x960_\/public\/mediabrowser\/invitacion_a_la_monaparty_2016.jpg?itok=W4gm4eLX\" alt=\"Monaparty 2016 | Monapart \"\/><\/figure>\n\n\n\n<p>La festa va tenir lloc al <a href=\"http:\/\/www.bcnlocations.com\/localizacion\/loft-barcelona\/\" target=\"_blank\" rel=\"noreferrer noopener\">Brooklyn Loft<\/a>, un entorn d&#039;all\u00f2 m\u00e9s dom\u00e8stic ja que es tractava d&#039;aix\u00f2, que tots ens sent\u00edssim com a casa. I vaja si aix\u00ed va ser! Sab\u00edem que una festa sense bon menjar i bon beure no \u00e9s festa, aix\u00ed que comptem amb els millors: delici\u00f3s c\u00e0tering obra de <a href=\"http:\/\/canal.es\/?lang=es\" target=\"_blank\" rel=\"noreferrer noopener\">Pastisseria Canal<\/a>, regat amb el cava rosat de <a href=\"http:\/\/www.mont-marcal.com\/\" target=\"_blank\" rel=\"noreferrer noopener\">Mont Mar\u00e7al<\/a>. I la cirereta del past\u00eds la va posar la m\u00fasica: aqu\u00ed l&#039;enlla\u00e7 a la <a href=\"https:\/\/play.spotify.com\/user\/monapart\/playlist\/3dWWtkk645ThvVL0QAyTEW\" target=\"_blank\" rel=\"noreferrer noopener\">playlist<\/a> creada per a l&#039;ocasi\u00f3. Altres amenitats? Photocall (no et perdis el <a href=\"https:\/\/www.facebook.com\/monapart\/photos\/?tab=album&amp;album_id=10153421122592116\" target=\"_blank\" rel=\"noreferrer noopener\">\u00e0lbum de fotos<\/a>), sorteig, una projecci\u00f3 i un breu speech d&#039;agra\u00efment. Ens ho passem genial, <strong>la Monaparty va ser un \u00e8xit <\/strong>compartit i tenir-vos a tots all\u00e0 va ser el m\u00e9s. Doneu sentit a tota la nostra feina #monaparters.<\/p>\n\n\n\n<figure class=\"wp-block-image\"><img decoding=\"async\" src=\"https:\/\/www.monapart.com\/sites\/default\/files\/styles\/scale_960x960_\/public\/mediabrowser\/monaparty_2016_collage.jpg?itok=YGCJX_VJ\" alt=\"Monaparty 2016 | Monapart \"\/><\/figure>\n\n\n\n<figure class=\"wp-block-image\"><img decoding=\"async\" src=\"https:\/\/www.monapart.com\/sites\/default\/files\/styles\/scale_960x960_\/public\/mediabrowser\/monaparty_2016_instagram.jpg?itok=GHXGO-Fv\" alt=\"\"\/><\/figure>\n\n\n\n<p>MILIONS DE GR\u00c0CIES #monaparters per ser tamb\u00e9 unes bestioles estranyes.<\/p>\n\n\n\n<p>El dijous 31 de mar\u00e7 de 2016, dia en qu\u00e8 Monapart feia 6 anys, vam celebrar la primera #monaparty de la hist\u00f2ria i vam voler celebrar-ho amb tu, amb els 550 clients que han passat per Monapart i tamb\u00e9 amb els nostres familiars, amics, col\u00b7laboradors i Monaparters que ha estat al nostre costat posar-se al nostre costat tot aquest temps, donant-nos al nostre costat tot aquest temps, donant ag\u00e8ncia immobili\u00e0ria.<\/p>\n\n\n\n<p><\/p>","protected":false},"excerpt":{"rendered":"<p>El 31 de mar\u00e7 de 2010, a les 23:59 de la nit, entre caixes de pizza i molts desvetllaments, vam pr\u00e9mer l&#039;Intro d&#039;un vell ordinador que posava en marxa la nostra web. Despr\u00e9s del que serien nou mesos de gestaci\u00f3 (m\u00e9s o menys), Monapart veia la llum.<\/p>","protected":false},"author":3,"featured_media":577,"comment_status":"closed","ping_status":"closed","sticky":false,"template":"","format":"standard","meta":{"_acf_changed":false,"footnotes":""},"categories":[2852,2854],"tags":[2910,2911],"class_list":["post-576","post","type-post","status-publish","format-standard","has-post-thumbnail","hentry","category-noticias","category-actualidad","tag-buenagente","tag-monaparty"],"acf":[],"_links":{"self":[{"href":"https:\/\/www.monapart.com\/magazine\/ca\/wp-json\/wp\/v2\/posts\/576","targetHints":{"allow":["GET"]}}],"collection":[{"href":"https:\/\/www.monapart.com\/magazine\/ca\/wp-json\/wp\/v2\/posts"}],"about":[{"href":"https:\/\/www.monapart.com\/magazine\/ca\/wp-json\/wp\/v2\/types\/post"}],"author":[{"embeddable":true,"href":"https:\/\/www.monapart.com\/magazine\/ca\/wp-json\/wp\/v2\/users\/3"}],"replies":[{"embeddable":true,"href":"https:\/\/www.monapart.com\/magazine\/ca\/wp-json\/wp\/v2\/comments?post=576"}],"version-history":[{"count":3,"href":"https:\/\/www.monapart.com\/magazine\/ca\/wp-json\/wp\/v2\/posts\/576\/revisions"}],"predecessor-version":[{"id":17790,"href":"https:\/\/www.monapart.com\/magazine\/ca\/wp-json\/wp\/v2\/posts\/576\/revisions\/17790"}],"wp:featuredmedia":[{"embeddable":true,"href":"https:\/\/www.monapart.com\/magazine\/ca\/wp-json\/wp\/v2\/media\/577"}],"wp:attachment":[{"href":"https:\/\/www.monapart.com\/magazine\/ca\/wp-json\/wp\/v2\/media?parent=576"}],"wp:term":[{"taxonomy":"category","embeddable":true,"href":"https:\/\/www.monapart.com\/magazine\/ca\/wp-json\/wp\/v2\/categories?post=576"},{"taxonomy":"post_tag","embeddable":true,"href":"https:\/\/www.monapart.com\/magazine\/ca\/wp-json\/wp\/v2\/tags?post=576"}],"curies":[{"name":"wp","href":"https:\/\/api.w.org\/{rel}","templated":true}]}}