{"id":564,"date":"2016-02-25T11:17:02","date_gmt":"2016-02-25T10:17:02","guid":{"rendered":"https:\/\/www.monapart.com\/magazine\/?p=564"},"modified":"2025-07-02T17:16:44","modified_gmt":"2025-07-02T15:16:44","slug":"aic16","status":"publish","type":"post","link":"https:\/\/www.monapart.com\/magazine\/ca\/noticias\/aic16","title":{"rendered":"#AIC16"},"content":{"rendered":"<h1 class=\"wp-block-heading\">#AIC16<\/h1>\n\n\n\n<h2 class=\"wp-block-heading\">En aquesta sisena edici\u00f3 de l&#039;AIC, el tema gira entorn de la passi\u00f3, fent especial \u00e8mfasi en <strong>el vessant m\u00e9s emocional d&#039;agent immobiliari<\/strong>.<\/h2>\n\n\n<div class='post-info'>25 de febrer de 2016 per <a href='https:\/\/www.monapart.com\/magazine\/ca\/autor\/monapart'>Monapart<\/a><\/div>\n\n\n\n<p>Estem molt contents de poder participar per segon any consecutiu a\u00a0<a href=\"http:\/\/aic16.com\/index.php\" target=\"_blank\" rel=\"noreferrer noopener\"><strong>#AIC16<\/strong><\/a>, el <strong>esdeveniment immobiliari<\/strong> de l&#039;any, organitzat per Sergi Verge (@carbasses) el proper 4 de mar\u00e7 a Calafell. <\/p>\n\n\n\n<figure class=\"wp-block-image\"><img decoding=\"async\" src=\"https:\/\/magazine.monapart.com\/sites\/default\/files\/mediabrowser\/aic16-evento-inmobiliario.png\" alt=\"#AIC16 | Monapart \"\/><\/figure>\n\n\n\n<blockquote class=\"wp-block-quote is-layout-flow wp-block-quote-is-layout-flow\">\n<p>&quot;El que ens mou \u00e9s la passi\u00f3 per les persones i la passi\u00f3 per l&#039;ofici.&quot;<\/p>\n<\/blockquote>\n\n\n\n<p>Eduard Sol\u00e9, director de Monapart Barcelona i soci fundador de Monapart, participar\u00e0 juntament amb Karen Pomes d&#039;Okendo, Nora Garc\u00eda Donet d&#039;Igarka, Francesc Quintana de Vivendex i Alberto Garc\u00eda Zafra d&#039;Atalaya Financera, en un panell a les 12 del migdia en qu\u00e8 es reflexionar\u00e0 sobre les qualitats que ha de tenir l&#039;agent inmobiliari.<\/p>\n\n\n\n<figure class=\"wp-block-image\"><img decoding=\"async\" src=\"https:\/\/magazine.monapart.com\/sites\/default\/files\/mediabrowser\/aic16-ponentes-panel-agente-inmobiliario-siglo-xxi_0.jpg\" alt=\"#AIC16 | Monapart \"\/><\/figure>\n\n\n\n<p>#AIC pret\u00e9n ser un punt de trobada per a diferents professionals el sector immobiliari, que compartiran durant tota la jornada les seves experi\u00e8ncies i inquietuds.<\/p>\n\n\n\n<figure class=\"wp-block-image\"><img decoding=\"async\" src=\"https:\/\/magazine.monapart.com\/sites\/default\/files\/mediabrowser\/aic16-evento-inmobiliario-jornada.jpg\" alt=\"#AIC16 | Monapart \"\/><\/figure>\n\n\n\n<p>Monapart participa per segon any consecutiu a #AIC16, l&#039;esdeveniment immobiliari de l&#039;any, organitzat per Sergi Verge (el proper 4 de mar\u00e7 a Calafell.<\/p>","protected":false},"excerpt":{"rendered":"<p>En aquesta sisena edici\u00f3, el tema gira entorn de la passi\u00f3, fent especial \u00e8mfasi en el vessant m\u00e9s emocional d&#039;agent immobiliari.<\/p>","protected":false},"author":3,"featured_media":565,"comment_status":"closed","ping_status":"closed","sticky":false,"template":"","format":"standard","meta":{"_acf_changed":false,"footnotes":""},"categories":[2852,2854],"tags":[3230,2925],"class_list":["post-564","post","type-post","status-publish","format-standard","has-post-thumbnail","hentry","category-noticias","category-actualidad","tag-sector-inmobiliario-2","tag-aic"],"acf":[],"_links":{"self":[{"href":"https:\/\/www.monapart.com\/magazine\/ca\/wp-json\/wp\/v2\/posts\/564","targetHints":{"allow":["GET"]}}],"collection":[{"href":"https:\/\/www.monapart.com\/magazine\/ca\/wp-json\/wp\/v2\/posts"}],"about":[{"href":"https:\/\/www.monapart.com\/magazine\/ca\/wp-json\/wp\/v2\/types\/post"}],"author":[{"embeddable":true,"href":"https:\/\/www.monapart.com\/magazine\/ca\/wp-json\/wp\/v2\/users\/3"}],"replies":[{"embeddable":true,"href":"https:\/\/www.monapart.com\/magazine\/ca\/wp-json\/wp\/v2\/comments?post=564"}],"version-history":[{"count":3,"href":"https:\/\/www.monapart.com\/magazine\/ca\/wp-json\/wp\/v2\/posts\/564\/revisions"}],"predecessor-version":[{"id":17811,"href":"https:\/\/www.monapart.com\/magazine\/ca\/wp-json\/wp\/v2\/posts\/564\/revisions\/17811"}],"wp:featuredmedia":[{"embeddable":true,"href":"https:\/\/www.monapart.com\/magazine\/ca\/wp-json\/wp\/v2\/media\/565"}],"wp:attachment":[{"href":"https:\/\/www.monapart.com\/magazine\/ca\/wp-json\/wp\/v2\/media?parent=564"}],"wp:term":[{"taxonomy":"category","embeddable":true,"href":"https:\/\/www.monapart.com\/magazine\/ca\/wp-json\/wp\/v2\/categories?post=564"},{"taxonomy":"post_tag","embeddable":true,"href":"https:\/\/www.monapart.com\/magazine\/ca\/wp-json\/wp\/v2\/tags?post=564"}],"curies":[{"name":"wp","href":"https:\/\/api.w.org\/{rel}","templated":true}]}}