{"id":534,"date":"2015-09-17T13:05:47","date_gmt":"2015-09-17T11:05:47","guid":{"rendered":"https:\/\/www.monapart.com\/magazine\/?p=534"},"modified":"2025-07-03T11:43:31","modified_gmt":"2025-07-03T09:43:31","slug":"analisi-del-sector-immobiliari","status":"publish","type":"post","link":"https:\/\/www.monapart.com\/magazine\/ca\/noticias\/analisis-del-sector-inmobiliario","title":{"rendered":"An\u00e0lisi del sector immobiliari"},"content":{"rendered":"<h1 class=\"wp-block-heading\">An\u00e0lisi del sector immobiliari<\/h1>\n\n\n\n<h2 class=\"wp-block-heading\">El periodista Claudio M. N\u00f3voa publica a la revista Emprenedors un article sobre la reactivaci\u00f3 del sector immobiliari en qu\u00e8 ha participat Jos\u00e9 Luis Echeverr\u00eda, soci fundador de Monapart.<\/h2>\n\n\n<div class='post-info'>17 de setembre de 2015 per <a href='https:\/\/www.monapart.com\/magazine\/ca\/autor\/monapart'>Monapart<\/a><\/div>\n\n\n\n<p><strong>Revista Emprenedors<\/strong> | 03.09.205 | Claudi M. N\u00f3voa<\/p>\n\n\n\n<p>A principis de setembre, el periodista Claudio M. N\u00f3voa (@claunovoa) publicava a la revista <a href=\"http:\/\/www.emprendedores.es\/\" target=\"_blank\" rel=\"noreferrer noopener\">Emprenedors<\/a>, l&#039;article&nbsp;<em>Per no construir \u2013de nou<\/em><em>\u2013<\/em><em> la casa per la teulada&nbsp;<\/em>on analitzava la <strong>reactivaci\u00f3 del sector immobiliari, <\/strong>comptant amb aportacions de diversos professionals del sector. Al seg\u00fcent extracte transcrivim el punt de vista que Jos\u00e9 Luis Echeverr\u00eda, soci fundador de Monapart, va oferir en refer\u00e8ncia als coneixements extrets de la recent crisi econ\u00f2mica i immobili\u00e0ria.<\/p>\n\n\n\n<p><strong>La hist\u00f2ria es repeteix.<\/strong> \u201cAl meu entendre, ning\u00fa ha pres bona nota de res i tots els errors es tornaran a produir\u201d. Jose Luis Echeverr\u00eda, soci fundador de Monapart, es desmarca del corrent general, amb una lectura descarnada.<\/p>\n\n\n\n<blockquote class=\"wp-block-quote is-layout-flow wp-block-quote-is-layout-flow\">\n<p>Ning\u00fa no ha pres bona nota de res i tots els errors es tornaran a produir.<\/p>\n<\/blockquote>\n\n\n\n<p>&quot;\u00c9s poc probable que molts d&#039;aquells que es van equivocar i van tancar per falta de preparaci\u00f3, hagin dedicat aquests anys a formar-se i aprendre dels errors. D&#039;altra banda, i aix\u00ed ho estem veient, la recuperaci\u00f3 comporta nous participants, molts sense experi\u00e8ncia, a la recerca de negoci f\u00e0cil&quot;. I com se supera aquest escenari? \u201cEl sector necessita, de manera urgent, una regulaci\u00f3.\u201d<\/p>\n\n\n\n<figure class=\"wp-block-image\"><img decoding=\"async\" src=\"https:\/\/magazine.monapart.com\/sites\/default\/files\/mediabrowser\/emprendedores.es-analisi-sector-inmobiliario.jpg\" alt=\"An\u00e0lisi del sector immobiliari | Monapart \"\/><\/figure>\n\n\n\n<p><\/p>","protected":false},"excerpt":{"rendered":"<p>El periodista Claudio M. N\u00f3voa publica a la revista Emprenedors un article sobre la reactivaci\u00f3 del sector immobiliari en qu\u00e8 ha participat Jos\u00e9 Luis Echeverr\u00eda, soci fundador de Monapart.<\/p>","protected":false},"author":3,"featured_media":535,"comment_status":"closed","ping_status":"closed","sticky":false,"template":"","format":"standard","meta":{"_acf_changed":false,"footnotes":""},"categories":[2852,2853],"tags":[2905],"class_list":["post-534","post","type-post","status-publish","format-standard","has-post-thumbnail","hentry","category-noticias","category-hablan-de-nosotros","tag-prensa"],"acf":[],"_links":{"self":[{"href":"https:\/\/www.monapart.com\/magazine\/ca\/wp-json\/wp\/v2\/posts\/534","targetHints":{"allow":["GET"]}}],"collection":[{"href":"https:\/\/www.monapart.com\/magazine\/ca\/wp-json\/wp\/v2\/posts"}],"about":[{"href":"https:\/\/www.monapart.com\/magazine\/ca\/wp-json\/wp\/v2\/types\/post"}],"author":[{"embeddable":true,"href":"https:\/\/www.monapart.com\/magazine\/ca\/wp-json\/wp\/v2\/users\/3"}],"replies":[{"embeddable":true,"href":"https:\/\/www.monapart.com\/magazine\/ca\/wp-json\/wp\/v2\/comments?post=534"}],"version-history":[{"count":4,"href":"https:\/\/www.monapart.com\/magazine\/ca\/wp-json\/wp\/v2\/posts\/534\/revisions"}],"predecessor-version":[{"id":17872,"href":"https:\/\/www.monapart.com\/magazine\/ca\/wp-json\/wp\/v2\/posts\/534\/revisions\/17872"}],"wp:featuredmedia":[{"embeddable":true,"href":"https:\/\/www.monapart.com\/magazine\/ca\/wp-json\/wp\/v2\/media\/535"}],"wp:attachment":[{"href":"https:\/\/www.monapart.com\/magazine\/ca\/wp-json\/wp\/v2\/media?parent=534"}],"wp:term":[{"taxonomy":"category","embeddable":true,"href":"https:\/\/www.monapart.com\/magazine\/ca\/wp-json\/wp\/v2\/categories?post=534"},{"taxonomy":"post_tag","embeddable":true,"href":"https:\/\/www.monapart.com\/magazine\/ca\/wp-json\/wp\/v2\/tags?post=534"}],"curies":[{"name":"wp","href":"https:\/\/api.w.org\/{rel}","templated":true}]}}