{"id":532,"date":"2015-09-10T17:24:59","date_gmt":"2015-09-10T15:24:59","guid":{"rendered":"https:\/\/www.monapart.com\/magazine\/?p=532"},"modified":"2025-07-03T11:47:33","modified_gmt":"2025-07-03T09:47:33","slug":"monapart-participa-al-iv-mercat-de-disseny-dalacant","status":"publish","type":"post","link":"https:\/\/www.monapart.com\/magazine\/ca\/noticias\/monapart-participa-en-el-iv-mercado-de-diseno-de-alicante","title":{"rendered":"Monapart participa al IV Mercat de Disseny d&#039;Alacant"},"content":{"rendered":"<h1 class=\"wp-block-heading\">Monapart participa al IV Mercat de Disseny d&#039;Alacant<\/h1>\n\n\n\n<h2 class=\"wp-block-heading\">Per segona vegada consecutiva, <a href=\"\/magazine\/ca\/node\/4\/\">Monapart Alacant<\/a> estar\u00e0 present al <a href=\"http:\/\/www.mercadodise\u00f1oalicante.es\/\" target=\"_blank\" rel=\"noreferrer noopener\"><strong>Mercat Disseny Alacant<\/strong><\/a> que celebra la seva quarta edici\u00f3 els dies 11, 12 i 13 de setembre al recinte de <a href=\"http:\/\/www.cigarreras.es\/\" target=\"_blank\" rel=\"noreferrer noopener\">Les Cigarreres Centre Cultural<\/a> (c\/ Sant Carles 78).<\/h2>\n\n\n<div class='post-info'>10 de setembre de 2015 per <a href=\"https:\/\/www.monapart.com\/magazine\/ca\/autor\/monapart\">Monapart<\/a><\/div>\n\n\n\n<figure class=\"wp-block-image\"><img decoding=\"async\" src=\"https:\/\/magazine.monapart.com\/sites\/default\/files\/mediabrowser\/iv-mercado-diseno-alicante_1_0.jpeg\" alt=\"Monapart participa en el IV Mercado de Dise\u00f1o de Alicante | Monapart \"\/><\/figure>\n\n\n\n<p>Aquesta nova edici\u00f3 segueix apostant pel <strong>disseny m\u00e9s innovador<\/strong> reunint la millor creativitat i talent que Alacant t&#039;ha d&#039;oferir, amb m\u00e9s de 30 propostes de tend\u00e8ncia. Professionals del disseny (moda, complements i mobiliari) compartiran espai amb creatius independents (artistes i il\u00b7lustradors) i amb petits artesans i nous creadors les obres dels quals s&#039;exposaran en un entorn immillorable.<\/p>\n\n\n\n<figure class=\"wp-block-image\"><img decoding=\"async\" src=\"https:\/\/magazine.monapart.com\/sites\/default\/files\/mediabrowser\/iv-mercado-diseno-alicante_2.png\" alt=\"Monapart participa en el IV Mercado de Dise\u00f1o de Alicante | Monapart \"\/><\/figure>\n\n\n\n<p>A m\u00e9s de rec\u00f3rrer els estands, els visitants tamb\u00e9 podran participar a tallers i gaudir de concerts i d&#039;una \u00e0mplia oferta gastron\u00f2mica gr\u00e0cies a <a href=\"https:\/\/www.facebook.com\/AlacantStreetFoodMarket\" target=\"_blank\" rel=\"noreferrer noopener\">Alacant Street Market<\/a> i els seus food-trucks amb ric menjar de carrer.<\/p>\n\n\n\n<figure class=\"wp-block-image\"><img decoding=\"async\" src=\"https:\/\/magazine.monapart.com\/sites\/default\/files\/mediabrowser\/iv-mercado-diseno-alicante_4.jpeg\" alt=\"Monapart participa en el IV Mercado de Dise\u00f1o de Alicante | Monapart \"\/><\/figure>\n\n\n\n<figure class=\"wp-block-image\"><img decoding=\"async\" src=\"https:\/\/magazine.monapart.com\/sites\/default\/files\/mediabrowser\/iv-mercado-diseno-alicante_3_0.jpeg\" alt=\"Monapart participa en el IV Mercado de Dise\u00f1o de Alicante | Monapart \"\/><\/figure>\n\n\n\n<p>T&#039;esperem al nostre estand Monapart, on Coch\u00e9 i V\u00edctor t&#039;explicaran per qu\u00e8 els apassionen les <strong>#habitatgesbonetes<\/strong> i t&#039;explicaran com et poden ajudar a vendre casa teva oa trobar-te la teva nova llar.<\/p>\n\n\n\n<p><\/p>","protected":false},"excerpt":{"rendered":"<p>Por segunda vez consecutiva, Monapart Alicante estar\u00e1 presente en el Mercado Dise\u00f1o Alicante que celebra su cuarta edici\u00f3n los d\u00edas 11, 12 y 13 de septiembre en el recinto de Las Cigarreras Centro Cultural (c\/ San Carlos 78).<\/p>","protected":false},"author":3,"featured_media":533,"comment_status":"closed","ping_status":"closed","sticky":false,"template":"","format":"standard","meta":{"_acf_changed":false,"footnotes":""},"categories":[2852,2854],"tags":[2950],"class_list":["post-532","post","type-post","status-publish","format-standard","has-post-thumbnail","hentry","category-noticias","category-actualidad","tag-alicante"],"acf":[],"_links":{"self":[{"href":"https:\/\/www.monapart.com\/magazine\/ca\/wp-json\/wp\/v2\/posts\/532","targetHints":{"allow":["GET"]}}],"collection":[{"href":"https:\/\/www.monapart.com\/magazine\/ca\/wp-json\/wp\/v2\/posts"}],"about":[{"href":"https:\/\/www.monapart.com\/magazine\/ca\/wp-json\/wp\/v2\/types\/post"}],"author":[{"embeddable":true,"href":"https:\/\/www.monapart.com\/magazine\/ca\/wp-json\/wp\/v2\/users\/3"}],"replies":[{"embeddable":true,"href":"https:\/\/www.monapart.com\/magazine\/ca\/wp-json\/wp\/v2\/comments?post=532"}],"version-history":[{"count":3,"href":"https:\/\/www.monapart.com\/magazine\/ca\/wp-json\/wp\/v2\/posts\/532\/revisions"}],"predecessor-version":[{"id":17875,"href":"https:\/\/www.monapart.com\/magazine\/ca\/wp-json\/wp\/v2\/posts\/532\/revisions\/17875"}],"wp:featuredmedia":[{"embeddable":true,"href":"https:\/\/www.monapart.com\/magazine\/ca\/wp-json\/wp\/v2\/media\/533"}],"wp:attachment":[{"href":"https:\/\/www.monapart.com\/magazine\/ca\/wp-json\/wp\/v2\/media?parent=532"}],"wp:term":[{"taxonomy":"category","embeddable":true,"href":"https:\/\/www.monapart.com\/magazine\/ca\/wp-json\/wp\/v2\/categories?post=532"},{"taxonomy":"post_tag","embeddable":true,"href":"https:\/\/www.monapart.com\/magazine\/ca\/wp-json\/wp\/v2\/tags?post=532"}],"curies":[{"name":"wp","href":"https:\/\/api.w.org\/{rel}","templated":true}]}}