{"id":524,"date":"2015-08-12T16:41:19","date_gmt":"2015-08-12T14:41:19","guid":{"rendered":"https:\/\/www.monapart.com\/magazine\/?p=524"},"modified":"2025-07-04T11:47:41","modified_gmt":"2025-07-04T09:47:41","slug":"monapart-barcelona-a-el-mati-a-radio-4","status":"publish","type":"post","link":"https:\/\/www.monapart.com\/magazine\/ca\/noticias\/monapart-barcelona-a-el-mati-a-radio-4","title":{"rendered":"Monapart Barcelona a El mat\u00ed a R\u00e0dio 4"},"content":{"rendered":"<h1 class=\"wp-block-heading\">Monapart Barcelona a El mat\u00ed a R\u00e0dio 4<\/h1>\n\n\n\n<h2 class=\"wp-block-heading\">Durant set setmanes al llarg de l&#8217;estiu 2015, podr\u00e0s escoltar durant 15\u2019 a Monapart Barcelona en el programa El Mat\u00ed a R\u00e0dio 4 de RNE, una secci\u00f3 on t\u2019oferirem consells immobiliaris, escenes de pelis amb tem\u00e0tica immobili\u00e0ria, les can\u00e7ons de la playlist #hipotecasypoes\u00eda i seguirem trencant #immomites un rere l&#8217;altre.<\/h2>\n\n\n<div class='post-info'>12 d&#039;agost del 2015 per <a href='https:\/\/www.monapart.com\/magazine\/ca\/autor\/monapart'>Monapart<\/a><\/div>\n\n\n\n<p>La primera vegada que Monapart va sortir per la r\u00e0dio, va ser al mes de n\u00e9ixer (primers de maig del 2010), gr\u00e0cies a una entrevista de la Ll\u00facia Ramis (@lluciaramis) per la <a href=\"\/magazine\/ca\/node\/717\/\" target=\"_blank\" rel=\"noreferrer noopener\">secci\u00f3 Objectes Perduts del programa Extraradi de Com R\u00e0dio<\/a>. Van haver de passar gaireb\u00e9 dos anys i mig per tornar a parlar davant del micr\u00f2fon, en una entrevista de la Xantal Llavina (@xantallavina) pel programa <a href=\"\/magazine\/ca\/node\/700\/\" target=\"_blank\" rel=\"noreferrer noopener\">El Directe 4 de R\u00e0dio 4 RNE<\/a>.<\/p>\n\n\n\n<p>En cap d\u2019aquestes ocasions ens pod\u00edem imaginar que durant l\u2019estiu del 2015, Monapart tindria una secci\u00f3 pr\u00f2pia dins del programa <a href=\"http:\/\/www.rtve.es\/alacarta\/audios\/el-mati-a-radio-4\/\" target=\"_blank\" rel=\"noreferrer noopener\">El mat\u00ed a R\u00e0dio 4<\/a> (@elmatiaradio4), dirigit per Ram\u00f3n Castell\u00f3 i presentat per Lorena del Amo (@lorena_amo) i Ana Mart\u00ednez (@anamartinezmed).<\/p>\n\n\n\n<figure class=\"wp-block-image\"><img decoding=\"async\" src=\"https:\/\/www.monapart.com\/sites\/default\/files\/styles\/scale_960x960_\/public\/mediabrowser\/monapart_a_r4_4_0.jpg?itok=kuOaahP2\" alt=\"Monapart Barcelona a El Mat\u00ed a R\u00e0dio 4 (RNE) | Monapart \"\/><\/figure>\n\n\n\n<p>Cada dimecres i durant set setmanes, des del 22 de juliol fins el 2 de setembre, podr\u00e0s escoltar durant 15\u2019 a Jos\u00e9 Luis Echeverr\u00eda (@jl_echeverria), Olga Sala (@olgasala_) i Eduard Sol\u00e9 (@eduardsolea) en una secci\u00f3 trencadora, on t\u2019oferirem consells immobiliaris, escoltar\u00e0s escenes de pelis amb tem\u00e0tica immobili\u00e0ria, les can\u00e7ons de la playlist #hipotecasypoes\u00eda i seguirem trencant <a href=\"\/magazine\/ca\/node\/686\/\" target=\"_blank\" rel=\"noreferrer noopener\">#immomites<\/a> un rere l&#8217;altre&#8230;<\/p>\n\n\n\n<figure class=\"wp-block-image\"><img decoding=\"async\" src=\"https:\/\/www.monapart.com\/sites\/default\/files\/styles\/scale_960x960_\/public\/mediabrowser\/rne_radio4_logo_0.png?itok=Ew-5MWfv\" alt=\"R\u00e0dio 4 RNE logotipo | Monapart \"\/><\/figure>\n\n\n\n<p>Atent monaparter perqu\u00e8 anirem compartint amb tu els podcast de cada secci\u00f3, per tal que no se t\u2019escapi res. Tamb\u00e9 pots fer-ne seguiment a trav\u00e9s de les nostres xarxes socials, busca el hashtag #monapartaR4.<\/p>\n\n\n\n<ul class=\"wp-block-list\">\n<li>\u200b<strong>Vols vendre casa teva? <\/strong>Vendre\u2019t una casa \u00e9s quelcom que fas molt poques vegades a la vida, sovint nom\u00e9s una. Quins consells donaries a alg\u00fa que s\u2019ha de vendre la seva casa?\u00a0L\u2019Eduard Sol\u00e9 et parlar\u00e0 de les 4 Ps del marketing (producte, preu, punt de venda i publicitat). <a href=\"http:\/\/mvod.lvlt.rtve.es\/resources\/TE_SMATIR4\/mp3\/8\/8\/1437578786588.mp3\" target=\"_blank\" rel=\"noreferrer noopener\">Podcast del dimecres 22 de juliol, minut 13<\/a>.<\/li>\n<\/ul>\n\n\n\n<figure class=\"wp-block-image\"><img decoding=\"async\" src=\"https:\/\/magazine.monapart.com\/sites\/default\/files\/mediabrowser\/monapart_a_r4_1_0.jpg\" alt=\"RNE | Monapart \"\/><\/figure>\n\n\n\n<ul class=\"wp-block-list\">\n<li><strong>Vols comprar-te una casa? <\/strong>Comprar una casa \u00e9s quelcom que fem molt poques vegades a la vida, sovint nom\u00e9s una. Quines coordenades ha de tenir clar\u00edssimes qui busca comprar un habitatge i que l\u2019ajudin en una tasca tant tit\u00e0nica?\u00a0L\u2019Eduard Sol\u00e9 t\u2019aconsella que primer tinguis clar quin pressupost tens, quin r\u00e8gim fiscal \u00e9s l\u2019aplicable, que estableixis unes estrat\u00e8gies de recerca acurades i quan ja hagis trobat el pis, plantegis una oferta raonable i raonada. <a href=\"http:\/\/mvod.lvlt.rtve.es\/resources\/TE_SMATIR4\/mp3\/0\/9\/1438173249790.mp3\" target=\"_blank\" rel=\"noreferrer noopener\">Podcast del dimecres 29 de juliol, minut 33<\/a>.<\/li>\n<\/ul>\n\n\n\n<figure class=\"wp-block-image\"><img decoding=\"async\" src=\"https:\/\/www.monapart.com\/sites\/default\/files\/styles\/scale_960x960_\/public\/mediabrowser\/monapart_a_r4_3_1.jpg?itok=X3uZLkdf\" alt=\"Eduard Sol\u00e9 de Monapart Barcelona a El Mat\u00ed a R\u00e0dio 4 (RNE) | Monapart \"\/><\/figure>\n\n\n\n<ul class=\"wp-block-list\">\n<li><strong>Busques pis per llogar?<\/strong> Buscar pis per llogar \u00e9s sovint una tasca tit\u00e0nica i on f\u00e0cilment et pots acabar desanimant pels zulos que t\u2019ensenyen a preus car\u00edssims&#8230; Com curar-se en salut? <a href=\"http:\/\/mvod.lvlt.rtve.es\/resources\/TE_SMATIR4\/mp3\/0\/5\/1438778416450.mp3\" target=\"_blank\" rel=\"noreferrer noopener\">Podcast del dimecres 5 d\u2019agost, minut 16<\/a>.<\/li>\n\n\n\n<li><strong>Vols llogar el teu pis?<\/strong> Quan poses el teu pis en lloguer hi ha certes coses que has de fer. Si vols que alg\u00fa vegi casa teva com una casa, el primer que has de fer \u00e9s que sembli una casa! <a href=\"http:\/\/mvod.lvlt.rtve.es\/resources\/TE_SMATIR4\/mp3\/8\/4\/1439382636448.mp3\" target=\"_blank\" rel=\"noreferrer noopener\">Podcast del dimecres 12 d\u2019agost, minut 15<\/a>.<\/li>\n\n\n\n<li><strong>No agencies.<\/strong> Moltes persones, quan s\u2019han de vendre el seu habitatge, defugen de les ag\u00e8ncies immobili\u00e0ries. Moltes vegades haur\u00e0s vist aquests cartells on est\u00e0 escrit amb negreta i lletres grans \u201cNO AGENCIAS\u201d, com defugin de la pesta. Et direm que molt sovint, al cap de poques setmanes, aquests particulars veuen que no \u00e9s tan senzill, que hi ha documentaci\u00f3 que s\u2019ha de preparar, no saben qu\u00e8 necessiten ni a quin preu posar el pis en venda&#8230;\u00a0El Jos\u00e9 Luis Echeverr\u00eda et dir\u00e0 per qu\u00e8 \u00e9s millor treballar en col\u00b7laboraci\u00f3 amb una ag\u00e8ncia immobili\u00e0ria que fer-ho pel teu compte. <a href=\"http:\/\/www.rtve.es\/alacarta\/audios\/el-mati-a-radio-4\/mati-r4-ed-estiu-198-12-13-2837197-2015-08-19t13-51-54000\/3251992\/#aHR0cDovL3d3dy5ydHZlLmVzL2FsYWNhcnRhL2ludGVybm8vY29udGVudHRhYmxlLnNodG1sP3BicT02Jm9yZGVyQ3JpdGVyaWE9REVTQyZtb2RsPVRPQyZsb2NhbGU9Y2EmcGFnZVNpemU9MTUmY3R4PTc5ODUxJmFkdlNlYXJjaE9wZW49ZmFsc2U=\" target=\"_blank\" rel=\"noreferrer noopener\">Podcast del dimecres 19 d\u2019agost, minut 15<\/a>.<\/li>\n<\/ul>\n\n\n\n<figure class=\"wp-block-image\"><img decoding=\"async\" src=\"https:\/\/www.monapart.com\/sites\/default\/files\/styles\/scale_960x960_\/public\/mediabrowser\/monapart_a_r4_2_0.jpg?itok=yLt_Yqu0\" alt=\"Monapart Barcelona a El Mat\u00ed a R\u00e0dio 4 (RNE) | Monapart \"\/><\/figure>\n\n\n\n<ul class=\"wp-block-list\">\n<li><strong>L\u2019exclussiva.<\/strong> La paraula exclussiva en el sector immobiliari \u00e9s una paraula temuda i que sempre va seguida de lletra petita i d\u2019un munt d\u2019explicacions&#8230;\u00a0El Jos\u00e9 Luis Echeverr\u00eda et deixar\u00e0 les coses clares, i et raonar\u00e0 per qu\u00e8 treballar en exclussiva \u00e9s sempre la millor opci\u00f3 si vols vendre el teu habitatge. <a href=\"http:\/\/www.rtve.es\/alacarta\/audios\/el-mati-a-radio-4\/mati-r4-268-12-13-2850754-2015-08-26t13-07-15000\/3258768\/\" target=\"_blank\" rel=\"noreferrer noopener\">Podcast del dimecres 26 d\u2019agost, minut 18<\/a>.<\/li>\n\n\n\n<li><strong>Els administradors de finques. <\/strong>Qui s\u00f3n? Qu\u00e8 fan? Vols posar en lloguer el teu pis, per\u00f2 no et vols encarregar de res. Una caldera que no va? Goteres? Problemes amb el cobrament dels rebuts? Si contractes un administrador de finques, ell s\u2019encarregar\u00e0 de tot i tu, de res. <a href=\"http:\/\/www.rtve.es\/alacarta\/audios\/el-mati-a-radio-4\/mati-radio-4-2-setembre-2015-4a-hora\/3266621\/\" target=\"_blank\" rel=\"noreferrer noopener\">Podcast del dimecres 2 de setembre, minut 11<\/a>.<\/li>\n<\/ul>\n\n\n\n<p><\/p>\n\n\n\n<p><\/p>","protected":false},"excerpt":{"rendered":"<p>Durant set setmanes al llarg de l&#8217;estiu 2015, podr\u00e0s escoltar durant 15\u2019 a Monapart Barcelona en el programa El Mat\u00ed a R\u00e0dio 4 de RNE, una secci\u00f3 on t\u2019oferirem consells immobiliaris, escenes de pelis amb tem\u00e0tica immobili\u00e0ria, les can\u00e7ons de la playlist #hipotecasypoes\u00eda i seguirem trencant #immomites un rere l&#8217;altre.<\/p>","protected":false},"author":3,"featured_media":525,"comment_status":"closed","ping_status":"closed","sticky":false,"template":"","format":"standard","meta":{"_acf_changed":false,"footnotes":""},"categories":[2852,2854],"tags":[3187],"class_list":["post-524","post","type-post","status-publish","format-standard","has-post-thumbnail","hentry","category-noticias","category-actualidad","tag-radio"],"acf":[],"_links":{"self":[{"href":"https:\/\/www.monapart.com\/magazine\/ca\/wp-json\/wp\/v2\/posts\/524","targetHints":{"allow":["GET"]}}],"collection":[{"href":"https:\/\/www.monapart.com\/magazine\/ca\/wp-json\/wp\/v2\/posts"}],"about":[{"href":"https:\/\/www.monapart.com\/magazine\/ca\/wp-json\/wp\/v2\/types\/post"}],"author":[{"embeddable":true,"href":"https:\/\/www.monapart.com\/magazine\/ca\/wp-json\/wp\/v2\/users\/3"}],"replies":[{"embeddable":true,"href":"https:\/\/www.monapart.com\/magazine\/ca\/wp-json\/wp\/v2\/comments?post=524"}],"version-history":[{"count":5,"href":"https:\/\/www.monapart.com\/magazine\/ca\/wp-json\/wp\/v2\/posts\/524\/revisions"}],"predecessor-version":[{"id":17893,"href":"https:\/\/www.monapart.com\/magazine\/ca\/wp-json\/wp\/v2\/posts\/524\/revisions\/17893"}],"wp:featuredmedia":[{"embeddable":true,"href":"https:\/\/www.monapart.com\/magazine\/ca\/wp-json\/wp\/v2\/media\/525"}],"wp:attachment":[{"href":"https:\/\/www.monapart.com\/magazine\/ca\/wp-json\/wp\/v2\/media?parent=524"}],"wp:term":[{"taxonomy":"category","embeddable":true,"href":"https:\/\/www.monapart.com\/magazine\/ca\/wp-json\/wp\/v2\/categories?post=524"},{"taxonomy":"post_tag","embeddable":true,"href":"https:\/\/www.monapart.com\/magazine\/ca\/wp-json\/wp\/v2\/tags?post=524"}],"curies":[{"name":"wp","href":"https:\/\/api.w.org\/{rel}","templated":true}]}}