{"id":516,"date":"2015-07-27T17:56:20","date_gmt":"2015-07-27T15:56:20","guid":{"rendered":"https:\/\/www.monapart.com\/magazine\/?p=516"},"modified":"2025-07-04T12:53:52","modified_gmt":"2025-07-04T10:53:52","slug":"nomes-cases-boniques-gracies","status":"publish","type":"post","link":"https:\/\/www.monapart.com\/magazine\/ca\/noticias\/solo-casas-bonitas-gracias","title":{"rendered":"Nom\u00e9s cases boniques, gr\u00e0cies"},"content":{"rendered":"<h1 class=\"wp-block-heading\">Nom\u00e9s cases boniques, gr\u00e0cies<\/h1>\n\n\n\n<h2 class=\"wp-block-heading\">La periodista Lara Carrasco publica un article al diari El Mundo sobre Monapart i escriu que som una immobili\u00e0ria per a un estil de vida que \u00fanicament ven i lloga habitatges amb una cosa especial, habitatges bonics.<\/h2>\n\n\n<div class='post-info'>27 de juliol de 2015 per <a href='https:\/\/www.monapart.com\/magazine\/ca\/autor\/monapart'>Monapart<\/a><\/div>\n\n\n\n<p><strong>El M\u00f3n<\/strong> | 27.07.2015 | LARA CARRASC<\/p>\n\n\n\n<p><a href=\"\/magazine\/ca\/node\/274\/\" target=\"_blank\" rel=\"noreferrer noopener\">Un habitatge constru\u00eft amb fusta situada al bell mig del Parc Natural de Collserola<\/a> (Barcelona), <a href=\"\/magazine\/ca\/node\/811\/\" target=\"_blank\" rel=\"noreferrer noopener\">una casa de disseny totalment reformada per l\u00b4arquitecte Antonio Forteza<\/a> -immoble que li va valer el Premi d&#039;Arquitectura de Mallorca-, <a href=\"\/magazine\/ca\/node\/568\/\" target=\"_blank\" rel=\"noreferrer noopener\">una propietat dom\u00f2tica que sembla estar dins del mar<\/a>, etc. Aquests s\u00f3n nom\u00e9s alguns exemples dels immobles que ofereix Monapart, una \u00ab<strong>immobili\u00e0ria per a un estil de vida<\/strong>\u00bb que \u00fanicament <strong>ven i lloga habitatges amb alguna cosa especial<\/strong> -\u00abuna mica m\u00e9s que quatre parets i un sostre\u00bb.<\/p>\n\n\n\n<figure class=\"wp-block-image\"><img decoding=\"async\" src=\"https:\/\/magazine.monapart.com\/sites\/default\/files\/mediabrowser\/solo-casas-bonitas-gracias_el-mundo-27.07.15.jpg\" alt=\"Nom\u00e9s cases boniques, gr\u00e0cies Monapart \"\/><\/figure>\n\n\n\n<p>Aquesta companyia immobili\u00e0ria sorgeix el 2009-2010 per donar resposta a un n\u00ednxol de mercat \u00abinfraservit\u00bb: el de <strong>els habitatges \u00abamb encant\u00bb<\/strong>. I qu\u00e8 \u00e9s tenir encant? Segons aquesta empresa, s\u00f3n cases que compten amb <strong>elements originals<\/strong> d&#039;inter\u00e8s est\u00e8tic, un <strong>disseny<\/strong> excepcional, que pertanyen a <strong>edificis catalogats<\/strong> o que estan en una <strong>ubicaci\u00f3 immillorable<\/strong>. \u00abAquest aparador\u00bb, especifiquen des d&#039;aquesta firma, \u00abno ha de tractar-se d&#039;una vivenda de luxe\u00bb. Aquest filtre, que posa en valor la iniciativa, fa que aquesta oferta limitada i especial sigui actualment de 55 immobles.<\/p>\n\n\n\n<blockquote class=\"wp-block-quote is-layout-flow wp-block-quote-is-layout-flow\">\n<p>Per comercialitzar-la, l&#039;habitatge ens ha d&#039;agradar i el propietari ha de confiar en els nostres consells<\/p>\n<\/blockquote>\n\n\n\n<p>Perqu\u00e8 un immoble passi a formar part del cat\u00e0leg de Monapart, segons detalla <strong>Jos\u00e9 Luis Echeverr\u00eda<\/strong>, soci fundador de l&#039;empresa, s&#039;han de donar dues condicions: \u00abL&#039;habitatge ens ha d&#039;agradar (segons el criteri i la sensibilitat educada dels nostres <strong>agents-arquitectes<\/strong>); i el propietari\/a ha de confiar en nosaltres i deixar-se assessorar\u00bb. \u00abEl <strong>sector immobiliari espanyol<\/strong>, desprestigiat i poc professionalitzat, ofereix un enorme recorregut de millora i innovaci\u00f3\u00bb, comenta per exal\u00e7ar el seu \u00e0mbit de treball.<\/p>\n\n\n\n<p>Entre els habitatges m\u00e9s destacats que maneja aquesta firma, a <strong>Barcelona<\/strong>, es pot trobar <a href=\"\/magazine\/ca\/node\/274\/\" target=\"_blank\" rel=\"noreferrer noopener\">una casa aixecada el 2006 seguint un sistema escandinau de construcci\u00f3 industrialitzada en fusta massissa i formig\u00f3 vist<\/a>. Aquest habitatge, ubicat al barri de Las Planas, est\u00e0 en un entorn immillorable, al Parc Natural de Collserola, i compta amb fant\u00e0stiques vistes a la muntanya.<\/p>\n\n\n\n<figure class=\"wp-block-image\"><img decoding=\"async\" src=\"https:\/\/magazine.monapart.com\/sites\/default\/files\/mediabrowser\/salon-casa-venta-pasaje_violer-les_planes-barcelona_3.jpg\" alt=\"Nom\u00e9s cases boniques, gr\u00e0cies Monapart \"\/><\/figure>\n\n\n\n<p>Una altra de les propietats especials d&#039;aquest taulell \u00e9s <a href=\"\/magazine\/ca\/node\/811\/\" target=\"_blank\" rel=\"noreferrer noopener\">un habitatge remodelat per l&#039;arquitecte Antonio Forteza i que ha estat el Premi d&#039;Arquitectura de Mallorca<\/a>. Aquest immoble destaca per la combinaci\u00f3 dels seus materials, on es barreja la base existent i el contemporani: fusta, ciment polit, ferro pintat, etc. A m\u00e9s, t\u00e9 unes vistes excepcionals al campanar del poble ia la muntanya.<\/p>\n\n\n\n<figure class=\"wp-block-image\"><img decoding=\"async\" src=\"https:\/\/magazine.monapart.com\/sites\/default\/files\/mediabrowser\/01_salon-casa-alquiler-carrer_de_sestany-randa-algaida_1.jpg\" alt=\"Nom\u00e9s cases boniques, gr\u00e0cies Monapart \"\/><\/figure>\n\n\n\n<p>En ple Passeig Mar\u00edtim, tamb\u00e9 a <strong>Palma<\/strong>, Monapart t\u00e9 a la venda <a href=\"\/magazine\/ca\/node\/281\/\" target=\"_blank\" rel=\"noreferrer noopener\">un \u00e0tic amb tres habitacions, balc\u00f3, terrassa, jard\u00ed, acabats amb materials de disseny<\/a>, etc. Totes les estades gaudeixen d\u00b4unes fant\u00e0stiques vistes a la Badia de Palma.<\/p>\n\n\n\n<figure class=\"wp-block-image\"><img decoding=\"async\" src=\"https:\/\/magazine.monapart.com\/sites\/default\/files\/mediabrowser\/salon-atico-venta-gabriel_roca-paseo_maritimo-palma_2.jpg\" alt=\"Nom\u00e9s cases boniques, gr\u00e0cies Monapart \"\/><\/figure>\n\n\n\n<p>Aquest aparador especial acull fins i tot propietats amb nom propi, com &#039;La Tortuga&#039;, un xalet de disseny original fet als anys 70 a El Campello (<strong>Alacant<\/strong>). L&#039;habitatge \u00e9s \u00fanic pels acabats i materials d&#039;origen, aix\u00ed com per les vistes al Mediterrani i la gran lluminositat.<\/p>\n\n\n\n<figure class=\"wp-block-image\"><img decoding=\"async\" src=\"https:\/\/magazine.monapart.com\/sites\/default\/files\/mediabrowser\/01_entrada-casa-venta-belgica-coveta_fuma-alicante_1.jpg\" alt=\"Nom\u00e9s cases boniques, gr\u00e0cies Monapart \"\/><\/figure>\n\n\n\n<p>Tamb\u00e9 a Alacant, es pot trobar <a href=\"\/magazine\/ca\/node\/568\/\" target=\"_blank\" rel=\"noreferrer noopener\">una casa adossada de tres plantes connectades per un ascensor individual<\/a>. L&#039;immoble compta amb un sistema dom\u00f2tic que automatitza l&#039;habitatge convertint-lo en &#039;intel\u00b7ligent&#039;. La seva situaci\u00f3 \u00e9s envejable, ja que es troba al <strong>Cap de les Hortes<\/strong>, davant de <strong>Cala Palmera<\/strong>, de manera que totes les estades tenen vistes al mar.<\/p>\n\n\n\n<figure class=\"wp-block-image\"><img decoding=\"async\" src=\"https:\/\/magazine.monapart.com\/sites\/default\/files\/mediabrowser\/01_salon-comedor-casa-venta-pez_espada-cala_palmera-cabo_huertas-alicante_1.jpg\" alt=\"Nom\u00e9s cases boniques, gr\u00e0cies Monapart \"\/><\/figure>\n\n\n\n<p>D&#039;altra banda, Monapart acull aquest acotat assortit de <strong>habitatges \u00abbonics\u00bb<\/strong> aportant com a valor afegit, juntament amb les dades objectives (metres, habitacions, etc.), <strong>unes descripcions que apel\u00b7len als intangibles i al seu aspecte m\u00e9s emocional<\/strong>. Per exemple: \u00abM?explica que la seva mare era dissenyadora d?interiors i gran aficionada al?art ia mi no em sorpr\u00e8n res. Els anys 70 ens van regalar molta arquitectura (de la bona) i aquests propietaris van saber donar la benvinguda al bon gust. El resultat \u00e9s aquesta casa al costat del mar anomenada La Tortuga\u00bb, descripci\u00f3 que es pot llegir a l&#039;anunci de la <strong>casa alacantina<\/strong>.<\/p>\n\n\n\n<p>Pots llegir la not\u00edcia original en aquest <a href=\"http:\/\/www.elmundo.es\/economia\/2015\/07\/27\/55a63aea22601dcb058b458d.html\" target=\"_blank\" rel=\"noreferrer noopener\">enlla\u00e7<\/a>.<\/p>","protected":false},"excerpt":{"rendered":"<p>La periodista Lara Carrasco publica un article al diari El Mundo sobre Monapart i escriu que som una immobili\u00e0ria per a un estil de vida que \u00fanicament ven i lloga habitatges amb una cosa especial, habitatges bonics.<\/p>","protected":false},"author":3,"featured_media":517,"comment_status":"closed","ping_status":"closed","sticky":false,"template":"","format":"standard","meta":{"_acf_changed":false,"footnotes":""},"categories":[2852,2853],"tags":[2905],"class_list":["post-516","post","type-post","status-publish","format-standard","has-post-thumbnail","hentry","category-noticias","category-hablan-de-nosotros","tag-prensa"],"acf":[],"_links":{"self":[{"href":"https:\/\/www.monapart.com\/magazine\/ca\/wp-json\/wp\/v2\/posts\/516","targetHints":{"allow":["GET"]}}],"collection":[{"href":"https:\/\/www.monapart.com\/magazine\/ca\/wp-json\/wp\/v2\/posts"}],"about":[{"href":"https:\/\/www.monapart.com\/magazine\/ca\/wp-json\/wp\/v2\/types\/post"}],"author":[{"embeddable":true,"href":"https:\/\/www.monapart.com\/magazine\/ca\/wp-json\/wp\/v2\/users\/3"}],"replies":[{"embeddable":true,"href":"https:\/\/www.monapart.com\/magazine\/ca\/wp-json\/wp\/v2\/comments?post=516"}],"version-history":[{"count":3,"href":"https:\/\/www.monapart.com\/magazine\/ca\/wp-json\/wp\/v2\/posts\/516\/revisions"}],"predecessor-version":[{"id":17907,"href":"https:\/\/www.monapart.com\/magazine\/ca\/wp-json\/wp\/v2\/posts\/516\/revisions\/17907"}],"wp:featuredmedia":[{"embeddable":true,"href":"https:\/\/www.monapart.com\/magazine\/ca\/wp-json\/wp\/v2\/media\/517"}],"wp:attachment":[{"href":"https:\/\/www.monapart.com\/magazine\/ca\/wp-json\/wp\/v2\/media?parent=516"}],"wp:term":[{"taxonomy":"category","embeddable":true,"href":"https:\/\/www.monapart.com\/magazine\/ca\/wp-json\/wp\/v2\/categories?post=516"},{"taxonomy":"post_tag","embeddable":true,"href":"https:\/\/www.monapart.com\/magazine\/ca\/wp-json\/wp\/v2\/tags?post=516"}],"curies":[{"name":"wp","href":"https:\/\/api.w.org\/{rel}","templated":true}]}}