{"id":464,"date":"2010-05-04T00:00:00","date_gmt":"2010-05-03T22:00:00","guid":{"rendered":"https:\/\/www.monapart.com\/magazine\/?p=464"},"modified":"2025-08-06T12:43:49","modified_gmt":"2025-08-06T10:43:49","slug":"monapart-a-com-radio","status":"publish","type":"post","link":"https:\/\/www.monapart.com\/magazine\/ca\/noticias\/monapart-a-com-radio","title":{"rendered":"Monapart a COM R\u00e0dio"},"content":{"rendered":"<h1 class=\"wp-block-heading\">Monapart a COM R\u00e0dio<\/h1>\n\n\n\n<h2 class=\"wp-block-heading\">La periodista Llucia Ramis entrevista als socis de <a href=\"https:\/\/www.monapart.com\/magazine\/ca\/\">Monapart<\/a> en la secci\u00f3 Objectes Perduts del programa Extraradi de COM R\u00e0dio condu\u00eft per la periodista i locutora Olga Vallejo.<\/h2>\n\n\n<div class='post-info'>4 de maig de 2010 por <a href='https:\/\/www.monapart.com\/magazine\/ca\/autor\/monapart'>Monapart<\/a><\/div>\n\n\n\n<p><strong>COM R\u00c0DIO<\/strong> | 04.05.2010 | Llucia Ramis i Olga Vallejo<\/p>\n\n\n\n<figure class=\"wp-block-image\"><img decoding=\"async\" src=\"https:\/\/magazine.monapart.com\/sites\/default\/files\/mediabrowser\/com_radio2.jpg\" alt=\"Monapart a COM R\u00e0dio | Monapart \"\/><\/figure>\n\n\n\n<p>Ahir dimarts es va emetre la nostra primera <strong>entrevista<\/strong> per la secci\u00f3 OBJECTES PERDUTS del programa EXTRARADI de<strong>&nbsp;<a href=\"http:\/\/www.comradio.com\" target=\"_blank\" rel=\"noreferrer noopener\">COM R\u00e0dio<\/a><\/strong>. Ens va agradar molt poder explicar en antena qu\u00e8 \u00e9s MONAPART, tot conversant i rient amb la responsable de la secci\u00f3, l&#8217; \u00abegosurfera\u00bb <strong>Llucia Ramis<\/strong>, i la que t\u00e9 \u00abel perm\u00eds de conducci\u00f3\u00bb, l&#8217;<strong>Olga Vallejo<\/strong>. Moltes gr\u00e0cies a les dues i a la resta de l&#8217;equip!<\/p>\n\n\n\n<p>Creiem que ens va sortir for\u00e7a b\u00e9 per ser la primera. Qu\u00e8 en penseu vosaltres?<\/p>\n\n\n\n<p><\/p>","protected":false},"excerpt":{"rendered":"<p>La periodista Llucia Ramis entrevista als socis de Monapart en la secci\u00f3 Objectes Perduts del programa Extraradi de COM R\u00e0dio condu\u00eft per la periodista i locutora Olga Vallejo.<\/p>","protected":false},"author":3,"featured_media":465,"comment_status":"closed","ping_status":"closed","sticky":false,"template":"","format":"standard","meta":{"_acf_changed":false,"footnotes":""},"categories":[2852,2853],"tags":[3187],"class_list":["post-464","post","type-post","status-publish","format-standard","has-post-thumbnail","hentry","category-noticias","category-hablan-de-nosotros","tag-radio"],"acf":[],"_links":{"self":[{"href":"https:\/\/www.monapart.com\/magazine\/ca\/wp-json\/wp\/v2\/posts\/464","targetHints":{"allow":["GET"]}}],"collection":[{"href":"https:\/\/www.monapart.com\/magazine\/ca\/wp-json\/wp\/v2\/posts"}],"about":[{"href":"https:\/\/www.monapart.com\/magazine\/ca\/wp-json\/wp\/v2\/types\/post"}],"author":[{"embeddable":true,"href":"https:\/\/www.monapart.com\/magazine\/ca\/wp-json\/wp\/v2\/users\/3"}],"replies":[{"embeddable":true,"href":"https:\/\/www.monapart.com\/magazine\/ca\/wp-json\/wp\/v2\/comments?post=464"}],"version-history":[{"count":6,"href":"https:\/\/www.monapart.com\/magazine\/ca\/wp-json\/wp\/v2\/posts\/464\/revisions"}],"predecessor-version":[{"id":18865,"href":"https:\/\/www.monapart.com\/magazine\/ca\/wp-json\/wp\/v2\/posts\/464\/revisions\/18865"}],"wp:featuredmedia":[{"embeddable":true,"href":"https:\/\/www.monapart.com\/magazine\/ca\/wp-json\/wp\/v2\/media\/465"}],"wp:attachment":[{"href":"https:\/\/www.monapart.com\/magazine\/ca\/wp-json\/wp\/v2\/media?parent=464"}],"wp:term":[{"taxonomy":"category","embeddable":true,"href":"https:\/\/www.monapart.com\/magazine\/ca\/wp-json\/wp\/v2\/categories?post=464"},{"taxonomy":"post_tag","embeddable":true,"href":"https:\/\/www.monapart.com\/magazine\/ca\/wp-json\/wp\/v2\/tags?post=464"}],"curies":[{"name":"wp","href":"https:\/\/api.w.org\/{rel}","templated":true}]}}