{"id":46,"date":"2012-03-31T14:59:09","date_gmt":"2012-03-31T12:59:09","guid":{"rendered":"https:\/\/www.monapart.com\/magazine\/?p=46"},"modified":"2025-08-01T12:57:44","modified_gmt":"2025-08-01T10:57:44","slug":"segon-aniversari-de-monapart","status":"publish","type":"post","link":"https:\/\/www.monapart.com\/magazine\/ca\/noticias\/segundo-aniversario-de-monapart","title":{"rendered":"Segon aniversari de Monapart"},"content":{"rendered":"<h1 class=\"wp-block-heading\">Segon aniversari de Monapart<\/h1>\n\n\n\n<h2 class=\"wp-block-heading\">31 de mar\u00e7 de 2010, Monapart is on\u2026 En aquests 2 anys de cam\u00ed al costat de vosaltres i ara que sou aqu\u00ed amb nosaltres, acompanya&#039;ns bufant les espelmes, tanca els ulls i demana un desig.<\/h2>\n\n\n<div class='post-info'>31 de mar\u00e7 de 2012 per <a href='https:\/\/www.monapart.com\/magazine\/ca\/autor\/monapart'>Monapart<\/a><\/div>\n\n\n\n<figure class=\"wp-block-image\"><img decoding=\"async\" src=\"https:\/\/magazine.monapart.com\/sites\/default\/files\/mediabrowser\/segundo-aniversario-de-monapart_0.jpg\" alt=\"Segon aniversari de Monapart | Monapart \"\/><\/figure>\n\n\n\n<p>31 de mar\u00e7 de 2010, Monapart \u00e9s on\u2026<\/p>\n\n\n\n<p>En aquests 2 anys de cam\u00ed al vostre costat, heu visitat la nostra web 96.505 persones, junts hem format una comunitat de 9.300 Monaparters, dones i homes de totes les edats, d&#039;aqu\u00ed i d&#039;all\u00e0, amb els quals hem compartit 51 coses, 26 persones, 49 llocs, 52 experi\u00e8ncies i 1 ciutat: Barcelona.<\/p>\n\n\n\n<p>Hem fet 1.152 visites a habitatges aut\u00e8ntics i al\u00b7lucinants de 73 clients diferents, a 10 districtes, 17 barris, 73 carrers, en dies de pluja, a primera hora del mat\u00ed ia \u00faltima tarda, a l&#039;hora de dinar, els dissabtes al mat\u00ed\u2026 de gener a desembre.<\/p>\n\n\n\n<p>I recordem el nom dels vostres nuvis i les vostres esposes, dels vostres fills, i el vostre gat, la varietat de ficus del vostre rebedor, el que esteu llegint aquesta nit, la s\u00e8rie de TV que us agrada, les sabatilles del Bar\u00e7a que atresoreu en secret sota la tauleta de nit\u2026 Ens dieu qu\u00e8 us agrada a Facebook, no us perdeu ni un sol post a la web ni deixeu un tweet per llegir\u2026 \u00c9s al\u00b7lucinant.<\/p>\n\n\n\n<p>De vegades coneixem el lloc que abandoneu i d&#039;altres on arribeu, de vegades coneixem tots dos (aix\u00f2 ens fa molta il\u00b7lusi\u00f3), o sigui, acceptem-ho, som fam\u00edlia.<\/p>\n\n\n\n<p>Per\u00f2 avui, ara que ets aqu\u00ed amb nosaltres, acompanya&#039;ns bufant les espelmes, tanca els ulls i demana un desig\u2026<\/p>\n\n\n\n<p>Nosaltres ho tenim clar.<\/p>\n\n\n\n<p>Complir-ne molts m\u00e9s al teu costat!<\/p>\n\n\n\n<figure class=\"wp-block-embed is-type-video is-provider-youtube wp-block-embed-youtube wp-embed-aspect-16-9 wp-has-aspect-ratio\"><div class=\"wp-block-embed__wrapper\">\n<iframe loading=\"lazy\" title=\"2n ANIVERSARI MONAPART\" width=\"500\" height=\"281\" src=\"https:\/\/www.youtube.com\/embed\/rx0kUzTzr7E?feature=oembed\" frameborder=\"0\" allow=\"accelerometer; autoplay; clipboard-write; encrypted-media; gyroscope; picture-in-picture; web-share\" referrerpolicy=\"strict-origin-when-cross-origin\" allowfullscreen><\/iframe>\n<\/div><\/figure>\n\n\n\n<p><\/p>","protected":false},"excerpt":{"rendered":"<p>31 de mar\u00e7 de 2010, Monapart is on\u2026 En aquests 2 anys de cam\u00ed al costat de vosaltres i ara que sou aqu\u00ed amb nosaltres, acompanya&#039;ns bufant les espelmes, tanca els ulls i demana un desig.<\/p>","protected":false},"author":3,"featured_media":47,"comment_status":"closed","ping_status":"closed","sticky":false,"template":"","format":"standard","meta":{"_acf_changed":false,"footnotes":""},"categories":[2852,2854],"tags":[2911],"class_list":["post-46","post","type-post","status-publish","format-standard","has-post-thumbnail","hentry","category-noticias","category-actualidad","tag-monaparty"],"acf":[],"_links":{"self":[{"href":"https:\/\/www.monapart.com\/magazine\/ca\/wp-json\/wp\/v2\/posts\/46","targetHints":{"allow":["GET"]}}],"collection":[{"href":"https:\/\/www.monapart.com\/magazine\/ca\/wp-json\/wp\/v2\/posts"}],"about":[{"href":"https:\/\/www.monapart.com\/magazine\/ca\/wp-json\/wp\/v2\/types\/post"}],"author":[{"embeddable":true,"href":"https:\/\/www.monapart.com\/magazine\/ca\/wp-json\/wp\/v2\/users\/3"}],"replies":[{"embeddable":true,"href":"https:\/\/www.monapart.com\/magazine\/ca\/wp-json\/wp\/v2\/comments?post=46"}],"version-history":[{"count":3,"href":"https:\/\/www.monapart.com\/magazine\/ca\/wp-json\/wp\/v2\/posts\/46\/revisions"}],"predecessor-version":[{"id":18584,"href":"https:\/\/www.monapart.com\/magazine\/ca\/wp-json\/wp\/v2\/posts\/46\/revisions\/18584"}],"wp:featuredmedia":[{"embeddable":true,"href":"https:\/\/www.monapart.com\/magazine\/ca\/wp-json\/wp\/v2\/media\/47"}],"wp:attachment":[{"href":"https:\/\/www.monapart.com\/magazine\/ca\/wp-json\/wp\/v2\/media?parent=46"}],"wp:term":[{"taxonomy":"category","embeddable":true,"href":"https:\/\/www.monapart.com\/magazine\/ca\/wp-json\/wp\/v2\/categories?post=46"},{"taxonomy":"post_tag","embeddable":true,"href":"https:\/\/www.monapart.com\/magazine\/ca\/wp-json\/wp\/v2\/tags?post=46"}],"curies":[{"name":"wp","href":"https:\/\/api.w.org\/{rel}","templated":true}]}}