{"id":458,"date":"2011-01-25T00:00:00","date_gmt":"2011-01-24T23:00:00","guid":{"rendered":"https:\/\/www.monapart.com\/magazine\/?p=458"},"modified":"2025-08-05T14:12:26","modified_gmt":"2025-08-05T12:12:26","slug":"el-barcelonins","status":"publish","type":"post","link":"https:\/\/www.monapart.com\/magazine\/ca\/noticias\/el-barcelones","title":{"rendered":"El futur ser\u00e0 postimmobiliari, o no ser\u00e0"},"content":{"rendered":"<h1 class=\"wp-block-heading\">El futur ser\u00e0 postimmobiliari, o no ser\u00e0 \u2013 Barcelon\u00e8s<\/h1>\n\n\n\n<h2 class=\"wp-block-heading\">\u00c9s un plaer que parlin de tu als mitjans, i m\u00e9s si \u00e9s gr\u00e0cies a Barcelon\u00e8s, una revista de refer\u00e8ncia i amb qu\u00e8 compartim mirada, i de la m\u00e0 del periodista Rub\u00e9n Pujol.<\/h2>\n\n\n<div class='post-info'>25 de gener de 2011 per <a href='https:\/\/www.monapart.com\/magazine\/ca\/autor\/monapart'>Monapart<\/a><\/div>\n\n\n\n<p><strong>EL BARCELON\u00c8S<\/strong> | 25.01.2011 | Rub\u00e9n Pujol<\/p>\n\n\n\n<p>De nou, l&#039;emoci\u00f3 <a href=\"https:\/\/www.monapart.com\/magazine\/ca\/\">que parlin d&#039;un.<\/a> Que s&#039;encenguin els focus i t&#039;il\u00b7luminin i et donin l&#039;espai i l&#039;atenci\u00f3 perqu\u00e8 t&#039;expliquis. \u00c9s un plaer, i m\u00e9s si \u00e9s gr\u00e0cies a <strong>Barcelon\u00e8s<\/strong>, una revista que seguim de prop i amb qu\u00e8 compartim mirada, i de la m\u00e0 de Rub\u00e9n Pujol.<\/p>\n\n\n\n<p>A ells devem aquest nou impacte als mitjans, aquest \u00faltim \u00abParlen de nosaltres\u00bb que esperem sigui el primer de muuuuuchos m\u00e9s. Ens esteu malacostumant!<\/p>\n\n\n\n<figure class=\"wp-block-image\"><img decoding=\"async\" src=\"https:\/\/www.monapart.com\/sites\/default\/files\/styles\/scale_960x960_\/public\/mediabrowser\/barcelones_-_25.01.2011.jpg?itok=9zkl6mlY\" alt=\"El futur ser\u00e0 postimmobiliari o no ser\u00e0 not\u00edcia publicada a la revista El Barcelon\u00e8s | Monapart\"\/><\/figure>\n\n\n\n<p><\/p>","protected":false},"excerpt":{"rendered":"<p>\u00c9s un plaer que parlin de tu als mitjans, i m\u00e9s si \u00e9s gr\u00e0cies a Barcelon\u00e8s, una revista de refer\u00e8ncia i amb qu\u00e8 compartim mirada, i de la m\u00e0 del periodista Rub\u00e9n Pujol.<\/p>","protected":false},"author":3,"featured_media":459,"comment_status":"closed","ping_status":"closed","sticky":false,"template":"","format":"standard","meta":{"_acf_changed":false,"footnotes":""},"categories":[2852,2853],"tags":[2905],"class_list":["post-458","post","type-post","status-publish","format-standard","has-post-thumbnail","hentry","category-noticias","category-hablan-de-nosotros","tag-prensa"],"acf":[],"_links":{"self":[{"href":"https:\/\/www.monapart.com\/magazine\/ca\/wp-json\/wp\/v2\/posts\/458","targetHints":{"allow":["GET"]}}],"collection":[{"href":"https:\/\/www.monapart.com\/magazine\/ca\/wp-json\/wp\/v2\/posts"}],"about":[{"href":"https:\/\/www.monapart.com\/magazine\/ca\/wp-json\/wp\/v2\/types\/post"}],"author":[{"embeddable":true,"href":"https:\/\/www.monapart.com\/magazine\/ca\/wp-json\/wp\/v2\/users\/3"}],"replies":[{"embeddable":true,"href":"https:\/\/www.monapart.com\/magazine\/ca\/wp-json\/wp\/v2\/comments?post=458"}],"version-history":[{"count":8,"href":"https:\/\/www.monapart.com\/magazine\/ca\/wp-json\/wp\/v2\/posts\/458\/revisions"}],"predecessor-version":[{"id":18758,"href":"https:\/\/www.monapart.com\/magazine\/ca\/wp-json\/wp\/v2\/posts\/458\/revisions\/18758"}],"wp:featuredmedia":[{"embeddable":true,"href":"https:\/\/www.monapart.com\/magazine\/ca\/wp-json\/wp\/v2\/media\/459"}],"wp:attachment":[{"href":"https:\/\/www.monapart.com\/magazine\/ca\/wp-json\/wp\/v2\/media?parent=458"}],"wp:term":[{"taxonomy":"category","embeddable":true,"href":"https:\/\/www.monapart.com\/magazine\/ca\/wp-json\/wp\/v2\/categories?post=458"},{"taxonomy":"post_tag","embeddable":true,"href":"https:\/\/www.monapart.com\/magazine\/ca\/wp-json\/wp\/v2\/tags?post=458"}],"curies":[{"name":"wp","href":"https:\/\/api.w.org\/{rel}","templated":true}]}}