{"id":444,"date":"2012-10-04T00:00:00","date_gmt":"2012-10-03T22:00:00","guid":{"rendered":"https:\/\/www.monapart.com\/magazine\/?p=444"},"modified":"2025-07-31T11:34:17","modified_gmt":"2025-07-31T09:34:17","slug":"monapart-al-directe-4-de-radio-4","status":"publish","type":"post","link":"https:\/\/www.monapart.com\/magazine\/ca\/noticias\/monapart-al-directe-4-de-radio-4","title":{"rendered":"Monapart al Directe 4 de R\u00e0dio 4"},"content":{"rendered":"<h1 class=\"wp-block-heading\">Monapart al Directe 4 de R\u00e0dio 4<\/h1>\n\n\n\n<h2 class=\"wp-block-heading\">A finals de setembre Monapart va participar en la secci\u00f3 Jard\u00ed 4.0 del programa Directe 4.0 de R\u00e0dio 4 dirigit per la periodista Xantall Llavina. En el programa vam poder explicar qu\u00e9 \u00e9s una post-immobili\u00e0ria i en qu\u00e9 es difer\u00e8ncia la nostra empresa.<\/h2>\n\n\n<div class='post-info'>4 d'octubre de 2012 por <a href='https:\/\/www.monapart.com\/magazine\/ca\/autor\/monapart'>Monapart<\/a><\/div>\n\n\n\n<p>A finals de setembre, vam poder explicar <strong>el projecte MONAPART a la secci\u00f3 JARDI 4.0 del programa DIRECTE 4.0 de <a href=\"http:\/\/www.rtve.es\/radio\/20110630\/directe\/444701.shtml\" target=\"_blank\" rel=\"noreferrer noopener\">R\u00e0dio 4<\/a><\/strong>. L&#8217;Eduard, l&#8217;Olga i la Sandra van explicar a la Xantall Llavina i a la Laura Cal\u00e7ada que \u00e9s una post-immobili\u00e0ria i van oferir unes breus pinzellades del que ha estat el nou projecte d&#8217;enguany: Monapart Living, la tenda online dels productes dom\u00e8stics supernormals.<\/p>\n\n\n<div class=\"wp-block-image\">\n<figure class=\"aligncenter is-resized\"><img decoding=\"async\" src=\"https:\/\/magazine.monapart.com\/sites\/default\/files\/mediabrowser\/radio-4-mitjans.jpg\" alt=\"Monapart al Directe 4 de R\u00e0dio 4 |\u00a0Monapart \" style=\"width:550px;height:auto\"\/><\/figure>\n<\/div>\n\n\n<p>Monapart, la primera post-immobili\u00e0ria, \u00e9s una empresa que neix de les cendres del sector immobiliari. \u00c9s un model de negoci diferent, emp\u00e0tic, que ofereix un servei d&#8217;acompanyament a les persones que estimen els habitatges per tal que el proc\u00e9s de compra, lloguer o venda sigui un proc\u00e9s feli\u00e7. Al final, Monapart \u00e9s un estil de vida, que t\u00e9 en l&#8217;habitatge la seva primera expressi\u00f3, per\u00f2 no la darrera. Per aix\u00f2, si fins ara ha comercialitzat habitatges aut\u00e8ntics i al\u00b7lucinants, el continent, ha arribat el moment d&#8217;oferir tamb\u00e9 el contingut, tot all\u00f2 que les converteix en les llars que tant els agraden.<\/p>\n\n\n\n<p>Si vols escoltar l&#8217;entrevista, clica <a href=\"http:\/\/www.rtve.es\/alacarta\/audios\/directe-40\/directe-40-cuina-40-fes-rest-jardi-40-punt-avui\/1536916\/#aHR0cDovL3d3dy5ydHZlLmVzL2FsYWNhcnRhL2ludGVybm8vY29udGVudHRhYmxlLnNodG1sP2N0eD00ODU1MSZwYWdlU2l6ZT0xNSZvcmRlcj0mb3JkZXJDcml0ZXJpYT0mbG9jYWxlPWNhJmFkdlNlYXJjaE9wZW49dHJ1ZSZ0aXRsZUZpbHRlcj0mbW9udGhGaWx0ZXI9OSZ5ZWFyRmlsdGVyPTIwMTImdHlwZUZpbHRlcj0mPXVuZGVmaW5lZCY=\" target=\"_blank\" rel=\"noreferrer noopener\">aqu\u00ed<\/a> (minut 47:07).<\/p>\n\n\n\n<p><\/p>","protected":false},"excerpt":{"rendered":"<p>A finals de setembre Monapart va participar en la secci\u00f3 Jard\u00ed 4.0 del programa Directe 4.0 de R\u00e0dio 4 dirigit per la periodista Xantall Llavina. En el programa vam poder explicar qu\u00e9 \u00e9s una post-immobili\u00e0ria i en qu\u00e9 es difer\u00e8ncia la nostra empresa.<\/p>","protected":false},"author":3,"featured_media":445,"comment_status":"closed","ping_status":"closed","sticky":false,"template":"","format":"standard","meta":{"_acf_changed":false,"footnotes":""},"categories":[2852,2853],"tags":[3187],"class_list":["post-444","post","type-post","status-publish","format-standard","has-post-thumbnail","hentry","category-noticias","category-hablan-de-nosotros","tag-radio"],"acf":[],"_links":{"self":[{"href":"https:\/\/www.monapart.com\/magazine\/ca\/wp-json\/wp\/v2\/posts\/444","targetHints":{"allow":["GET"]}}],"collection":[{"href":"https:\/\/www.monapart.com\/magazine\/ca\/wp-json\/wp\/v2\/posts"}],"about":[{"href":"https:\/\/www.monapart.com\/magazine\/ca\/wp-json\/wp\/v2\/types\/post"}],"author":[{"embeddable":true,"href":"https:\/\/www.monapart.com\/magazine\/ca\/wp-json\/wp\/v2\/users\/3"}],"replies":[{"embeddable":true,"href":"https:\/\/www.monapart.com\/magazine\/ca\/wp-json\/wp\/v2\/comments?post=444"}],"version-history":[{"count":4,"href":"https:\/\/www.monapart.com\/magazine\/ca\/wp-json\/wp\/v2\/posts\/444\/revisions"}],"predecessor-version":[{"id":18518,"href":"https:\/\/www.monapart.com\/magazine\/ca\/wp-json\/wp\/v2\/posts\/444\/revisions\/18518"}],"wp:featuredmedia":[{"embeddable":true,"href":"https:\/\/www.monapart.com\/magazine\/ca\/wp-json\/wp\/v2\/media\/445"}],"wp:attachment":[{"href":"https:\/\/www.monapart.com\/magazine\/ca\/wp-json\/wp\/v2\/media?parent=444"}],"wp:term":[{"taxonomy":"category","embeddable":true,"href":"https:\/\/www.monapart.com\/magazine\/ca\/wp-json\/wp\/v2\/categories?post=444"},{"taxonomy":"post_tag","embeddable":true,"href":"https:\/\/www.monapart.com\/magazine\/ca\/wp-json\/wp\/v2\/tags?post=444"}],"curies":[{"name":"wp","href":"https:\/\/api.w.org\/{rel}","templated":true}]}}