{"id":440,"date":"2012-05-07T00:00:00","date_gmt":"2012-05-06T22:00:00","guid":{"rendered":"https:\/\/www.monapart.com\/magazine\/?p=440"},"modified":"2025-08-01T11:52:55","modified_gmt":"2025-08-01T09:52:55","slug":"una-casa-bonica-que-busca-amos","status":"publish","type":"post","link":"https:\/\/www.monapart.com\/magazine\/ca\/noticias\/una-casa-bonita-que-busca-duenos","title":{"rendered":"Una casa bonica que cerca amos"},"content":{"rendered":"<h1 class=\"wp-block-heading\">Una casa bonica que cerca amos<\/h1>\n\n\n\n<h2 class=\"wp-block-heading\">El bloc Decoraci\u00f3 de cuines parla de <a href=\"https:\/\/www.monapart.com\/magazine\/ca\/\">Monapart<\/a> i dels seus habitatges bonics. El post defineix Monapart com una web on pots trobar cases que inspiren i on es relaten hist\u00f2ries amb final feli\u00e7.<\/h2>\n\n\n<div class='post-info'>7 de maig de 2012 per <a href='https:\/\/www.monapart.com\/magazine\/ca\/autor\/monapart'>Monapart<\/a><\/div>\n\n\n\n<p><strong>DECORACI\u00d3 DE CUINES<\/strong> | 07.05.2012 | Anabel<\/p>\n\n\n\n<figure class=\"wp-block-image\"><img decoding=\"async\" src=\"https:\/\/magazine.monapart.com\/sites\/default\/files\/mediabrowser\/una_casa_bonita_que_busca_duenos-decoracion_de_cocinas_070512.png\" alt=\"Una casa bonica que cerca amos | Monapart \"\/><\/figure>\n\n\n\n<p>Les cases que ens serveixen d&#039;inspiraci\u00f3 gr\u00e0cies al bon gust dels amos en temes de decoraci\u00f3, no s&#039;assemblen gens a les fotografies d&#039;aquelles cases que es lloguen o estan a la venda. S\u00f3n fotografies que no v\u00e9nen de gust tornar a veure, ja que no mostren res memorable.<\/p>\n\n\n\n<p>Des de Barcelona ens arriba Monapart, que \u00e9s una p\u00e0gina on podr\u00e0s trobar <strong>cases que inspiren<\/strong>, expliquen hist\u00f2ries amb final feli\u00e7 i fins i tot potser alguna l&#039;has vist en un dels teus somnis. Fer les coses b\u00e9, no costa tant.<\/p>\n\n\n\n<p>Despr\u00e9s de rec\u00f3rrer-me la p\u00e0gina de dalt a baix, en vaig trobar una <a href=\"\/magazine\/ca\/node\/117\/\" target=\"_blank\" rel=\"noreferrer noopener\">casa<\/a> al barri g\u00f2tic de Barcelona la distribuci\u00f3 del qual es regeix pel pati central de l&#039;habitatge. Un ampli pati, tres dormitoris, un despatx i un bany.<\/p>\n\n\n\n<figure class=\"wp-block-image\"><img decoding=\"async\" src=\"https:\/\/magazine.monapart.com\/sites\/default\/files\/mediabrowser\/piso-comedor_cocina_2-gotic-barcelona.jpg\" alt=\"Una casa bonica que cerca amos | Monapart \"\/><\/figure>\n\n\n\n<figure class=\"wp-block-image\"><img decoding=\"async\" src=\"https:\/\/magazine.monapart.com\/sites\/default\/files\/mediabrowser\/piso-terraza-gotic-barcelona.jpg\" alt=\"Una casa bonica que cerca amos | Monapart \"\/><\/figure>\n\n\n\n<p>En una casa que es comuniquen totes les habitacions \u00e9s dif\u00edcil aconseguir que cada decoraci\u00f3 convisqui sense que xoquin les unes amb les altres. Per aix\u00f2 m&#039;ha semblat molt interessant com integrar la cuina en aquest conjunt.<\/p>\n\n\n\n<figure class=\"wp-block-image\"><img decoding=\"async\" src=\"https:\/\/magazine.monapart.com\/sites\/default\/files\/mediabrowser\/piso-comedor_cocina_1-gotic-barcelona.jpg\" alt=\"Una casa bonica que cerca amos | Monapart \"\/><\/figure>\n\n\n\n<p>La cuina i el menjador comparteixen el mateix espai, per\u00f2 per delimitar-lo amb la resta de la casa s&#039;ha jugat amb el terra, col\u00b7locant en aquesta zona una superf\u00edcie m\u00e9s plana i amb un to blav\u00f3s. La cuina ocupa tota la paret de la dreta, arribant les prestatgeries fins a tocar el sostre. En tenir una mica de sostre descobert, les portes dels armaris s\u00f3n de fusta clara i, es combina amb un gris de fons a la paret, gaireb\u00e9 de formig\u00f3.<\/p>\n\n\n\n<figure class=\"wp-block-image\"><img decoding=\"async\" src=\"https:\/\/magazine.monapart.com\/sites\/default\/files\/mediabrowser\/piso-despacho-gotic-barcelona.jpg\" alt=\"Una casa bonica que cerca amos | Monapart \"\/><\/figure>\n\n\n\n<p>El pis ha estat reestructurat, i nom\u00e9s cal veure el terra per adonar-se dels canvis de rajoles hidr\u00e0uliques de cada habitaci\u00f3, ara units a la sala d&#039;estar.<\/p>\n\n\n\n<p><\/p>\n\n\n\n<p><\/p>","protected":false},"excerpt":{"rendered":"<p>El bloc Decoraci\u00f3 de cuines parla de Monapart i dels seus habitatges bonics. El post defineix Monapart com una web on pots trobar cases que inspiren i on es relaten hist\u00f2ries amb final feli\u00e7.<\/p>","protected":false},"author":3,"featured_media":441,"comment_status":"closed","ping_status":"closed","sticky":false,"template":"","format":"standard","meta":{"_acf_changed":false,"footnotes":""},"categories":[2852,2853],"tags":[3284],"class_list":["post-440","post","type-post","status-publish","format-standard","has-post-thumbnail","hentry","category-noticias","category-hablan-de-nosotros","tag-blog"],"acf":[],"_links":{"self":[{"href":"https:\/\/www.monapart.com\/magazine\/ca\/wp-json\/wp\/v2\/posts\/440","targetHints":{"allow":["GET"]}}],"collection":[{"href":"https:\/\/www.monapart.com\/magazine\/ca\/wp-json\/wp\/v2\/posts"}],"about":[{"href":"https:\/\/www.monapart.com\/magazine\/ca\/wp-json\/wp\/v2\/types\/post"}],"author":[{"embeddable":true,"href":"https:\/\/www.monapart.com\/magazine\/ca\/wp-json\/wp\/v2\/users\/3"}],"replies":[{"embeddable":true,"href":"https:\/\/www.monapart.com\/magazine\/ca\/wp-json\/wp\/v2\/comments?post=440"}],"version-history":[{"count":5,"href":"https:\/\/www.monapart.com\/magazine\/ca\/wp-json\/wp\/v2\/posts\/440\/revisions"}],"predecessor-version":[{"id":18563,"href":"https:\/\/www.monapart.com\/magazine\/ca\/wp-json\/wp\/v2\/posts\/440\/revisions\/18563"}],"wp:featuredmedia":[{"embeddable":true,"href":"https:\/\/www.monapart.com\/magazine\/ca\/wp-json\/wp\/v2\/media\/441"}],"wp:attachment":[{"href":"https:\/\/www.monapart.com\/magazine\/ca\/wp-json\/wp\/v2\/media?parent=440"}],"wp:term":[{"taxonomy":"category","embeddable":true,"href":"https:\/\/www.monapart.com\/magazine\/ca\/wp-json\/wp\/v2\/categories?post=440"},{"taxonomy":"post_tag","embeddable":true,"href":"https:\/\/www.monapart.com\/magazine\/ca\/wp-json\/wp\/v2\/tags?post=440"}],"curies":[{"name":"wp","href":"https:\/\/api.w.org\/{rel}","templated":true}]}}